{"id":455537,"date":"2025-10-11T17:31:11","date_gmt":"2025-10-11T17:31:11","guid":{"rendered":"https:\/\/www.europesays.com\/fr\/455537\/"},"modified":"2025-10-11T17:31:11","modified_gmt":"2025-10-11T17:31:11","slug":"france-musique-est-a-vous-du-samedi-11-octobre-2025","status":"publish","type":"post","link":"https:\/\/www.europesays.com\/fr\/455537\/","title":{"rendered":"France Musique est \u00e0 vous du samedi 11 octobre 2025"},"content":{"rendered":"<p>Partagez avec nous vos coups de c\u0153ur musicaux\u00a0!<\/p>\n<p class=\"PopSlotParagraph qg-tx2 qg-xtra-lh svelte-1r0pyek\"><strong>&#8211; Par \u00e9crit<\/strong>\u00a0: via e-mail\u00a0\u00e0 l&rsquo;adresse\u00a0<a href=\"https:\/\/www.radiofrance.fr\/francemusique\/podcasts\/france-musique-est-a-vous\/mailto:francemusiqueestavous@radiofrance.com\" class=\"\" data-testid=\"link\" rel=\"nofollow noopener\" target=\"_blank\"><strong>francemusiqueestavous@radiofrance.com<\/strong><\/a>\u00a0ou sur les\u00a0<strong>r\u00e9seaux sociaux<\/strong>\u00a0(<a href=\"https:\/\/twitter.com\/francemusique?ref_src=twsrc%255Egoogle%257Ctwcamp%255Eserp%257Ctwgr%255Eauthor\" target=\"_blank\" rel=\"noopener noreferrer nofollow\" class=\"\" data-testid=\"link\">Twitter<\/a><a href=\"https:\/\/twitter.com\/francemusique\" target=\"_blank\" rel=\"noopener noreferrer nofollow\" class=\"\" data-testid=\"link\">,<\/a><a href=\"https:\/\/www.instagram.com\/francemusique\/?hl=fr\" target=\"_blank\" rel=\"noopener noreferrer nofollow\" class=\"\" data-testid=\"link\">Instagram<\/a>\u00a0et\u00a0<a href=\"https:\/\/www.facebook.com\/FranceMusique\/\" target=\"_blank\" rel=\"noopener noreferrer nofollow\" class=\"\" data-testid=\"link\">Facebook<\/a>\u00a0)<br \/><strong>&#8211; Par message vocal<\/strong>\u00a0sur notre r\u00e9pondeur\u00a0t\u00e9l\u00e9phonique au\u00a0<strong>01 56 40 66 40<\/strong>\u00a0(ou sur un dictaphone pour nous l&rsquo;adresser par e-mail). Dans ce message vous pouvez \u00e9voquer la raison de votre choix musical, les \u00e9motions\/ressentis que vous procure l&rsquo;\u0153uvre ou tout simplement nous partager vos r\u00e9actions \u00e0 propos de notre \u00e9mission<\/p>\n<p> Au programme de ce samedi 11 octobre 2025 :<\/p>\n<ul>\n<li>6h50 &amp; 8h15 :\u00a0<strong>Le Jeu &#8211;<\/strong>\u00a0Tentez de gagner deux places pour la\u00a0com\u00e9die musicale\u00a0\u00ab\u00a0Les Producteurs\u00a0\u00bb au Th\u00e9\u00e2tre de Paris<\/li>\n<li>7h20 :\u00a0<strong>Samedi \u00e0 l&rsquo;Op\u00e9ra<\/strong>\u00a0&#8211; Une soir\u00e9e consacr\u00e9e \u00e0 Luciano\u00a0<strong>Pavarotti<\/strong> pour les 90 ans de sa naissance, pr\u00e9sent\u00e9 par Judith Chaine<\/li>\n<li>7h40 :\u00a0<strong>Au fil de l&rsquo;a<\/strong>c<strong>tu<\/strong>\u00a0&#8211; Avec\u00a0<strong>Keyvan Chemirani<\/strong><\/li>\n<li>7h50 :\u00a0<strong>Maxxi Classique<\/strong>\u00a0par Max Dozolme &#8211; 1998 :\u00a0<strong>Aretha Franklin<\/strong> remplace <strong>Luciano Pavarotti<\/strong> au pied lev\u00e9<\/li>\n<li>8h01 :\u00a0<strong>Le Zap<\/strong><\/li>\n<li>8h30 :\u00a0<strong>FMEAV Junior<\/strong><\/li>\n<\/ul>\n<p>\ud83c\udfb2Le jeu<\/p>\n<p class=\"PopSlotParagraph qg-tx2 qg-xtra-lh svelte-1r0pyek\">Tentez de gagner deux places pour la com\u00e9die musciale \u00ab\u00a0Les Producteurs\u00a0\u00bb de <strong>Mel Brooks,<\/strong>\u00a0dans une mise en sc\u00e8ne de <strong>Alexis Michalik,<\/strong> au Th\u00e9\u00e2tre de Paris.<br \/>Envoyez-nous vos r\u00e9ponses \u00e0 l&rsquo;adresse mail de l&rsquo;\u00e9mission\u00a0:\u00a0<a href=\"https:\/\/www.radiofrance.fr\/francemusique\/podcasts\/france-musique-est-a-vous\/mailto:Francemusiqueestavous@radiofrance.com\" class=\"\" data-testid=\"link\" rel=\"nofollow noopener\" target=\"_blank\">Francemusiqueestavous@radiofrance.com<\/a>\u00a0!<\/p>\n<p> \ud83c\udfbc Samedi \u00e0 l&rsquo;op\u00e9ra<\/p>\n<p class=\"PopSlotParagraph qg-tx2 qg-xtra-lh svelte-1r0pyek\">Soir\u00e9e sp\u00e9ciale ce samedi, puisqu&rsquo;elle est consacr\u00e9e \u00e0 un seul homme, le grand t\u00e9nor Luciano\u00a0<strong>Pavarotti<\/strong>, qui aurait f\u00eat\u00e9 ses 90 ans ce 12 octobre.<\/p>\n<p> \ud83d\udcfa\u00a0Maestro sur Arte<\/p>\n<p class=\"PopSlotParagraph qg-tx2 qg-xtra-lh svelte-1r0pyek\"><a href=\"https:\/\/www.arte.tv\/fr\/videos\/127046-000-A\/concert-de-l-opera-de-vienne\/\" target=\"_blank\" rel=\"noopener noreferrer nofollow\" class=\"\" data-testid=\"link\">Ce dimanche 12 octobre, \u00e0 18h10 sur Arte, en partenariat avec France Musique, regardez\u00a0: Concert de l&rsquo;Op\u00e9ra de Vienne<\/a><\/p>\n<p class=\"PopSlotParagraph qg-tx2 qg-xtra-lh svelte-1r0pyek\">En mars 1945, un bombardement am\u00e9ricain d\u00e9truisait l&rsquo;op\u00e9ra de Vienne. Reb\u00e2ti dix ans plus tard, il c\u00e9l\u00e8bre aujourd&rsquo;hui le 70e anniversaire de sa r\u00e9ouverture. \u00c0 cette occasion, la fameuse institution lyrique organise un grand concert de plein air dans l&rsquo;\u00e9crin de verdure du Burggarten, afin d&rsquo;inaugurer sa nouvelle saison. Au programme\u00a0: des airs de Puccini, Gounod, Bizet ou encore Wagner, interpr\u00e9t\u00e9s par la soprano Camilla Nylund, la mezzo-soprano Elina Garanca, les t\u00e9nors Jonas Kaufmann et Benjamin Bernheim, ainsi que le baryton Boris Pinkhasovich. Un concert festif, dirig\u00e9 par le Franco-Suisse Bertrand de Billy, \u00e0 la t\u00eate de l&rsquo;Orchestre et du Ch\u0153ur de l&rsquo;Op\u00e9ra de Vienne. (Source: Arte)<\/p>\n<p> \ud83c\udfa4Au fil de l&rsquo;Actu<\/p>\n<p class=\"PopSlotParagraph qg-tx2 qg-xtra-lh svelte-1r0pyek\">Rendez-vous avec\u00a0<strong>Keyvan Chemirani,<\/strong>\u00a0joueur de zarb (percussion iranienne).<\/p>\n<p> \ud83c\udfb5Maxi Classique par Max Dozolme<\/p>\n<p class=\"PopSlotParagraph qg-tx2 qg-xtra-lh svelte-1r0pyek\">Aretha Franklin remplace Luciano Pavarotti au pied lev\u00e9<\/p>\n<p> \ud83c\udfa7Le Zap\ud83c\udfa0 France Musique est \u00e0 vous Junior<\/p>\n<p class=\"PopSlotParagraph qg-tx2 qg-xtra-lh svelte-1r0pyek\"><strong>Le podcast\u00a0:<\/strong>\u00a0La Belle au bois dormant\u00a0: Ce soir, c&rsquo;est la f\u00eate au palais\u00a0!\u00a0<br \/><strong>L&rsquo;\u0153uvre de jeunesse\u00a0:<\/strong>\u00a0<strong>Frederic Chopin<\/strong>,\u00a0Mazurka pour piano en Si b\u00e9mol Maj KK IIa n\u00b03<br \/><strong>Le Labo musical de Nico\u00a0:<\/strong>\u00a0Peut-on entendre la musique d&rsquo;une peinture\u00a0?<br \/><strong>Le r\u00e9pondeur des enfants\u00a0:<\/strong>\u00a0Lucie nous propose d&rsquo;\u00e9couter le mouvement 2 de la sonate pour alto et piano de <strong>Rebecca Clarke<br \/>Les concerts p\u00e9dagogiques\u00a0:<\/strong> Paris et Lyon<\/p>\n<p> <script async src=\"https:\/\/platform.twitter.com\/widgets.js\" charset=\"utf-8\"><\/script><script async src=\"\/\/www.instagram.com\/embed.js\"><\/script><\/p>\n","protected":false},"excerpt":{"rendered":"Partagez avec nous vos coups de c\u0153ur musicaux\u00a0! &#8211; Par \u00e9crit\u00a0: via e-mail\u00a0\u00e0 l&rsquo;adresse\u00a0francemusiqueestavous@radiofrance.com\u00a0ou sur les\u00a0r\u00e9seaux sociaux\u00a0(Twitter,Instagram\u00a0et\u00a0Facebook\u00a0)&#8211; Par&hellip;\n","protected":false},"author":2,"featured_media":455538,"comment_status":"","ping_status":"","sticky":false,"template":"","format":"standard","meta":{"footnotes":""},"categories":[1355],"tags":[58,59,1011,27,1361,873],"class_list":{"0":"post-455537","1":"post","2":"type-post","3":"status-publish","4":"format-standard","5":"has-post-thumbnail","7":"category-musique","8":"tag-divertissement","9":"tag-entertainment","10":"tag-fr","11":"tag-france","12":"tag-music","13":"tag-musique"},"share_on_mastodon":{"url":"https:\/\/pubeurope.com\/@fr\/115356728437887443","error":""},"_links":{"self":[{"href":"https:\/\/www.europesays.com\/fr\/wp-json\/wp\/v2\/posts\/455537","targetHints":{"allow":["GET"]}}],"collection":[{"href":"https:\/\/www.europesays.com\/fr\/wp-json\/wp\/v2\/posts"}],"about":[{"href":"https:\/\/www.europesays.com\/fr\/wp-json\/wp\/v2\/types\/post"}],"author":[{"embeddable":true,"href":"https:\/\/www.europesays.com\/fr\/wp-json\/wp\/v2\/users\/2"}],"replies":[{"embeddable":true,"href":"https:\/\/www.europesays.com\/fr\/wp-json\/wp\/v2\/comments?post=455537"}],"version-history":[{"count":0,"href":"https:\/\/www.europesays.com\/fr\/wp-json\/wp\/v2\/posts\/455537\/revisions"}],"wp:featuredmedia":[{"embeddable":true,"href":"https:\/\/www.europesays.com\/fr\/wp-json\/wp\/v2\/media\/455538"}],"wp:attachment":[{"href":"https:\/\/www.europesays.com\/fr\/wp-json\/wp\/v2\/media?parent=455537"}],"wp:term":[{"taxonomy":"category","embeddable":true,"href":"https:\/\/www.europesays.com\/fr\/wp-json\/wp\/v2\/categories?post=455537"},{"taxonomy":"post_tag","embeddable":true,"href":"https:\/\/www.europesays.com\/fr\/wp-json\/wp\/v2\/tags?post=455537"}],"curies":[{"name":"wp","href":"https:\/\/api.w.org\/{rel}","templated":true}]}}