{"id":455540,"date":"2025-10-11T17:34:11","date_gmt":"2025-10-11T17:34:11","guid":{"rendered":"https:\/\/www.europesays.com\/fr\/455540\/"},"modified":"2025-10-11T17:34:11","modified_gmt":"2025-10-11T17:34:11","slug":"septieme-cest-deja-tres-bien-assure-paul-seixas","status":"publish","type":"post","link":"https:\/\/www.europesays.com\/fr\/455540\/","title":{"rendered":"\u00abSepti\u00e8me, c\u2019est d\u00e9j\u00e0 tr\u00e8s bien\u00bb, assure Paul Seixas"},"content":{"rendered":"<p>\n    \u00abUn peu d\u00e9\u00e7u\u00bb dans le final de la course, le jeune Fran\u00e7ais, qui disputait le premier Monument de sa carri\u00e8re, retient tout de m\u00eame beaucoup de positif.<\/p>\n<p class=\"fig-paragraph\">Le verre \u00e0 moiti\u00e9 plein.\u00a0<a href=\"http:\/\/www.lefigaro.fr\/sports\/cyclisme\/cyclisme-ou-situer-paul-seixas-face-a-merckx-hinault-pogacar-et-les-geants-du-cyclisme-au-meme-age-19-ans-20251006\" data-fig-type=\"NewsFlash\" data-gtm-custom-categorie=\"navigation\" data-gtm-custom-action=\"crossclick\" data-gtm-custom-label=\"Contextuel\" data-gtm-event=\"customEventSPE\" data-fig-domain=\"LEFIGARO\" target=\"_blank\" rel=\"noopener\">Paul Seixas<\/a>\u00a0\u00e9tait \u00abun peu d\u00e9\u00e7u\u00bb d&rsquo;avoir \u00abp\u00e9t\u00e9 tout seul\u00bb dans la derni\u00e8re ascension du Tour de Lombardie tout en reconnaissant que terminer septi\u00e8me, un excellent r\u00e9sultat pour un si jeune coureur, \u00e9tait \u00abd\u00e9j\u00e0 tr\u00e8s bien\u00bb. Le ph\u00e9nom\u00e8ne fran\u00e7ais de 19 ans a estim\u00e9 avoir \u00abfait avec les armes du jour\u00bb pour d\u00e9crocher un Top 10 d\u00e8s sa premi\u00e8re participation \u00e0 un Monument, l&rsquo;une des cinq classiques les plus prestigieuses et les plus difficiles du calendrier.<\/p>\n<p class=\"fig-paragraph\">\u00abJ&rsquo;ai senti que les jambes \u00e9taient peut-\u00eatre un peu moins bien que la semaine derni\u00e8re, peut-\u00eatre c&rsquo;est la distance, il y avait un gros rythme\u00bb, a soulign\u00e9 le coureur de Decathlon-AG2R La Mondiale, m\u00e9daill\u00e9 de bronze \u00e0 l&rsquo;Euro dimanche dernier. Il regrettait surtout de s&rsquo;\u00eatre fait \u00abpi\u00e9ger dans la descente\u00bb menant au pied du Passo di Ganda, la derni\u00e8re difficult\u00e9 du jour. \u00ab\u00c7a frottait beaucoup pour le placement, je me suis fait enfermer et l&rsquo;effort que j&rsquo;ai d\u00fb faire pour remonter m&rsquo;a co\u00fbt\u00e9\u00bb.<\/p>\n<p class=\"fig-body-link\">\n            \u00c0 lire aussi<br \/>\n        <a class=\"fig-body-link__link fig-premium-mark\" href=\"http:\/\/www.lefigaro.fr\/sports\/cyclisme\/le-renouveau-des-talents-francais-avec-le-cycliste-paul-seixas-l-avenir-a-un-nom-20251003\" target=\"_blank\" data-fig-type=\"Article\" rel=\"noopener\" data-gtm-custom-categorie=\"navigation\" data-gtm-custom-action=\"crossclick\" data-gtm-custom-label=\"Contextuel\" data-gtm-event=\"customEventSPE\" data-fig-domain=\"LEFIGARO\">\u00abDes qualit\u00e9s exceptionnelles\u00bb\u00a0: qui est Paul Seixas, le nouveau prodige du cyclisme fran\u00e7ais\u00a0?<br \/>\n    <\/a>\n<\/p>\n<p>                                    <a class=\"fig-a11y-skip a11y-hidden\" href=\"#fig-a11y-skip-main-inarticle\"><br \/>\n        Passer la publicit\u00e9<br \/>\n    <\/a><\/p>\n<p class=\"fig-paragraph\">Il a pay\u00e9 cet effort dans le col peu apr\u00e8s l&rsquo;attaque victorieuse de Tadej Pogacar, \u00e0 environ 38 km de l&rsquo;arriv\u00e9e, alors qu&rsquo;il faisait partie du groupe de favoris de six coureurs. \u00abJe suis un peu d\u00e9\u00e7u d&rsquo;avoir p\u00e9t\u00e9 tout seul parce que j&rsquo;\u00e9tais un peu KO dans la descente. Apr\u00e8s, j&rsquo;ai \u00e9t\u00e9 rattrap\u00e9 par un bon petit groupe et j&rsquo;ai r\u00e9ussi \u00e0 me refaire la cerise pour le final. \u00c0 la fin, je me suis arrach\u00e9 et j&rsquo;ai tout donn\u00e9 pour faire le meilleur r\u00e9sultat\u00bb possible, a-t-il expliqu\u00e9.<\/p>\n<p>\u00abContent de finir sur une bonne note\u00bb<\/p>\n<p class=\"fig-paragraph\">Au final, le champion du monde juniors du contre-la-montre en 2024, pass\u00e9 directement chez les pros cette saison, a quand m\u00eame estim\u00e9 que \u00absepti\u00e8me, c&rsquo;est d\u00e9j\u00e0 tr\u00e8s bien\u00bb. \u00abC&rsquo;est une tr\u00e8s belle mani\u00e8re de finir la saison. J&rsquo;ai pass\u00e9 un petit cap physique mais aussi mental o\u00f9 je me dis que j&rsquo;ai ma place. Je suis content de finir sur une bonne note.\u00bb<\/p>\n<p class=\"fig-paragraph\">En avance sur tous les temps de passage, le Lyonnais a r\u00e9ussi une saison au-del\u00e0 de toutes les esp\u00e9rances avec aussi une huiti\u00e8me place au Crit\u00e9rium du Dauphin\u00e9, une victoire dans le Tour de l&rsquo;Avenir, le Tour de France des espoirs, une treizi\u00e8me place aux Championnats du monde et une m\u00e9daille de bronze aux Championnats d&rsquo;Europe.<\/p>\n<p class=\"fig-paragraph\">Il doit disputer en 2026 son premier grand Tour qui sera, peut-\u00eatre le Tour de France, qu&rsquo;aucun Fran\u00e7ais n&rsquo;a r\u00e9ussi \u00e0 gagner depuis Bernard Hinault en 1985.<\/p>\n","protected":false},"excerpt":{"rendered":"\u00abUn peu d\u00e9\u00e7u\u00bb dans le final de la course, le jeune Fran\u00e7ais, qui disputait le premier Monument de&hellip;\n","protected":false},"author":2,"featured_media":455541,"comment_status":"","ping_status":"","sticky":false,"template":"","format":"standard","meta":{"footnotes":""},"categories":[9],"tags":[1141,1142,207,1143,1011,27,60,1140,1139,210],"class_list":{"0":"post-455540","1":"post","2":"type-post","3":"status-publish","4":"format-standard","5":"has-post-thumbnail","7":"category-sports","8":"tag-actualite-cyclisme","9":"tag-competition-cyclisme","10":"tag-cyclisme","11":"tag-cyclisme-actu","12":"tag-fr","13":"tag-france","14":"tag-sports","15":"tag-tour-despagne","16":"tag-tour-ditalie","17":"tag-tour-de-france"},"share_on_mastodon":{"url":"https:\/\/pubeurope.com\/@fr\/115356740169801037","error":""},"_links":{"self":[{"href":"https:\/\/www.europesays.com\/fr\/wp-json\/wp\/v2\/posts\/455540","targetHints":{"allow":["GET"]}}],"collection":[{"href":"https:\/\/www.europesays.com\/fr\/wp-json\/wp\/v2\/posts"}],"about":[{"href":"https:\/\/www.europesays.com\/fr\/wp-json\/wp\/v2\/types\/post"}],"author":[{"embeddable":true,"href":"https:\/\/www.europesays.com\/fr\/wp-json\/wp\/v2\/users\/2"}],"replies":[{"embeddable":true,"href":"https:\/\/www.europesays.com\/fr\/wp-json\/wp\/v2\/comments?post=455540"}],"version-history":[{"count":0,"href":"https:\/\/www.europesays.com\/fr\/wp-json\/wp\/v2\/posts\/455540\/revisions"}],"wp:featuredmedia":[{"embeddable":true,"href":"https:\/\/www.europesays.com\/fr\/wp-json\/wp\/v2\/media\/455541"}],"wp:attachment":[{"href":"https:\/\/www.europesays.com\/fr\/wp-json\/wp\/v2\/media?parent=455540"}],"wp:term":[{"taxonomy":"category","embeddable":true,"href":"https:\/\/www.europesays.com\/fr\/wp-json\/wp\/v2\/categories?post=455540"},{"taxonomy":"post_tag","embeddable":true,"href":"https:\/\/www.europesays.com\/fr\/wp-json\/wp\/v2\/tags?post=455540"}],"curies":[{"name":"wp","href":"https:\/\/api.w.org\/{rel}","templated":true}]}}