{"id":455542,"date":"2025-10-11T17:35:11","date_gmt":"2025-10-11T17:35:11","guid":{"rendered":"https:\/\/www.europesays.com\/fr\/455542\/"},"modified":"2025-10-11T17:35:11","modified_gmt":"2025-10-11T17:35:11","slug":"faustine-bollaert-cette-celebre-emission-a-laquelle-elle-pourrait-bientot-participer-sous-la-pression-de-ses-enfants","status":"publish","type":"post","link":"https:\/\/www.europesays.com\/fr\/455542\/","title":{"rendered":"Faustine Bollaert : cette c\u00e9l\u00e8bre \u00e9mission \u00e0 laquelle elle pourrait bient\u00f4t participer sous la pression de ses enfants"},"content":{"rendered":"<p>Ce samedi 11 octobre marque la grande finale de <a href=\"https:\/\/www.closermag.fr\/tv_tele_realite\/gautier-capucon-ce-bebe-en-commun-quil-partage-avec-faustine-bollaert-3585962\" rel=\"nofollow noopener\" target=\"_blank\"><br \/>\nl\u2019\u00e9mission<\/a> <strong>Les Tra\u00eetres<\/strong>. Les fans du<br \/>\njeu d&rsquo;<strong>\u00c9ric Antoine<\/strong>, diffus\u00e9 sur M6,<br \/>\nattendent avec impatience une 6eme saison. Est-ce que <a href=\"https:\/\/www.closermag.fr\/people\/on-senvoie-des-messages-tous-les-jours-faustine-bollaert-se-confie-sur-lhomme-de-sa-vie-3585928\" rel=\"nofollow noopener\" target=\"_blank\"><br \/>\nFaustine Bollaert<\/a> pourrait faire partie de la prochaine saison<br \/>\nde ce jeu inspir\u00e9 des Loups-garous ? Ce qui est certain, c\u2019est que<br \/>\nses enfants, <a href=\"https:\/\/www.telestar.fr\/people\/faustine-bollaert-combien-a-t-elle-denfants-1692807\" rel=\"nofollow noopener\" target=\"_blank\"><br \/>\nAbbie et Peter<\/a>, en r\u00eavent !<\/p>\n<p>Invit\u00e9e dans <strong>On refait la t\u00e9l\u00e9<\/strong>, sur<br \/>\nRTL, <a href=\"https:\/\/www.closermag.fr\/people\/desagreable-pour-elle-le-geste-etonnant-de-faustine-bollaert-apres-leviction-de-laurence-boccolini-des-enfants-de-la-tele-3581312\" rel=\"nofollow noopener\" target=\"_blank\"><br \/>\nl\u2019animatrice<\/a> de France T\u00e9l\u00e9visions s\u2019est exprim\u00e9e sur<br \/>\nla question. Face \u00e0 <strong>Eric Dussart<\/strong> et<br \/>\n<strong>Jade<\/strong>, la m\u00e8re de famille a soulign\u00e9 l\u2019envie de ses<br \/>\nenfants \u00e0 la voir participer \u00e0 l\u2019\u00e9mission phare de M6.<br \/>\n\u00ab\u00a0<strong>Ils insistent<\/strong> \u00e0 mort, pour que je<br \/>\nfasse Les Tra\u00eetres\u00a0\u00bb, a-t-elle soulign\u00e9. Seulement, il<br \/>\nsemblerait que ce ne soit pas pour tout de suite.<\/p>\n<p>Faustine Bollaert : pourquoi elle ne sera pas dans Les Traitres<br \/>\n?<\/p>\n<p>Lors de cet entretien sur RTL, Faustine Bollaert a<br \/>\nd\u00e9clar\u00e9 : \u00ab\u00a0Mais <strong>m\u00eame pas en<br \/>\nr\u00eave<\/strong>, je n&rsquo;arr\u00eate pas de leur dire\u00a0\u00bb.<br \/>\nPourquoi ce refus cat\u00e9gorique ? \u00ab\u00a0Je suis tellement<br \/>\n<strong>premier degr\u00e9<\/strong> que je vais m&rsquo;en rendre<br \/>\nmalade, je vais <strong>me f\u00e2cher avec tout le<br \/>\nmonde<\/strong>, je vais pleurer&#8230; \u00c7a va \u00eatre terrible<br \/>\n!\u00a0\u00bb, avait-elle expliqu\u00e9 en soulignant le fait que ce jeu<br \/>\n\u00ab\u00a0n\u2019est pas du tout pour moi\u00a0\u00bb.<\/p>\n<blockquote class=\"instagram-media\" style=\"background: #ffffff;border: 0;margin: 1px;width: 100%;padding: 0;max-width: 500px;\" data-instgrm-permalink=\"https:\/\/www.instagram.com\/p\/DDNYUtWOlol\/?utm_source=ig_web_copy_link&amp;igsh=MzRlODBiNWFlZA==\" data-instgrm-version=\"14\"\/>\n<p>Outre son envie, le fait que l\u2019\u00e9mission soit sur <strong>la<br \/>\ncha\u00eene concurrente<\/strong> pourrait jouer contre elle, a rappel\u00e9<br \/>\n\u00c9ric Dussart. \u00ab\u00a0Je ne pense pas, non, vous avez raison,<br \/>\nmaintenant que vous le dites !\u00a0\u00bb, s\u2019\u00e9tait rendue compte la<br \/>\njournaliste de 46 ans. \u00ab\u00a0Je vais dire \u00e0 mes enfants &lsquo;C&rsquo;est<br \/>\n<strong>une question de contrat<\/strong>, mes ch\u00e9ris !<br \/>\nJ&rsquo;aimerais tellement vous faire plaisir !\u00a0\u00bb, avait-elle blagu\u00e9<br \/>\nen faisant r\u00e9f\u00e9rence \u00e0 ce qu\u2019elle allait dire \u00e0 ses enfants.<\/p>\n<p>Faustine Bollaert : Fort Boyard, non<br \/>\nplus !<\/p>\n<p>Il est donc certain que <strong>Faustine Bollaert<\/strong> ne<br \/>\nparticipera de sit\u00f4t \u00e0 l\u2019\u00e9mission <strong>Les<br \/>\nTra\u00eetres<\/strong>. D\u2019ailleurs, il serait de m\u00eame pour<br \/>\n<strong>Fort Boyard<\/strong>. A RTL, la<br \/>\npr\u00e9sentatrice des <a href=\"https:\/\/www.closermag.fr\/people\/il-a-peur-de-la-sextape-ca-commence-tres-fort-pour-faustine-bollaert-dans-les-enfants-de-la-tele-3581345\" rel=\"nofollow noopener\" target=\"_blank\"><br \/>\nEnfants de la t\u00e9l\u00e9<\/a> a avou\u00e9 avoir gard\u00e9 un go\u00fbt amer de<br \/>\nsa participation \u00e0 l\u2019\u00e9mission en 2020. Elle ne compte donc<br \/>\naucunement y retourner m\u00eame si ses enfants lui mettent \u00e9galement la<br \/>\npression sur le sujet.<\/p>\n<blockquote class=\"instagram-media\" style=\"background: #ffffff;border: 0;margin: 1px;width: 100%;padding: 0;max-width: 500px;\" data-instgrm-permalink=\"https:\/\/www.instagram.com\/reel\/DPjadaaDQKT\/?utm_source=ig_web_copy_link&amp;igsh=MzRlODBiNWFlZA==\" data-instgrm-version=\"14\"\/>\n<p>\u00ab\u00a0Chaque ann\u00e9e, je leur dis &lsquo;M\u00eame pas en r\u00eave !'\u00a0\u00bb,<br \/>\na-t-elle soulign\u00e9 \u00e0 RTL, en expliquant : \u00ab\u00a0Jamais je ne<br \/>\nremettrai les pieds l\u00e0-bas ! J&rsquo;avais fait Boyard Land, en plus !<br \/>\nL&rsquo;hiver, il faisait <strong>-15 degr\u00e9s<\/strong>,<br \/>\nj&rsquo;avais <strong>40 de fi\u00e8vre<\/strong>, \u00e7a ne<br \/>\nm&rsquo;amusait pas du tout, je n&rsquo;avais aucun second degr\u00e9. Je finissais<br \/>\npar d\u00e9tester tout le monde\u00a0\u00bb. Pas tr\u00e8s plaisant, en effet\u2026<\/p>\n<p><script async src=\"\/\/www.instagram.com\/embed.js\"><\/script><\/p>\n","protected":false},"excerpt":{"rendered":"Ce samedi 11 octobre marque la grande finale de l\u2019\u00e9mission Les Tra\u00eetres. Les fans du jeu d&rsquo;\u00c9ric Antoine,&hellip;\n","protected":false},"author":2,"featured_media":455543,"comment_status":"","ping_status":"","sticky":false,"template":"","format":"standard","meta":{"footnotes":""},"categories":[8],"tags":[58,59,6308,1011,27],"class_list":{"0":"post-455542","1":"post","2":"type-post","3":"status-publish","4":"format-standard","5":"has-post-thumbnail","7":"category-divertissement","8":"tag-divertissement","9":"tag-entertainment","10":"tag-faustine-bollaert","11":"tag-fr","12":"tag-france"},"share_on_mastodon":{"url":"https:\/\/pubeurope.com\/@fr\/115356743999121047","error":""},"_links":{"self":[{"href":"https:\/\/www.europesays.com\/fr\/wp-json\/wp\/v2\/posts\/455542","targetHints":{"allow":["GET"]}}],"collection":[{"href":"https:\/\/www.europesays.com\/fr\/wp-json\/wp\/v2\/posts"}],"about":[{"href":"https:\/\/www.europesays.com\/fr\/wp-json\/wp\/v2\/types\/post"}],"author":[{"embeddable":true,"href":"https:\/\/www.europesays.com\/fr\/wp-json\/wp\/v2\/users\/2"}],"replies":[{"embeddable":true,"href":"https:\/\/www.europesays.com\/fr\/wp-json\/wp\/v2\/comments?post=455542"}],"version-history":[{"count":0,"href":"https:\/\/www.europesays.com\/fr\/wp-json\/wp\/v2\/posts\/455542\/revisions"}],"wp:featuredmedia":[{"embeddable":true,"href":"https:\/\/www.europesays.com\/fr\/wp-json\/wp\/v2\/media\/455543"}],"wp:attachment":[{"href":"https:\/\/www.europesays.com\/fr\/wp-json\/wp\/v2\/media?parent=455542"}],"wp:term":[{"taxonomy":"category","embeddable":true,"href":"https:\/\/www.europesays.com\/fr\/wp-json\/wp\/v2\/categories?post=455542"},{"taxonomy":"post_tag","embeddable":true,"href":"https:\/\/www.europesays.com\/fr\/wp-json\/wp\/v2\/tags?post=455542"}],"curies":[{"name":"wp","href":"https:\/\/api.w.org\/{rel}","templated":true}]}}