{"id":455546,"date":"2025-10-11T17:37:15","date_gmt":"2025-10-11T17:37:15","guid":{"rendered":"https:\/\/www.europesays.com\/fr\/455546\/"},"modified":"2025-10-11T17:37:15","modified_gmt":"2025-10-11T17:37:15","slug":"au-japon-la-coalition-conservatrice-au-pouvoir-seffondre-liberation","status":"publish","type":"post","link":"https:\/\/www.europesays.com\/fr\/455546\/","title":{"rendered":"Au Japon, la coalition conservatrice au pouvoir s\u2019effondre \u2013 Lib\u00e9ration"},"content":{"rendered":"<p class=\"sc-cPiKLX AiZTS text-element\">Ultranationaliste, antif\u00e9ministe et militariste, la nouvelle dirigeante du Parti lib\u00e9ral-d\u00e9mocrate (PLD), Sanae Takaichi, devait \u00eatre investie Premi\u00e8re ministre du Japon dans les prochains jours. Vendredi 10 octobre, l\u2019annonce du retrait du parti Komeito de la coalition qu\u2019il formait avec le PLD depuis 1999 engendre un s\u00e9isme politique qui pourrait remettre en cause l\u2019arriv\u00e9e au pouvoir de cette femme politique d\u2019extr\u00eame droite. Apr\u00e8s des d\u00e9cennies de relative stabilit\u00e9 politique, le pays entre dans l\u2019incertitude. <\/p>\n<p class=\"sc-cPiKLX AiZTS text-element\">Le Komeito, parti de droite bouddhiste, a annonc\u00e9<b> <\/b>la rupture par la voix de son pr\u00e9sident, Tetsuo Saito. \u00abNous souhaitons que la coalition PLD-Komeito revienne \u00e0 la case d\u00e9part pour le moment et que nous mettions un terme \u00e0 notre relation, [\u2026] \u00e9tant donn\u00e9 que nous n\u2019avons pas eu de coop\u00e9ration claire et concr\u00e8te du PLD concernant nos revendications\u00bb, a d\u00e9clar\u00e9 ce dernier apr\u00e8s une r\u00e9union avec la cheffe du PLD. <\/p>\n<p class=\"sc-cPiKLX AiZTS text-element\">Premi\u00e8re femme \u00e0 \u00eatre propos\u00e9e pour diriger le gouvernement japonais, Sanae Takaichi dit avoir \u00ab\u00e9t\u00e9 inform\u00e9e qu\u2019ils quitteraient la coalition unilat\u00e9ralement\u00bb. \u00abNous avons coop\u00e9r\u00e9 ces vingt-six derni\u00e8res ann\u00e9es, y compris lorsque nous n\u2019\u00e9tions pas au pouvoir. Il est extr\u00eamement regrettable que cette relation se termine de cette mani\u00e8re.\u00bb a-t-elle ajout\u00e9. <\/p>\n<p class=\"sc-cPiKLX AiZTS text-element\">Pour la sp\u00e9cialiste du Japon Guibourg Delamotte, le divorce entre les deux partis s\u2019est jou\u00e9 d\u00e8s l\u2019\u00e9lection pour le leadership du PLD, remport\u00e9e le 4 octobre par Sanae Takaichi. \u00ab <\/p>\n","protected":false},"excerpt":{"rendered":"Ultranationaliste, antif\u00e9ministe et militariste, la nouvelle dirigeante du Parti lib\u00e9ral-d\u00e9mocrate (PLD), Sanae Takaichi, devait \u00eatre investie Premi\u00e8re ministre&hellip;\n","protected":false},"author":2,"featured_media":455547,"comment_status":"","ping_status":"","sticky":false,"template":"","format":"standard","meta":{"footnotes":""},"categories":[6],"tags":[35,33,34,1011,27,2070],"class_list":{"0":"post-455546","1":"post","2":"type-post","3":"status-publish","4":"format-standard","5":"has-post-thumbnail","7":"category-economie","8":"tag-business","9":"tag-economie","10":"tag-economy","11":"tag-fr","12":"tag-france","13":"tag-japon"},"share_on_mastodon":{"url":"https:\/\/pubeurope.com\/@fr\/115356751909867107","error":""},"_links":{"self":[{"href":"https:\/\/www.europesays.com\/fr\/wp-json\/wp\/v2\/posts\/455546","targetHints":{"allow":["GET"]}}],"collection":[{"href":"https:\/\/www.europesays.com\/fr\/wp-json\/wp\/v2\/posts"}],"about":[{"href":"https:\/\/www.europesays.com\/fr\/wp-json\/wp\/v2\/types\/post"}],"author":[{"embeddable":true,"href":"https:\/\/www.europesays.com\/fr\/wp-json\/wp\/v2\/users\/2"}],"replies":[{"embeddable":true,"href":"https:\/\/www.europesays.com\/fr\/wp-json\/wp\/v2\/comments?post=455546"}],"version-history":[{"count":0,"href":"https:\/\/www.europesays.com\/fr\/wp-json\/wp\/v2\/posts\/455546\/revisions"}],"wp:featuredmedia":[{"embeddable":true,"href":"https:\/\/www.europesays.com\/fr\/wp-json\/wp\/v2\/media\/455547"}],"wp:attachment":[{"href":"https:\/\/www.europesays.com\/fr\/wp-json\/wp\/v2\/media?parent=455546"}],"wp:term":[{"taxonomy":"category","embeddable":true,"href":"https:\/\/www.europesays.com\/fr\/wp-json\/wp\/v2\/categories?post=455546"},{"taxonomy":"post_tag","embeddable":true,"href":"https:\/\/www.europesays.com\/fr\/wp-json\/wp\/v2\/tags?post=455546"}],"curies":[{"name":"wp","href":"https:\/\/api.w.org\/{rel}","templated":true}]}}