{"id":455550,"date":"2025-10-11T17:39:11","date_gmt":"2025-10-11T17:39:11","guid":{"rendered":"https:\/\/www.europesays.com\/fr\/455550\/"},"modified":"2025-10-11T17:39:11","modified_gmt":"2025-10-11T17:39:11","slug":"que-dit-la-presse-europeenne-apres-le-nouveau-tour-de-passe-passe-de-macron","status":"publish","type":"post","link":"https:\/\/www.europesays.com\/fr\/455550\/","title":{"rendered":"Que dit la presse europ\u00e9enne apr\u00e8s le nouveau tour de passe-passe de Macron\u00a0?"},"content":{"rendered":"<p>Qu\u2019il doit amusant en ce moment de ne pas \u00eatre Fran\u00e7ais. L\u2019annonce faite par <a href=\"https:\/\/www.20minutes.fr\/politique\/emmanuel-macron\/\" class=\"c-link c-link--is-underlined\" target=\"_blank\" rel=\"noopener\">Emmanuel Macron <\/a>vendredi soir de la reconduction de <a href=\"https:\/\/www.20minutes.fr\/politique\/sebastien-lecornu\/\" class=\"c-link c-link--is-underlined\" target=\"_blank\" rel=\"noopener\">S\u00e9bastien Lecornu<\/a> comme <a href=\"https:\/\/www.20minutes.fr\/dossier\/premier_ministre\" class=\"c-link c-link--is-underlined\" target=\"_blank\" rel=\"noopener\">Premier ministre<\/a>, alors que ce dernier avait d\u00e9missionn\u00e9 il y a quelques jours, a largement fait r\u00e9agir la classe politique. Et bien s\u00fbr nos voisins europ\u00e9ens. Que disent les journaux\u00a0?<\/p>\n<p>Au Royaume-Uni<\/p>\n<p>Le quotidien britannique <a href=\"https:\/\/www.ft.com\/\" rel=\"nofollow noopener\" target=\"_blank\" class=\"c-link c-link--is-underlined\">Financial Times<\/a> estime que ce \u00e9ni\u00e8me soubresaut signe tout simplement la fin du macronisme. \u00ab\u00a0Apr\u00e8s une semaine de chaos [\u2026] il est devenu de plus en plus clair que l\u2019exp\u00e9rience de pr\u00e8s d\u2019une d\u00e9cennie de la France avec la politique centriste rebelle de Macron touche \u00e0 sa fin\u00a0\u00bb, \u00e9crit le journal, alors que la popularit\u00e9 du chef de l\u2019Etat est au plus bas.<\/p>\n<p>Le choix \u00ab\u00a0sans pr\u00e9c\u00e9dent\u00a0\u00bb du pr\u00e9sident intervient alors que la crise politique empire en France, d\u00e9plore quant \u00e0 lui <a href=\"https:\/\/www.theguardian.com\/europe\" rel=\"nofollow noopener\" target=\"_blank\" class=\"c-link c-link--is-underlined\">The Guardian<\/a>, soulignant la \u00ab\u00a0pression\u00a0\u00bb exerc\u00e9e sur le Premier ministre \u00ab\u00a0pour former un gouvernement rapidement\u00a0\u00bb. Dans un d\u00e9lai record m\u00eame, puisque le projet de budget 2026 doit \u00eatre pr\u00e9sent\u00e9 lundi.<\/p>\n<p>En Espagne<\/p>\n<p>Il y a \u00ab\u00a0un sentiment de fin de si\u00e8cle\u00a0\u00bb, juge le quotidien de gauche <a href=\"https:\/\/elpais.com\/\" rel=\"nofollow noopener\" target=\"_blank\" class=\"c-link c-link--is-underlined\">El Pais<\/a>, observant \u00ab\u00a0un leader compl\u00e8tement isol\u00e9, d\u00e9test\u00e9 par une frange de son propre parti, coinc\u00e9 dans une spirale d\u00e9lirante de d\u00e9clin\u00a0\u00bb. Et d\u2019ajouter\u00a0: \u00ab\u00a0Le brillant technocrate, le r\u00e9formiste sans parti, le philosophe et le banquier devenu pr\u00e9sident est d\u00e9pass\u00e9. Il r\u00e9siste, il s\u2019accroche au pouvoir. Rien de plus\u00a0\u00bb.<\/p>\n<p>En Allemagne<\/p>\n<p>Le <a href=\"https:\/\/www.spiegel.de\/\" rel=\"nofollow noopener\" target=\"_blank\" class=\"c-link c-link--is-underlined\">Spiegel<\/a> ironise sur la \u00ab\u00a0mauvaise com\u00e9die\u00a0\u00bb d\u2019Emmanuel Macron, un th\u00e9\u00e2tre de boulevard o\u00f9 \u00ab\u00a0l\u2019amant secret, qui avait \u00e9t\u00e9 escort\u00e9 vers la sortie, revient par la fen\u00eatre de la chambre\u00a0\u00bb. ll s\u2019inqui\u00e8te surtout d\u2019une \u00ab\u00a0spirale descendante dangereuse\u00a0\u00bb.<\/p>\n<p>\u00ab\u00a0Depuis des semaines, le drame politique fran\u00e7ais inqui\u00e8te les partenaires de l\u2019Union europ\u00e9enne ainsi que les cr\u00e9anciers du pays\u00a0\u00bb, rappelle le journal. \u00ab\u00a0Le pays semble ingouvernable, la dette publique augmente sans frein, et l\u2019\u00e9conomie souffre\u00a0\u00bb.<\/p>\n","protected":false},"excerpt":{"rendered":"Qu\u2019il doit amusant en ce moment de ne pas \u00eatre Fran\u00e7ais. L\u2019annonce faite par Emmanuel Macron vendredi soir&hellip;\n","protected":false},"author":2,"featured_media":455551,"comment_status":"","ping_status":"","sticky":false,"template":"","format":"standard","meta":{"footnotes":""},"categories":[4],"tags":[47,11,672,1073,123,1011,27,12,316,3363,25,473,11067],"class_list":{"0":"post-455550","1":"post","2":"type-post","3":"status-publish","4":"format-standard","5":"has-post-thumbnail","7":"category-france","8":"tag-actualite","9":"tag-actualites","10":"tag-allemagne","11":"tag-emmanuel-macron","12":"tag-espagne","13":"tag-fr","14":"tag-france","15":"tag-news","16":"tag-politique","17":"tag-premier-ministre","18":"tag-republique-francaise","19":"tag-royaume-uni","20":"tag-sebastien-lecornu"},"share_on_mastodon":{"url":"https:\/\/pubeurope.com\/@fr\/115356759746191474","error":""},"_links":{"self":[{"href":"https:\/\/www.europesays.com\/fr\/wp-json\/wp\/v2\/posts\/455550","targetHints":{"allow":["GET"]}}],"collection":[{"href":"https:\/\/www.europesays.com\/fr\/wp-json\/wp\/v2\/posts"}],"about":[{"href":"https:\/\/www.europesays.com\/fr\/wp-json\/wp\/v2\/types\/post"}],"author":[{"embeddable":true,"href":"https:\/\/www.europesays.com\/fr\/wp-json\/wp\/v2\/users\/2"}],"replies":[{"embeddable":true,"href":"https:\/\/www.europesays.com\/fr\/wp-json\/wp\/v2\/comments?post=455550"}],"version-history":[{"count":0,"href":"https:\/\/www.europesays.com\/fr\/wp-json\/wp\/v2\/posts\/455550\/revisions"}],"wp:featuredmedia":[{"embeddable":true,"href":"https:\/\/www.europesays.com\/fr\/wp-json\/wp\/v2\/media\/455551"}],"wp:attachment":[{"href":"https:\/\/www.europesays.com\/fr\/wp-json\/wp\/v2\/media?parent=455550"}],"wp:term":[{"taxonomy":"category","embeddable":true,"href":"https:\/\/www.europesays.com\/fr\/wp-json\/wp\/v2\/categories?post=455550"},{"taxonomy":"post_tag","embeddable":true,"href":"https:\/\/www.europesays.com\/fr\/wp-json\/wp\/v2\/tags?post=455550"}],"curies":[{"name":"wp","href":"https:\/\/api.w.org\/{rel}","templated":true}]}}