{"id":455554,"date":"2025-10-11T17:41:12","date_gmt":"2025-10-11T17:41:12","guid":{"rendered":"https:\/\/www.europesays.com\/fr\/455554\/"},"modified":"2025-10-11T17:41:12","modified_gmt":"2025-10-11T17:41:12","slug":"lecole-maternelle-fauriel-fermee-lundi-et-mardi","status":"publish","type":"post","link":"https:\/\/www.europesays.com\/fr\/455554\/","title":{"rendered":"l\u2019\u00e9cole maternelle Fauriel ferm\u00e9e lundi et mardi"},"content":{"rendered":"<p>C\u2019est ce samedi, peu apr\u00e8s 18 heures, que la Ville a transmis un communiqu\u00e9 \u00e0 notre r\u00e9daction. Un communiqu\u00e9 dans lequel elle annonce, en concertation avec la direction des services d\u00e9partementaux de l\u2019\u00c9ducation nationale, la fermeture provisoirement, les lundis\u00a013 et mardi 14\u00a0octobre, de l\u2019\u00e9cole maternelle Fauriel, \u00e0 Saint-Etienne.<\/p>\n<p>Et de pr\u00e9ciser les raisons qui ont motiv\u00e9 cette d\u00e9cision. \u00ab\u00a0Il a \u00e9t\u00e9 constat\u00e9, vendredi en fin d\u2019apr\u00e8s-midi, un affaissement d\u2019une partie d\u2019une galerie d\u2019assainissement, passant sous une zone de l&rsquo;\u00e9cole maternelle Fauriel, o\u00f9 se trouve notamment l\u2019ensemble du p\u00f4le sanitaire. Celui n\u2019\u00e9tant plus accessible, et en attendant l\u2019installation de toilettes provisoires, l\u2019\u00e9cole maternelle situ\u00e9e 32 rue des Francs-Ma\u00e7ons devra \u00eatre ferm\u00e9e durant les deux prochains jours.\u00a0\u00bb<\/p>\n<p>Pour r\u00e9pondre \u00e0 l\u2019attente des familles qui seraient dans l\u2019impossibilit\u00e9 de garder leurs enfants, lundi\u00a013 et mardi 14\u00a0octobre, la ville de Saint-Etienne fait savoir \u00ab\u00a0qu\u2019elle met en place d\u00e8s lundi matin, un accueil \u00e0 l\u2019\u00e9cole \u00e9l\u00e9mentaire Fauriel (entr\u00e9e par le 18 cours Fauriel) de 8\u00a0h\u00a020 \u00e0 16\u00a0h\u00a030\u00a0\u00bb.<\/p>\n<p class=\"note\">Pour les parents des \u00e9l\u00e8ves de maternelle de Fauriel souhaitant des informations compl\u00e9mentaires d\u2019ici lundi, il est possible d\u2019adresser un mail \u00e0\u00a0: emilie.lebideau@saint-etienne.fr, ou en contactant la ville de Saint-Etienne au 04.77.485.485 afin de laisser vos coordonn\u00e9es pour \u00eatre rappel\u00e9s.<\/p>\n","protected":false},"excerpt":{"rendered":"C\u2019est ce samedi, peu apr\u00e8s 18 heures, que la Ville a transmis un communiqu\u00e9 \u00e0 notre r\u00e9daction. Un&hellip;\n","protected":false},"author":2,"featured_media":455555,"comment_status":"","ping_status":"","sticky":false,"template":"","format":"standard","meta":{"footnotes":""},"categories":[9653],"tags":[1111,11,2430,7539,1057,1777,674,1011,27,3367,10425,12,25,4001,7538],"class_list":{"0":"post-455554","1":"post","2":"type-post","3":"status-publish","4":"format-standard","5":"has-post-thumbnail","7":"category-saint-etienne","8":"tag-actu","9":"tag-actualites","10":"tag-auvergne-rhone-alpes","11":"tag-edition-loire-sud","12":"tag-education","13":"tag-eu","14":"tag-europe","15":"tag-fr","16":"tag-france","17":"tag-loire","18":"tag-maternelle-elementaire","19":"tag-news","20":"tag-republique-francaise","21":"tag-saint-etienne","22":"tag-saint-etienne-ville"},"share_on_mastodon":{"url":"https:\/\/pubeurope.com\/@fr\/115356767536579866","error":""},"_links":{"self":[{"href":"https:\/\/www.europesays.com\/fr\/wp-json\/wp\/v2\/posts\/455554","targetHints":{"allow":["GET"]}}],"collection":[{"href":"https:\/\/www.europesays.com\/fr\/wp-json\/wp\/v2\/posts"}],"about":[{"href":"https:\/\/www.europesays.com\/fr\/wp-json\/wp\/v2\/types\/post"}],"author":[{"embeddable":true,"href":"https:\/\/www.europesays.com\/fr\/wp-json\/wp\/v2\/users\/2"}],"replies":[{"embeddable":true,"href":"https:\/\/www.europesays.com\/fr\/wp-json\/wp\/v2\/comments?post=455554"}],"version-history":[{"count":0,"href":"https:\/\/www.europesays.com\/fr\/wp-json\/wp\/v2\/posts\/455554\/revisions"}],"wp:featuredmedia":[{"embeddable":true,"href":"https:\/\/www.europesays.com\/fr\/wp-json\/wp\/v2\/media\/455555"}],"wp:attachment":[{"href":"https:\/\/www.europesays.com\/fr\/wp-json\/wp\/v2\/media?parent=455554"}],"wp:term":[{"taxonomy":"category","embeddable":true,"href":"https:\/\/www.europesays.com\/fr\/wp-json\/wp\/v2\/categories?post=455554"},{"taxonomy":"post_tag","embeddable":true,"href":"https:\/\/www.europesays.com\/fr\/wp-json\/wp\/v2\/tags?post=455554"}],"curies":[{"name":"wp","href":"https:\/\/api.w.org\/{rel}","templated":true}]}}