{"id":455570,"date":"2025-10-11T17:51:21","date_gmt":"2025-10-11T17:51:21","guid":{"rendered":"https:\/\/www.europesays.com\/fr\/455570\/"},"modified":"2025-10-11T17:51:21","modified_gmt":"2025-10-11T17:51:21","slug":"lintegration-au-menu-des-petites-cantines","status":"publish","type":"post","link":"https:\/\/www.europesays.com\/fr\/455570\/","title":{"rendered":"l\u2019int\u00e9gration au\u00a0menu des Petites cantines"},"content":{"rendered":"<p>\u00c9changer et cuisiner, c\u2019est le d\u00e9fi propos\u00e9 par le\u00a0collectif Racines au Pluriel de M\u00e2con\u00a0\u00e0 ses stagiaires qui suivent ses cours de langue fran\u00e7aise pour allophones. Originaires du Tibet, du Portugal, d\u2019Alg\u00e9rie, d\u2019Ukraine, de Chine et d\u2019Afghanistan, ces personnes se sont empar\u00e9es pendant une matin\u00e9e de la cuisine des Petites cantines de M\u00e2con\u00a0pour pr\u00e9parer plusieurs plats de leurs pays qu\u2019elles ont partag\u00e9 ensuite avec les clients \u00e0 midi.<\/p>\n<p>\u00ab\u00a0On a m\u00eame d\u00fb refuser du monde\u00a0\u00bb<\/p>\n<p>\u00ab C\u2019est la deuxi\u00e8me fois qu\u2019on tente cette&#8230;<\/p>\n","protected":false},"excerpt":{"rendered":"\u00c9changer et cuisiner, c\u2019est le d\u00e9fi propos\u00e9 par le\u00a0collectif Racines au Pluriel de M\u00e2con\u00a0\u00e0 ses stagiaires qui suivent&hellip;\n","protected":false},"author":2,"featured_media":455571,"comment_status":"","ping_status":"","sticky":false,"template":"","format":"standard","meta":{"footnotes":""},"categories":[9566],"tags":[1111,11,2430,3718,1777,674,107,1011,27,2731,1757,5980,5982,12,25,6003],"class_list":{"0":"post-455570","1":"post","2":"type-post","3":"status-publish","4":"format-standard","5":"has-post-thumbnail","7":"category-grenoble","8":"tag-actu","9":"tag-actualites","10":"tag-auvergne-rhone-alpes","11":"tag-edition-macon","12":"tag-eu","13":"tag-europe","14":"tag-fil-info","15":"tag-fr","16":"tag-france","17":"tag-grenoble","18":"tag-insolite","19":"tag-macon","20":"tag-macon-ville","21":"tag-news","22":"tag-republique-francaise","23":"tag-saone-et-loire"},"share_on_mastodon":{"url":"https:\/\/pubeurope.com\/@fr\/115356806910069147","error":""},"_links":{"self":[{"href":"https:\/\/www.europesays.com\/fr\/wp-json\/wp\/v2\/posts\/455570","targetHints":{"allow":["GET"]}}],"collection":[{"href":"https:\/\/www.europesays.com\/fr\/wp-json\/wp\/v2\/posts"}],"about":[{"href":"https:\/\/www.europesays.com\/fr\/wp-json\/wp\/v2\/types\/post"}],"author":[{"embeddable":true,"href":"https:\/\/www.europesays.com\/fr\/wp-json\/wp\/v2\/users\/2"}],"replies":[{"embeddable":true,"href":"https:\/\/www.europesays.com\/fr\/wp-json\/wp\/v2\/comments?post=455570"}],"version-history":[{"count":0,"href":"https:\/\/www.europesays.com\/fr\/wp-json\/wp\/v2\/posts\/455570\/revisions"}],"wp:featuredmedia":[{"embeddable":true,"href":"https:\/\/www.europesays.com\/fr\/wp-json\/wp\/v2\/media\/455571"}],"wp:attachment":[{"href":"https:\/\/www.europesays.com\/fr\/wp-json\/wp\/v2\/media?parent=455570"}],"wp:term":[{"taxonomy":"category","embeddable":true,"href":"https:\/\/www.europesays.com\/fr\/wp-json\/wp\/v2\/categories?post=455570"},{"taxonomy":"post_tag","embeddable":true,"href":"https:\/\/www.europesays.com\/fr\/wp-json\/wp\/v2\/tags?post=455570"}],"curies":[{"name":"wp","href":"https:\/\/api.w.org\/{rel}","templated":true}]}}