{"id":455572,"date":"2025-10-11T17:52:10","date_gmt":"2025-10-11T17:52:10","guid":{"rendered":"https:\/\/www.europesays.com\/fr\/455572\/"},"modified":"2025-10-11T17:52:10","modified_gmt":"2025-10-11T17:52:10","slug":"grenoble-lautrice-claire-messud-sera-au-square-mardi","status":"publish","type":"post","link":"https:\/\/www.europesays.com\/fr\/455572\/","title":{"rendered":"Grenoble. L\u2019autrice Claire Messud sera au Square mardi"},"content":{"rendered":"<p>Mardi 14\u00a0octobre, \u00e0 19\u00a0heures, la librairie Le Square (2, place L\u00e9on-Martin) recevra Claire Messud pour son dernier roman L\u2019\u00e9trange tumulte de nos vies , publi\u00e9 aux \u00e9ditions Bourgois.<\/p>\n<p>Inspir\u00e9e par un manuscrit de son grand-p\u00e8re, l\u2019autrice, de nationalit\u00e9 am\u00e9ricaine, canadienne et fran\u00e7aise, propose une saga familiale au c\u0153ur de l\u2019\u00e9trange tumulte des vies de plusieurs personnages captivants sur les quatre continents, au cours de sept d\u00e9cennies.<\/p>\n<p>Un ouvrage tr\u00e8s personnel autour de l\u2019exil et de la nostalgie.<\/p>\n<p class=\"note\">R\u00e9servation conseill\u00e9e au 04\u00a076\u00a046\u00a061\u00a063 ou par mail reservation@ librairielesquare.fr<\/p>\n","protected":false},"excerpt":{"rendered":"Mardi 14\u00a0octobre, \u00e0 19\u00a0heures, la librairie Le Square (2, place L\u00e9on-Martin) recevra Claire Messud pour son dernier roman&hellip;\n","protected":false},"author":2,"featured_media":455573,"comment_status":"","ping_status":"","sticky":false,"template":"","format":"standard","meta":{"footnotes":""},"categories":[9566],"tags":[1111,11,2430,6211,1687,112,1777,674,1011,27,2731,2732,12,5486,25],"class_list":{"0":"post-455572","1":"post","2":"type-post","3":"status-publish","4":"format-standard","5":"has-post-thumbnail","7":"category-grenoble","8":"tag-actu","9":"tag-actualites","10":"tag-auvergne-rhone-alpes","11":"tag-conference","12":"tag-culture-loisirs","13":"tag-edition-grenoble-agglomeration","14":"tag-eu","15":"tag-europe","16":"tag-fr","17":"tag-france","18":"tag-grenoble","19":"tag-grenoble-bassin","20":"tag-news","21":"tag-rencontre","22":"tag-republique-francaise"},"share_on_mastodon":{"url":"https:\/\/pubeurope.com\/@fr\/115356810837602948","error":""},"_links":{"self":[{"href":"https:\/\/www.europesays.com\/fr\/wp-json\/wp\/v2\/posts\/455572","targetHints":{"allow":["GET"]}}],"collection":[{"href":"https:\/\/www.europesays.com\/fr\/wp-json\/wp\/v2\/posts"}],"about":[{"href":"https:\/\/www.europesays.com\/fr\/wp-json\/wp\/v2\/types\/post"}],"author":[{"embeddable":true,"href":"https:\/\/www.europesays.com\/fr\/wp-json\/wp\/v2\/users\/2"}],"replies":[{"embeddable":true,"href":"https:\/\/www.europesays.com\/fr\/wp-json\/wp\/v2\/comments?post=455572"}],"version-history":[{"count":0,"href":"https:\/\/www.europesays.com\/fr\/wp-json\/wp\/v2\/posts\/455572\/revisions"}],"wp:featuredmedia":[{"embeddable":true,"href":"https:\/\/www.europesays.com\/fr\/wp-json\/wp\/v2\/media\/455573"}],"wp:attachment":[{"href":"https:\/\/www.europesays.com\/fr\/wp-json\/wp\/v2\/media?parent=455572"}],"wp:term":[{"taxonomy":"category","embeddable":true,"href":"https:\/\/www.europesays.com\/fr\/wp-json\/wp\/v2\/categories?post=455572"},{"taxonomy":"post_tag","embeddable":true,"href":"https:\/\/www.europesays.com\/fr\/wp-json\/wp\/v2\/tags?post=455572"}],"curies":[{"name":"wp","href":"https:\/\/api.w.org\/{rel}","templated":true}]}}