{"id":455574,"date":"2025-10-11T17:53:16","date_gmt":"2025-10-11T17:53:16","guid":{"rendered":"https:\/\/www.europesays.com\/fr\/455574\/"},"modified":"2025-10-11T17:53:16","modified_gmt":"2025-10-11T17:53:16","slug":"cest-un-collier-qui-pese-les-veaux-linvention-de-ces-deux-etudiants-pontivyens-pour-simplifier-la-vie-des-eleveurs","status":"publish","type":"post","link":"https:\/\/www.europesays.com\/fr\/455574\/","title":{"rendered":"\u00ab\u00a0C\u2019est un collier qui p\u00e8se les veaux\u00a0\u00bb\u00a0: l\u2019invention de ces deux \u00e9tudiants pontivyens pour simplifier la vie des \u00e9leveurs"},"content":{"rendered":"<p>Un petit appareil qui enregistre les donn\u00e9es biom\u00e9triques, dont il rend compte en temps r\u00e9el via une application. \u00c7a vous dit quelque chose\u00a0? Sur le mod\u00e8le des bracelets connect\u00e9s pour les humains, deux \u00e9tudiants du lyc\u00e9e agricole de Kerlebost, \u00e0 Saint-Thuriau, ont invent\u00e9 un collier qui pourrait simplifier la vie des \u00e9leveurs de veaux.<\/p>\n<p>\u00ab\u00a0C\u2019est un collier pour peser les veaux\u00a0\u00bb, r\u00e9sume Fran\u00e7ois Le Bianic. \u00ab\u00a0Mais qui \u00e9vite les manutentions de pes\u00e9e et de mesure\u00a0\u00bb, ajoute Landry Huguet. De sa naissance \u00e0 sa taille adulte &#8211; car le collier est adaptable et \u00e9volutif &#8211; l\u2019appareil \u00e9value notamment le gain moyen quotidien du veau.<\/p>\n<p>Prim\u00e9s au Space<\/p>\n<p>Ce projet, baptis\u00e9 \u00ab\u00a0Weight cow\u00a0\u00bb, les deux \u00e9tudiants en deuxi\u00e8me ann\u00e9e de BTS technico-commercial biens et services pour l\u2019agriculture l\u2019ont d\u00e9velopp\u00e9 dans le cadre de leur cursus. \u00ab\u00a0Nous avons \u00e9t\u00e9 encadr\u00e9s par une \u00e9quipe de l\u2019association costarmoricaine <a href=\"https:\/\/www.innozh.fr\/\" target=\"_blank\" rel=\"nofollow noopener\">Inn\u00f4zh<\/a>\u00a0\u00bb, pr\u00e9cise Fran\u00e7ois. \u00ab\u00a0On a consacr\u00e9 des journ\u00e9es enti\u00e8res \u00e0 \u00e7a\u00a0\u00bb, ajoute Landry.<\/p>\n<p>\u00ab\u00a0Weight cow\u00a0\u00bb a \u00e9t\u00e9 pr\u00e9sent\u00e9 et prim\u00e9 dans la cat\u00e9gorie id\u00e9ation, au dernier SPACE, \u00e0 Rennes. \u00ab\u00a0C\u2019\u00e9tait une opportunit\u00e9 de participer au salon. Il y avait une dizaine de projets en lice. Nous avons d\u00fb argumenter pour d\u00e9fendre le n\u00f4tre\u00a0\u00bb.<\/p>\n<p>Un jury de professionnels<\/p>\n<p>Dans le jury, des professionnels qui ont d\u00fb appr\u00e9cier le gain de temps et de manutention offert par ce concept. C\u2019est en tout cas aupr\u00e8s de son p\u00e8re \u00e9leveur de veaux, que l\u2019id\u00e9e a germ\u00e9 dans la t\u00eate de Landry Huguet.<\/p>\n<p>Pour sa troisi\u00e8me \u00e9dition, le Tech\u2019Agri Challenge by Innov\u2019SPACE, initi\u00e9 par l\u2019agence Bretagne Next (ex-BDI), Inn\u00f4zh et le Space, a r\u00e9compens\u00e9 ces jeunes laur\u00e9ats parmi huit groupes de 23 \u00e9tudiants issus de sept \u00e9coles diff\u00e9rentes, qui ont planch\u00e9 sur des solutions au croisement du num\u00e9rique et de l\u2019agriculture. Avec un objectif\u00a0: r\u00e9soudre concr\u00e8tement des probl\u00e9matiques rencontr\u00e9es par les agriculteurs et les \u00e9leveurs.<\/p>\n<p>\u00c0 concr\u00e9tiser<\/p>\n<p>Le collier connect\u00e9 \u00ab\u00a0Weight cow\u00a0\u00bb est pour l\u2019instant dans la phase de concept. Valid\u00e9 certes par un jury, mais qui ne demande qu\u2019\u00e0 devenir r\u00e9alit\u00e9. C\u2019est aux d\u00e9monstrateurs &#8211; l\u2019autre cat\u00e9gorie du concours Tech\u2019Agri Challenge &#8211; d\u00e9sormais de le concr\u00e9tiser. Quant aux deux \u00e9tudiants thurialais, \u00e0 19 ans, ils ont encore \u00ab\u00a0plein d\u2019autres id\u00e9es en t\u00eate\u00a0\u00bb en mati\u00e8re d\u2019agriculture et de technologie.<\/p>\n","protected":false},"excerpt":{"rendered":"Un petit appareil qui enregistre les donn\u00e9es biom\u00e9triques, dont il rend compte en temps r\u00e9el via une application.&hellip;\n","protected":false},"author":2,"featured_media":455575,"comment_status":"","ping_status":"","sticky":false,"template":"","format":"standard","meta":{"footnotes":""},"categories":[2821],"tags":[1111,11,327,829,1777,674,1011,27,58082,12,58083,6099,584,25,58084,23484],"class_list":{"0":"post-455574","1":"post","2":"type-post","3":"status-publish","4":"format-standard","5":"has-post-thumbnail","7":"category-rennes","8":"tag-actu","9":"tag-actualites","10":"tag-agriculture","11":"tag-bretagne","12":"tag-eu","13":"tag-europe","14":"tag-fr","15":"tag-france","16":"tag-le-sourn","17":"tag-news","18":"tag-noyal-pontivy","19":"tag-pontivy","20":"tag-rennes","21":"tag-republique-francaise","22":"tag-saint-thuriau","23":"tag-space"},"share_on_mastodon":{"url":"https:\/\/pubeurope.com\/@fr\/115356814793562240","error":""},"_links":{"self":[{"href":"https:\/\/www.europesays.com\/fr\/wp-json\/wp\/v2\/posts\/455574","targetHints":{"allow":["GET"]}}],"collection":[{"href":"https:\/\/www.europesays.com\/fr\/wp-json\/wp\/v2\/posts"}],"about":[{"href":"https:\/\/www.europesays.com\/fr\/wp-json\/wp\/v2\/types\/post"}],"author":[{"embeddable":true,"href":"https:\/\/www.europesays.com\/fr\/wp-json\/wp\/v2\/users\/2"}],"replies":[{"embeddable":true,"href":"https:\/\/www.europesays.com\/fr\/wp-json\/wp\/v2\/comments?post=455574"}],"version-history":[{"count":0,"href":"https:\/\/www.europesays.com\/fr\/wp-json\/wp\/v2\/posts\/455574\/revisions"}],"wp:featuredmedia":[{"embeddable":true,"href":"https:\/\/www.europesays.com\/fr\/wp-json\/wp\/v2\/media\/455575"}],"wp:attachment":[{"href":"https:\/\/www.europesays.com\/fr\/wp-json\/wp\/v2\/media?parent=455574"}],"wp:term":[{"taxonomy":"category","embeddable":true,"href":"https:\/\/www.europesays.com\/fr\/wp-json\/wp\/v2\/categories?post=455574"},{"taxonomy":"post_tag","embeddable":true,"href":"https:\/\/www.europesays.com\/fr\/wp-json\/wp\/v2\/tags?post=455574"}],"curies":[{"name":"wp","href":"https:\/\/api.w.org\/{rel}","templated":true}]}}