{"id":455576,"date":"2025-10-11T17:54:11","date_gmt":"2025-10-11T17:54:11","guid":{"rendered":"https:\/\/www.europesays.com\/fr\/455576\/"},"modified":"2025-10-11T17:54:11","modified_gmt":"2025-10-11T17:54:11","slug":"lea-et-camille-ont-saute-en-parachute-des-horizons-a-rennes","status":"publish","type":"post","link":"https:\/\/www.europesays.com\/fr\/455576\/","title":{"rendered":"L\u00e9a et Camille ont saut\u00e9 en parachute des Horizons, \u00e0 Rennes"},"content":{"rendered":"<p>            Par<br \/>\n        <strong><br \/>\n            <a href=\"https:\/\/actu.fr\/auteur\/clemence-pays02-actu-fr\" title=\"Consulter tous les articles de Cl\u00e9mence Pays\" target=\"_blank\" rel=\"noopener\">Cl\u00e9mence Pays<\/a><br \/>\n        <\/strong><\/p>\n<p>        Publi\u00e9 le<\/p>\n<p>            11 oct. 2025 \u00e0 19h26        <\/p>\n<p>Point de rep\u00e8re dans la ville, <strong>la tour des Horizons<\/strong> en fait r\u00eaver plus d\u2019un. Et si ses <strong>35 \u00e9tages<\/strong> peuvent donner le vertige, il en faut un peu plus pour effrayer <strong>L\u00e9a et Camille.<\/strong> Ces Bretonnes \u2013 et un troisi\u00e8me acolyte anonyme \u2013 ont <strong>saut\u00e9 du plus haut b\u00e2timent de Rennes,<\/strong> de bon matin lundi 29\u00a0septembre 2025. Un d\u00e9fi pour ces amatrices de BASE-jump, une pratique sportive extr\u00eame qui consiste \u00e0 sauter d\u2019une antenne, d\u2019un immeuble, d\u2019un pont\u2026 \u00ab\u2009\u00c7a nous tenait \u00e0 c\u0153ur de pratiquer notre sport \u00e0 domicile. Surtout que c\u2019\u00e9tait <strong>notre premier saut depuis un building\u2009\u00bb,<\/strong> retrace l\u2019\u00e9quipe pour qui la hauteur des Horizons \u2013 pr\u00e8s de 100\u00a0m\u00e8tres \u2013 \u00e9tait \u00ab\u2009parfaite\u2009\u00bb, sans compter \u00ab\u2009le terrain confortable pour atterrir\u2009\u00bb qu\u2019offre la pelouse pr\u00e9sente sur la dalle.<\/p>\n<p>Une pr\u00e9paration mentale importante<\/p>\n<p class=\" wall-content\">Sauter des Horizons, c\u2019est quelque chose que L\u00e9a a d\u00e9j\u00e0 v\u00e9cu de pr\u00e8s. <a href=\"https:\/\/actu.fr\/bretagne\/rennes_35238\/exclusif-rennes-ils-sautent-en-parachute-de-la-tour-des-horizons-decouvrez-la-video-et-leur-temoignage_62050907.html\" target=\"_blank\" rel=\"noopener\">Le 24\u00a0d\u00e9cembre 2024, deux hommes s\u2019\u00e9taient d\u00e9j\u00e0 \u00e9quip\u00e9s de parachutes pour faire ce grand plongeon<\/a>. <strong>\u00ab\u2009J\u2019ai fait partie du projet l\u2019ann\u00e9e derni\u00e8re,<\/strong> sans sauter car je n\u2019avais pas encore mon mat\u00e9riel. \u00c7a m\u2019a tout de m\u00eame mis en confiance pour le saut\u2009\u00bb, pr\u00e9cise la Bretonne.<\/p>\n<p class=\" wall-content\">Un point primordial dans le BASE-jump. Pour se pr\u00e9parer, Camille et L\u00e9a expliquent tenir compte de \u00ab\u2009beaucoup de facteurs\u2009\u00bb, notamment la \u00ab\u2009pr\u00e9paration mentale\u2009\u00bb\u2009:<\/p>\n<blockquote class=\"ac-article-quote wall-content\">\n<p>Il faut se sentir capable, ne pas faire quelque chose o\u00f9 il y a un doute, ne pas le faire sous influence ; s\u2019entourer des bonnes personnes qui respectent et \u00e9coutent les besoins de chaque partie prenante du groupe et accepter que le projet puisse \u00e9chouer.<\/p>\n<p>    <strong>L\u00e9a et Camille <\/strong><br \/>\n        Amatrices de basejump    <\/p><\/blockquote>\n<p class=\" wall-content\">Il ne faut pas non plus oublier la <strong>pr\u00e9paration physique<\/strong> avant de se lancer. \u00ab\u2009Il faut avoir une <strong>bonne exp\u00e9rience en parachutisme classique<\/strong> avant de commencer le BASE, soulignent les deux sportives. Il faut avoir pratiqu\u00e9 des sauts de BASE plus accessibles avant de faire de l\u2019urbain, comme une \u00e9olienne ou un pont, o\u00f9 le d\u00e9gagement est plus important et la r\u00e9activit\u00e9 sous voile a \u00e9t\u00e9 travaill\u00e9e.\u2009\u00bb<\/p>\n<p class=\" wall-content\"><a href=\"https:\/\/www.instagram.com\/p\/DPmLfhBjej9\/embed\" title=\"Ouvrir le lien sur Instagram\" target=\"_blank\" rel=\"noopener\">Visualiser le contenu sur Instagram<\/a><\/p>\n<p>\u00ab\u2009Le fruit d\u2019un long entra\u00eenement\u2009\u00bb<\/p>\n<p class=\" wall-content\">Une fois ces deux premi\u00e8res conditions r\u00e9unies et le lieu du saut choisi, il ne faut pas foncer t\u00eate baiss\u00e9e. L\u00e0 encore, le sang-froid est de rigueur. Il y a des <strong>\u00ab\u2009facteurs techniques\u2009\u00bb.<\/strong> Parmi eux, \u2060\u00ab\u2009une m\u00e9t\u00e9o cl\u00e9mente, sans vent, prendre en compte l\u2019environnement, le terrain d\u2019atterrissage, la marche d\u2019approche, l\u2019exit (point de d\u00e9part du saut)\u2009\u00bb, cite l\u2019\u00e9quipe bretonne.<\/p>\n<p>Votre r\u00e9gion, votre actu !<\/p>\n<p>Recevez chaque jour les infos qui comptent pour vous.<\/p>\n<p>\t<a href=\"https:\/\/actu.fr\/newsletter\" class=\"ac-btn ac-btn--corner ac-btn--medium ac-btn--blue800\" target=\"_blank\" rel=\"noopener\">S&rsquo;incrire<\/a><\/p>\n<p class=\" wall-content\">\u00ab\u2009Il faut avoir le <strong>bon mat\u00e9riel,<\/strong> un sac de parachute, n\u2019est pas le m\u00eame qu\u2019un sac de BASE, il faut \u00e9galement adapter son saut \u00e0 la hauteur, en choisissant la bonne taille d\u2019extracteur et le bon type de saut.\u2009\u00bb<\/p>\n<blockquote class=\"ac-article-quote wall-content\">\n<p>Il y a beaucoup d\u2019\u00e9tapes \u00e0 valider avant de se mettre aux sauts urbains, c\u2019est le fruit d\u2019un long entrainement, de beaucoup de sauts plus faciles.<\/p>\n<p>    <strong>L\u00e9a et Camille<\/strong><br \/>\n        Amatrices de basejump    <\/p><\/blockquote>\n<p>Un film pour immortaliser l\u2019instant<\/p>\n<p class=\" wall-content\">Le lundi 29\u00a0septembre, apr\u00e8s ce travail de rep\u00e9rage et d\u2019entra\u00eenement, les conditions \u00e9taient r\u00e9unies. Le trio breton a pu discr\u00e8tement p\u00e9n\u00e9trer dans la tour des Horizons jusqu\u2019\u00e0 atteindre son toit. Face <strong>au lever de jour,<\/strong> et alors que la ville se r\u00e9veille doucement, la pression monte pour les sportifs. Perch\u00e9s sur la corniche, <strong>un \u00e0 un, ils se sont \u00e9lanc\u00e9s<\/strong> avant de d\u00e9ployer leur parachute et d\u2019atterrir sans encombre, sous les yeux \u00e9bahis de quelques passants.<\/p>\n<p>Message d&rsquo;avertissement de la part des sportifs ayant saut\u00e9 des Horizons<\/p>\n<p>\u00ab\u00a0Il nous semble judicieux de rappeler, dans une \u00e9poque o\u00f9 nous aimons partager nos exp\u00e9riences sur les r\u00e9seaux, que le BASE est un sport extr\u00eame, qui n\u00e9cessite une vraie pr\u00e9paration physique et mentale. Et o\u00f9 l\u2019erreur peut amener \u00e0 des cons\u00e9quences extr\u00eames. Il est bien \u00e9videmment accessible \u00e0 celui qui s\u2019en donne les moyens, mais c\u2019est une pratique qui n\u00e9cessite la pleine possession de ses moyens. Il faut \u00eatre attentif au moindre d\u00e9tail, rien n\u2019est laiss\u00e9 au hasard.\u00a0\u00bb<\/p>\n<p class=\" wall-content\">Un <strong>moment hors du temps<\/strong> captur\u00e9 par des amis vid\u00e9astes du groupe, <a href=\"https:\/\/www.instagram.com\/mlt_drone\/\" target=\"_blank\" rel=\"noopener\">Ma\u00ebl Thomas<\/a>, <a href=\"https:\/\/www.instagram.com\/marian_prod_\/\" target=\"_blank\" rel=\"noopener\">Florian Malapert<\/a>, Loup Ducloux et <a href=\"https:\/\/www.instagram.com\/loic.vision\/\" target=\"_blank\" rel=\"noopener\">Lo\u00efc<\/a>. \u00ab\u2009Ils nous ont permis de cr\u00e9er de magnifiques images et souvenirs pour nous qui resteront grav\u00e9s.\u2009\u00bb Et qui en laisseront sans doute plus d\u2019un r\u00eaveur\u2026<\/p>\n<p class=\" wall-content\"><strong>Brian Le Goff et Cl\u00e9mence Pays.<\/strong><\/p>\n<p class=\" wall-content\">Personnalisez votre actualit\u00e9 en ajoutant vos villes et m\u00e9dias en favori avec <a href=\"https:\/\/moncompte.actu.fr\" title=\"D\u00e9couvez Mon Actu\" rel=\"nofollow noopener\" data-trk=\"{&quot;cta&quot;:{&quot;action&quot;:&quot;https:\\\/\\\/moncompte.actu.fr&quot;,&quot;category&quot;:&quot;mon compte&quot;,&quot;from&quot;:&quot;article footer&quot;,&quot;name&quot;:&quot;Mon actu&quot;,&quot;type&quot;:&quot;cta&quot;}}\" target=\"_blank\">Mon Actu<\/a>.<\/p>\n<p>                    <script async src=\"\/\/www.instagram.com\/embed.js\"><\/script><\/p>\n","protected":false},"excerpt":{"rendered":"Par Cl\u00e9mence Pays Publi\u00e9 le 11 oct. 2025 \u00e0 19h26 Point de rep\u00e8re dans la ville, la tour&hellip;\n","protected":false},"author":2,"featured_media":455577,"comment_status":"","ping_status":"","sticky":false,"template":"","format":"standard","meta":{"footnotes":""},"categories":[2821],"tags":[1111,11,829,1777,674,1011,27,1757,2440,12,58085,584,25],"class_list":{"0":"post-455576","1":"post","2":"type-post","3":"status-publish","4":"format-standard","5":"has-post-thumbnail","7":"category-rennes","8":"tag-actu","9":"tag-actualites","10":"tag-bretagne","11":"tag-eu","12":"tag-europe","13":"tag-fr","14":"tag-france","15":"tag-insolite","16":"tag-instagram","17":"tag-news","18":"tag-parachute","19":"tag-rennes","20":"tag-republique-francaise"},"share_on_mastodon":{"url":"https:\/\/pubeurope.com\/@fr\/115356818688391838","error":""},"_links":{"self":[{"href":"https:\/\/www.europesays.com\/fr\/wp-json\/wp\/v2\/posts\/455576","targetHints":{"allow":["GET"]}}],"collection":[{"href":"https:\/\/www.europesays.com\/fr\/wp-json\/wp\/v2\/posts"}],"about":[{"href":"https:\/\/www.europesays.com\/fr\/wp-json\/wp\/v2\/types\/post"}],"author":[{"embeddable":true,"href":"https:\/\/www.europesays.com\/fr\/wp-json\/wp\/v2\/users\/2"}],"replies":[{"embeddable":true,"href":"https:\/\/www.europesays.com\/fr\/wp-json\/wp\/v2\/comments?post=455576"}],"version-history":[{"count":0,"href":"https:\/\/www.europesays.com\/fr\/wp-json\/wp\/v2\/posts\/455576\/revisions"}],"wp:featuredmedia":[{"embeddable":true,"href":"https:\/\/www.europesays.com\/fr\/wp-json\/wp\/v2\/media\/455577"}],"wp:attachment":[{"href":"https:\/\/www.europesays.com\/fr\/wp-json\/wp\/v2\/media?parent=455576"}],"wp:term":[{"taxonomy":"category","embeddable":true,"href":"https:\/\/www.europesays.com\/fr\/wp-json\/wp\/v2\/categories?post=455576"},{"taxonomy":"post_tag","embeddable":true,"href":"https:\/\/www.europesays.com\/fr\/wp-json\/wp\/v2\/tags?post=455576"}],"curies":[{"name":"wp","href":"https:\/\/api.w.org\/{rel}","templated":true}]}}