{"id":455584,"date":"2025-10-11T18:00:13","date_gmt":"2025-10-11T18:00:13","guid":{"rendered":"https:\/\/www.europesays.com\/fr\/455584\/"},"modified":"2025-10-11T18:00:13","modified_gmt":"2025-10-11T18:00:13","slug":"les-remparts-de-tours-vont-ils-reussir-leur-premiere-a-domicile-contre-nantes","status":"publish","type":"post","link":"https:\/\/www.europesays.com\/fr\/455584\/","title":{"rendered":"les Remparts de Tours vont-ils r\u00e9ussir leur premi\u00e8re \u00e0 domicile contre Nantes ?"},"content":{"rendered":"<p>Ce direct est aliment\u00e9 par les journalistes du service des sports.<\/p>\n<p><strong>Tours\u00a0&#8211; Nantes\u00a0: 0-0<\/strong><\/p>\n<p><strong>20\u00a0h. <\/strong>La patinoire de Tours est annonc\u00e9e pleine pour cette affiche, comme souvent ici. \u00ab\u00a0Notre public va nous aider, c\u2019est certain. L\u2019atmosph\u00e8re qui r\u00e8gne dans cette patinoire constitue toujours un plus pour nous\u00a0\u00bb, appr\u00e9cie St\u00e9phane Gros, le coach des Remparts de Tours. Plus que quinze minutes avant le d\u00e9but du match.<\/p>\n<p><strong>19\u00a0h\u00a055. <\/strong>On fait un petit pas de c\u00f4t\u00e9 pour vous informer que Montlouis m\u00e8ne \u00e0 la pause contre Bourges (1-0), en Coupe de France masculine de football, et qu\u2019en LBE, le Chambray Touraine Handball d\u00e9roule pour le moment dans la salle de Paris (11-20 \u00e0 la mi-temps).<\/p>\n<p><strong>19\u00a0h\u00a050. <\/strong>Les deux \u00e9quipes se sont d\u00e9j\u00e0 affront\u00e9es en Coupe de France, il y a deux semaines sur la m\u00eame glace. Les Remparts s\u2019\u00e9taient impos\u00e9s nettement\u00a0: <a target=\"_blank\" href=\"https:\/\/www.lanouvellerepublique.fr\/tours\/coupe-de-france-des-remparts-de-tours-retrouves-et-victorieux-face-a-nantes-1759009337\" rel=\"nofollow noopener\">4-0.<\/a> Bis repetita ce samedi soir\u00a0?<\/p>\n<p><strong>19\u00a0h\u00a045. <\/strong>Quelques joueurs \u00e0 surveiller c\u00f4t\u00e9 nantais<strong>\u00a0: <\/strong>le capitaine C\u00e9dric Custosse, buteur la semaine pass\u00e9e lors de la d\u00e9faite \u00e0 Lyon (6-3)\u00a0; les Canadiens Sean Rosss, Devyn Mayea et Benjamin Wozney\u00a0; ou encore l\u2019ancien Tourangeau, Julien Msumbu.<\/p>\n<p><strong>19\u00a0h\u00a040. <\/strong>Pas de surprise dans le groupe tourangeau, qui b\u00e9n\u00e9ficie notamment du retour de Matthieu Fr\u00e9con. Le d\u00e9fenseur revient de blessure, apr\u00e8s dix mois d\u2019absence.<\/p>\n<p><strong>19\u00a0h\u00a035. <\/strong>\u00ab\u00a0Je veux absolument cr\u00e9er une forteresse, ici \u00e0 Tours\u00a0\u00bb\u00a0: l\u2019entra\u00eeneur St\u00e9phane Gros a fix\u00e9 l\u2019objectif du premier match de championnat \u00e0 domicile de son \u00e9quipe, victorieuse la semaine pass\u00e9e \u00e0 Chamb\u00e9ry (<a target=\"_blank\" href=\"https:\/\/www.lanouvellerepublique.fr\/tours\/division-1-le-depart-en-fanfare-des-remparts-de-tours-a-chambery-1759612786\" rel=\"nofollow noopener\">2-5<\/a>).<\/p>\n<p><strong>19\u00a0h\u00a030.<\/strong> Bienvenue sur ce direct pour suivre le match de D1 opposant les Remparts de Tours aux Corsaires de Nantes, comptant pour la deuxi\u00e8me journ\u00e9e. Premiers coups de crosse \u00e0 20\u00a0h\u00a015, sur la glace tourangelle.<\/p>\n<p class=\"alireaussi\"><b>&gt;\u00a0Rejoignez la communaut\u00e9 NR\u00a0&#8211; Les sports en Touraine sur Facebook.<\/b><\/p>\n","protected":false},"excerpt":{"rendered":"Ce direct est aliment\u00e9 par les journalistes du service des sports. Tours\u00a0&#8211; Nantes\u00a0: 0-0 20\u00a0h. La patinoire de&hellip;\n","protected":false},"author":2,"featured_media":455585,"comment_status":"","ping_status":"","sticky":false,"template":"","format":"standard","meta":{"footnotes":""},"categories":[2818],"tags":[1392,1111,11,2206,1777,674,1011,27,4133,1387,766,12,2636,51935,25,60,1390],"class_list":{"0":"post-455584","1":"post","2":"type-post","3":"status-publish","4":"format-standard","5":"has-post-thumbnail","7":"category-nantes","8":"tag-a-la-une-local","9":"tag-actu","10":"tag-actualites","11":"tag-division-1","12":"tag-eu","13":"tag-europe","14":"tag-fr","15":"tag-france","16":"tag-hockey-sur-glace","17":"tag-indre-et-loire","18":"tag-nantes","19":"tag-news","20":"tag-pays-de-la-loire","21":"tag-remparts-de-tours","22":"tag-republique-francaise","23":"tag-sports","24":"tag-tours"},"share_on_mastodon":{"url":"https:\/\/pubeurope.com\/@fr\/115356842339207379","error":""},"_links":{"self":[{"href":"https:\/\/www.europesays.com\/fr\/wp-json\/wp\/v2\/posts\/455584","targetHints":{"allow":["GET"]}}],"collection":[{"href":"https:\/\/www.europesays.com\/fr\/wp-json\/wp\/v2\/posts"}],"about":[{"href":"https:\/\/www.europesays.com\/fr\/wp-json\/wp\/v2\/types\/post"}],"author":[{"embeddable":true,"href":"https:\/\/www.europesays.com\/fr\/wp-json\/wp\/v2\/users\/2"}],"replies":[{"embeddable":true,"href":"https:\/\/www.europesays.com\/fr\/wp-json\/wp\/v2\/comments?post=455584"}],"version-history":[{"count":0,"href":"https:\/\/www.europesays.com\/fr\/wp-json\/wp\/v2\/posts\/455584\/revisions"}],"wp:featuredmedia":[{"embeddable":true,"href":"https:\/\/www.europesays.com\/fr\/wp-json\/wp\/v2\/media\/455585"}],"wp:attachment":[{"href":"https:\/\/www.europesays.com\/fr\/wp-json\/wp\/v2\/media?parent=455584"}],"wp:term":[{"taxonomy":"category","embeddable":true,"href":"https:\/\/www.europesays.com\/fr\/wp-json\/wp\/v2\/categories?post=455584"},{"taxonomy":"post_tag","embeddable":true,"href":"https:\/\/www.europesays.com\/fr\/wp-json\/wp\/v2\/tags?post=455584"}],"curies":[{"name":"wp","href":"https:\/\/api.w.org\/{rel}","templated":true}]}}