{"id":455598,"date":"2025-10-11T18:07:11","date_gmt":"2025-10-11T18:07:11","guid":{"rendered":"https:\/\/www.europesays.com\/fr\/455598\/"},"modified":"2025-10-11T18:07:11","modified_gmt":"2025-10-11T18:07:11","slug":"face-a-la-crise-politique-le-ps-mise-sur-lexemple-local-et-une-union-de-la-gauche","status":"publish","type":"post","link":"https:\/\/www.europesays.com\/fr\/455598\/","title":{"rendered":"face \u00e0 la crise politique, le PS mise sur \u00ab\u00a0l&rsquo;exemple local\u00a0\u00bb et une \u00ab\u00a0union de la gauche\u00a0\u00bb"},"content":{"rendered":"<p>La veille, \u00e9lus et militants pouvaient encore croire \u00e0 l\u2019arriv\u00e9e d\u2019un <a href=\"https:\/\/www.laprovence.com\/article\/politique\/31913942545402\/un-premier-ministre-de-gauche-pour-le-ps-et-les-ecologistes-une-dissolution-pour-le-rn-qui-veut-quoi\" target=\"_blank\" rel=\"noopener\">Premier ministre socialise \u00e0 la t\u00eate du gouvernement<\/a>. Mais ce samedi 11\u00a0octobre, apr\u00e8s la nouvelle nomination de S\u00e9bastien Lecornu et le \u00ab\u00a0spectacle lamentable\u00a0\u00bb de la politique nationale, c\u2019est dans un contexte de \u00ab\u00a0crise institutionnelle\u00a0\u00bb que s\u2019ouvre la <a href=\"https:\/\/www.laprovence.com\/article\/politique\/4416098325823914\/marseille-le-parti-socialiste-des-bouches-du-rhone-effectue-sa-rentree-politique-a-guichets-fermes\" target=\"_blank\" rel=\"noopener\">F\u00eate de la rose<\/a>, \u00e0 la Friche Belle-de-Mai. Traditionnelle rentr\u00e9e politique du <a href=\"https:\/\/www.laprovence.com\/article\/politique\/1053662338193115\/la-gauche-est-de-retour-les-socialistes-vauclusiens-debattent-sur-la-maniere-de-battre-l-extreme-droite\" target=\"_blank\" rel=\"noopener\">Parti socialiste local<\/a>, la manifestation se veut donc un \u00ab\u00a0rassemblement de toutes les forces de gauche\u00a0\u00bb dans un moment qualifi\u00e9 de \u00ab\u00a0rendez-vous avec l\u2019histoire\u00a0\u00bb par le premier secr\u00e9taire de la f\u00e9d\u00e9ration des Bouches-du-Rh\u00f4ne, <a href=\"https:\/\/www.laprovence.com\/article\/region\/3717591699488214\/marseille-confidentiels-yannick-ohanessian-devient-porte-parole-national-du-ps\" target=\"_blank\" rel=\"noopener\">Yannick Ohanessian<\/a>.<\/p>\n<p>Un rendez-vous aux allures de grande photo de famille, sur laquelle tous donnent le change. Des communistes, aux \u00e9cologistes, en passant par les chefs de file de Place publique ou m\u00eame des Radicaux de gauche, sans oublier les repr\u00e9sentants syndicaux de Force ouvri\u00e8re ou de la CFDT, chacun joue la carte de l\u2019unit\u00e9. Et comme rempart, dans \u00ab\u00a0un pays profond\u00e9ment affaibli\u00a0\u00bb, le PS mise sur \u00ab\u00a0l\u2019exemple local\u00a0\u00bb et sur \u00ab\u00a0les \u00e9lus des territoires\u00a0\u00bb.<\/p>\n<p>Devant un premier rang o\u00f9 Yannick Ohanessian est entour\u00e9 par le communiste J\u00e9r\u00e9my Bacchi, l\u2019\u00e9cologiste Herv\u00e9 Menc&#8230;<\/p>\n","protected":false},"excerpt":{"rendered":"La veille, \u00e9lus et militants pouvaient encore croire \u00e0 l\u2019arriv\u00e9e d\u2019un Premier ministre socialise \u00e0 la t\u00eate du&hellip;\n","protected":false},"author":2,"featured_media":455599,"comment_status":"","ping_status":"","sticky":false,"template":"","format":"standard","meta":{"footnotes":""},"categories":[2814],"tags":[17,1111,11,352,1777,674,2823,4768,1011,27,884,6352,12,316,882,25,4940],"class_list":{"0":"post-455598","1":"post","2":"type-post","3":"status-publish","4":"format-standard","5":"has-post-thumbnail","7":"category-marseille","8":"tag-17","9":"tag-actu","10":"tag-actualites","11":"tag-crise","12":"tag-eu","13":"tag-europe","14":"tag-face","15":"tag-fete","16":"tag-fr","17":"tag-france","18":"tag-marseille","19":"tag-mise","20":"tag-news","21":"tag-politique","22":"tag-provence-alpes-cote-dazur","23":"tag-republique-francaise","24":"tag-rose"},"share_on_mastodon":{"url":"https:\/\/pubeurope.com\/@fr\/115356869926753311","error":""},"_links":{"self":[{"href":"https:\/\/www.europesays.com\/fr\/wp-json\/wp\/v2\/posts\/455598","targetHints":{"allow":["GET"]}}],"collection":[{"href":"https:\/\/www.europesays.com\/fr\/wp-json\/wp\/v2\/posts"}],"about":[{"href":"https:\/\/www.europesays.com\/fr\/wp-json\/wp\/v2\/types\/post"}],"author":[{"embeddable":true,"href":"https:\/\/www.europesays.com\/fr\/wp-json\/wp\/v2\/users\/2"}],"replies":[{"embeddable":true,"href":"https:\/\/www.europesays.com\/fr\/wp-json\/wp\/v2\/comments?post=455598"}],"version-history":[{"count":0,"href":"https:\/\/www.europesays.com\/fr\/wp-json\/wp\/v2\/posts\/455598\/revisions"}],"wp:featuredmedia":[{"embeddable":true,"href":"https:\/\/www.europesays.com\/fr\/wp-json\/wp\/v2\/media\/455599"}],"wp:attachment":[{"href":"https:\/\/www.europesays.com\/fr\/wp-json\/wp\/v2\/media?parent=455598"}],"wp:term":[{"taxonomy":"category","embeddable":true,"href":"https:\/\/www.europesays.com\/fr\/wp-json\/wp\/v2\/categories?post=455598"},{"taxonomy":"post_tag","embeddable":true,"href":"https:\/\/www.europesays.com\/fr\/wp-json\/wp\/v2\/tags?post=455598"}],"curies":[{"name":"wp","href":"https:\/\/api.w.org\/{rel}","templated":true}]}}