{"id":455600,"date":"2025-10-11T18:08:15","date_gmt":"2025-10-11T18:08:15","guid":{"rendered":"https:\/\/www.europesays.com\/fr\/455600\/"},"modified":"2025-10-11T18:08:15","modified_gmt":"2025-10-11T18:08:15","slug":"alain-clemence-toujours-introuvable-quinze-jours-apres-son-embarquement-a-marseille-a-destination-de-bastia-une-association-lance-un-nouvel-appel-a-temoin","status":"publish","type":"post","link":"https:\/\/www.europesays.com\/fr\/455600\/","title":{"rendered":"Alain Clemence toujours introuvable quinze jours apr\u00e8s son embarquement \u00e0 Marseille \u00e0 destination de Bastia, une association lance un nouvel appel \u00e0 t\u00e9moin"},"content":{"rendered":"<p>Les jours passent et toujours aucune nouvelle d&rsquo;Alain Clemence. Le 25 septembre dernier, <a href=\"https:\/\/www.corsematin.com\/article\/faits-diversjustice\/1117987480269615\/un-homme-porte-disparu-entre-marseille-et-la-corse\" target=\"_blank\" rel=\"noopener\">ce sexag\u00e9naire embarque \u00e0 Marseille<\/a> sur le navire Pascal-Paoli de la compagnie maritime Corsica Linea, \u00e0 destination de Bastia. Selon sa famille, il appara\u00eet pour la derni\u00e8re fois sur une image de vid\u00e9osurveillance, embarquant sur le bateau \u00e0 16 h 55. Depuis, c&rsquo;est le trou noir.<\/p>\n<p>D&rsquo;apr\u00e8s les enregistrements de vid\u00e9osurveillance du port de Bastia (visionn\u00e9s par sa fille), il ne figure pas parmi les passagers descendus \u00e0 pied du navire, alors qu&rsquo;il y avait bien embarqu\u00e9 comme pi\u00e9ton.<\/p>\n<p>Pour tenter de dissiper l&rsquo;\u00e9pais brouillard qui entoure sa disparition, l&rsquo;association Assistance et recherche de personnes disparues (ARPD) lance un nouvel appel \u00e0 t\u00e9moin. \u00ab\u00a0Des passagers l&rsquo;ont-ils aper\u00e7u\u00a0? A-t-il parl\u00e9 \u00e0 des gens\u00a0? C&rsquo;est un ancien marin, peut-\u00eatre a-t-il parl\u00e9 au personnel de bord\u00a0\u00bb, interroge Karine Ragot, vice-pr\u00e9sidente de l&rsquo;association pour le secteur Paca-Corse.<\/p>\n<p>Les vid\u00e9osurveillances du bateau pourront-elles \u00eatre exploit\u00e9es\u00a0?<\/p>\n<p>L&rsquo;association cherche \u00e9galement \u00e0 savoir s&rsquo;il aurait pu monter dans une voiture avec d&rsquo;autres passagers. Car il est \u00e0 ce stade impossible de conna\u00eetre le parcours d&rsquo;Alain Clemence sur le bateau. \u00ab\u00a0On nous a dit que les vid\u00e9osurveillances n&rsquo;\u00e9taient pas exploitables\u00a0\u00bb, assure Morgan, la fille du disparu. De son c\u00f4t\u00e9, le directeur g\u00e9n\u00e9ral de Corsica Linea, Pierre-Antoine Villanova, affirme n&rsquo;avoir \u00e9t\u00e9 \u00ab\u00a0inform\u00e9 d&rsquo;aucune demande\u00a0de la part des autorit\u00e9s polici\u00e8res\u00a0\u00bb.<\/p>\n<p><img alt=\"Le navire Pascal-Paoli de la compagnie Corsica Linea, amarr\u00e9 au port de Marseille.\" loading=\"lazy\" decoding=\"async\" data-nimg=\"fill\" class=\" TwicCore_img__i9TC1 undefined  undefined\" style=\"position:absolute;height:100%;width:100%;left:0;top:0;right:0;bottom:0;object-fit:cover;color:transparent;background-size:cover;background-position:50% 50%;background-repeat:no-repeat;background-image:url(&quot;data:image\/svg+xml;charset=utf-8,%3Csvg xmlns='http:\/\/www.w3.org\/2000\/svg' %3E%3Cfilter id='b' color-interpolation-filters='sRGB'%3E%3CfeGaussianBlur stdDeviation='20'\/%3E%3CfeColorMatrix values='1 0 0 0 0 0 1 0 0 0 0 0 1 0 0 0 0 0 100 -1' result='s'\/%3E%3CfeFlood x='0' y='0' width='100%25' height='100%25'\/%3E%3CfeComposite operator='out' in='s'\/%3E%3CfeComposite in2='SourceGraphic'\/%3E%3CfeGaussianBlur stdDeviation='20'\/%3E%3C\/filter%3E%3Cimage width='100%25' height='100%25' x='0' y='0' preserveAspectRatio='xMidYMid slice' style='filter: url(%23b);' href='data:image\/png;base64,iVBORw0KGgoAAAANSUhEUgAAArwAAAFnCAYAAABEq5oyAAAQcUlEQVR4Ae3dP3SVZZ7A8eeSBIYZE3dPqkFjqYVQKG4F56zYgescStBzoAMbaXaAhmJctQB2t9DGOLVDSpwZodQCqgEsgMLZQwG4Uu1ZCP4ZEpK79\/cy8UQWSW7uv\/f+\/HzOuedCSN73Xorw5Zfnfd7G5ORkswAAQE7NdQUAABITvAAApCZ4AQBITfACAJCa4AUAIDXBCwBAaoIXAIDUBC8AAKkJXgAAUhO8AACkJngBAEhN8AIAkJrgBQAgNcELAEBqghcAgNQELwAAqQleAABSE7wAAKQmeAEASE3wAgCQmuAFACA1wQsAQGqCFwCA1AQvAACpCV4AAFITvAAApCZ4AQBITfACAJCa4AUAIDXBCwBAaoIXAIDUBC8AAKkJXgAAUhO8AACkJngBAEhN8AIAkJrgBQAgNcELAEBqghcAgNQELwAAqQleAABSE7wAAKQmeAEASE3wAgCQmuAFACA1wQsAQGqCFwCA1AQvAACpCV4AAFITvAAApCZ4AQBITfACAJCa4AUAIDXBCwBAaoIXAIDUBC8AAKkJXgAAUhO8AACkJngBAEhN8AIAkJrgBQAgNcELAEBqghcAgNQELwAAqQleAABSE7wAAKQmeAEASE3wAgCQmuAFACA1wQsAQGqCFwCA1AQvAACpCV4AAFITvAAApCZ4AQBITfACAJCa4AUAIDXBCwBAaoIXAIDUBC8AAKkJXgAAUhO8AACkJngBAEhN8AIAkJrgBQAgNcELAEBqghcAgNQELwAAqQleAABSE7wAAKQmeAEASE3wAgCQmuAFACA1wQsAQGqCFwCA1AQvAACpCV4AAFITvAAApCZ4AQBITfACAJCa4AUAIDXBCwBAaoIXAIDUBC8AAKkJXgAAUhO8AACkJngBAEhN8AIAkJrgBQAgNcELAEBqghcAgNQELwAAqQleAABSE7wAAKQmeAEASE3wAgCQmuAFACA1wQsAQGqCFwCA1AQvAACpCV4AAFITvAAApCZ4AQBITfACAJCa4AUAIDXBCwBAaoIXAIDUBC8AAKkJXgAAUhO8AACkJngBAEhN8AIAkJrgBQAgNcELAEBqghcAgNQELwAAqQleAABSGy0APzONRuORH282mwWAfAQvkNJS1E5MTJRnnnmmbNmypfp1PKamph75NTdv3iyzs7PV840bN8qVK1eqjwthgOEmeIE0InIjZnft2lWef\/75sn379p+M29W4c+dOFb1nz54tZ86cqUJY\/AIMn8bk5KTv3sDQisjdvHlz2blzZ9m7d29HgbuS8+fPl5mZmeohfAGGRlPwAkMpQjcmuQcOHCjbtm1b8fNv375dTWtjqUKIJQ7xWIs4zr59+344FgC1JniB4RKhu2fPnnL48OFqbe5KInSnp6erR6zPXe69994rBw8eLGsRyx12795dLl++XACoNcELDIcI3ZjkRuiuZqIbrl+\/XkVprL19lFj+8MUXX5S1Er0AQ0HwAvX35JNPliNHjrQ9jX3hhRd+MnaXXLt2rTr+WsWyhh07dlTxC0AtNd14Aqi1WLZw+vTptmP3xIkTK8ZueHiZQ7vi9a11WQQA\/SF4gdqKi8o+++yzti8ui2nrqVOnVvW53ViOEGuKAagvwQvUUuzAEJPdtSw3iH1zVzPdDZ1OeENMeXu5HRoAnRG8QO3ERPeDDz5Y89ra1U53Q7e2FlvrFmcA9J7gBWplac3uWmM3ljPEDSJWa7WT4JV0cuEbAL0leIHamJiY6Ch2QzuxG9w8AiA\/wQvUxtGjR1d1M4nHaTd4465p3SCcAepL8AK18Oqrr3Zle692A7bdJRDdOi8A\/SN4gVp45513Sjes5QYQZ86cKZ2IYHbjCYD6ErzAwMU+tp0uZViylknrzMxMuX37dlmr6enpAkB9CV5g4OK2wd2w1nW0MZ09dOhQaTbbu9N6fP7x48c7nhAD0FuCFxiobdu2dW2628kWYxGt+\/fvL9evX18xfOPPYyJ87NixcvLkyQJAvY0WgAGq0215I3rPnTtX3eVt586dVYgv3yItJsFxK+KrV69WN7foxl3aAOi9xuTkZHs\/wwPoomvXrnXtpg0RrPv27SsAsEzTkgZgYGI5QzfvUGanBAAeRfACAxNLBwCg1wQvMDCbN28uANBrghcYGMELQD8IXmAgYu1uN9fvAsBPsS0ZMBDZp7uNR3zs14uNMr5YyrP3W8+t338+1ixfj6x+o5w45njrGL9edoz4\/d11zXKrNb74uvX819EHx+t0+53Gstf83P0Hrzt+HeI88br\/a6RU57bVD1B3ghegTQ\/HbETnE63nCMMnWmG4qfX7eIw3W88L8fzgYw8b33i\/TP9yoax0rq3zjbL1\/rqy495IeW6h8djPjxi9MLZYPtq4UP57pL0UXQrql+daj\/mR8tL8g\/fwOF+2zvFx6338ecOi8AVqS\/ACA9Gtu6v1w1IExkR108K6HwJ2KWZXisK1iCO+dm9d6xHhufrVZ\/G6ftP6mh1zI+XDX94vf\/jFwqrOFe\/l9b+NVOds5\/1EgP\/bN2Pl4HfNcnBivu3IBugHwQuwgpdak9u3vx0r3c\/a\/29povt2KyIfNRVerQjxw9+OVs\/TG386ep9qBevB70eqsO7EU63X+oc768uBibny5ajoBerFRWtAGr2aGn+2frH863hrermutyEX8fnR7Fj5\/ez6jmJ3uTe\/G60mtw+Lo7\/R+vipO2Mdx+6SidZfz0fx2hf68V8DgNUTvEAavdz1IaL3wJPz5ZMNC11fqxp5+Prf47Od5QurFdE7viygl8L6t9UEuLtxGtH79rd+eAjUi+AF0piYmCi9FBeE\/e6J++U\/ftW96J1ohejvvhn9+\/KD3kxGY1nD6\/cefLuPaW6vwnrJ1tax44I3gLrw33BgIO7cuVO6rV8Xwn38i\/vlbqNZ3v6ms2+hccFXxGe3li88zhvfPwjqN77vzvKFx3kwsR4tF8bmC0AdmPACA3Hjxo3SC1NTU6Uf\/rhhoZr4diJ2UliK3eZjHt0QU96l2O31ucLWef+8APVhwgsMRC8mvGHLli3l5s2bpR9iN4JNc51NZ\/8yulgd59ZIs3xT4oYOP\/7zZ2O7sFaoPtWFKXAE+l\/GFqubU8S57raa9O6yw0YUvzz3YCu0Ts8Wx4obVdzq8YV+AKsheIGBiCiN6O32hWb9mvCGWNbQiQjQuBDucS6MlfL5+sXy+y4sfYgL7\/79V\/dX\/JyLY50v1whxI45b6wUvMHh+5gQMTC8msdu2bSvZRBh\/vHHlG0isZHyV7fmnDQvlQmvy3PH5Oj8EQFcIXmBgzp8\/X7otY\/CGiNBOrXYXiGaXzgdQF4IXGJgrV66UboslEhmjN9ba3u1wCcV4G1\/+VwvegEQELzAwZ86cKb2wa9euktHdPm5te9fFZkAighcYmLhorRfLGvbs2dPTu64BMFwELzBQvZjyRuwePny4AEAQvMBAzczM9GRP3jfffLNs3769AIDgBQYqYjeitxfef\/\/9vt1uGID6ErzAwH344YelFyJ2T58+LXoBfuYELzBwcQOKEydOlF6I2L106VI5cuRIaTQa1aMT8fWxRjiOl3XPX4BsBC9QC9PT0+X69eulVyJQL168WC1z2LJlyw\/x+7gAXv458TWxLjgmxteuXauON2VyDDAUbC0O1EKs5T106FD55JNPSq\/EtDcee\/fuLTdu3Kgmy5cvXy6zs7Plq6+++tHnPv3002VqaqoK3Xi2zRnA8BK8QG3EnrzHjx8vR48eLb22FL+dLEuYbUW6b6IA9WdJA1ArJ0+eLKdOnSp1F6+xV3eKA6C7BC9QO2+99VZto7fZbFZT6HiNAAwHP40DaimCMtb1Hjx4sOOdFbrl9u3b1QQ6LrADYHgIXqC2jh07Vl1Y9u677w40emOqGxe37d+\/v3o9AAwXSxqAWotp6osvvljOnTtXhWe\/xVQ3wvuVV14RuwBDSvACtRehuXv37mqZQ+zV24\/wjdCNtboR25YwAAw3wQsMjZmZmbJ169ZqacGnn35ahW834zeOtTx0Y71u7NELwHCzhhcYOrEdWDzihhCxj+7OnTvL5s2bq311l6y05nd5KF+5cqXaA\/js2bPVMwC5CF5gaMVSh5j6xiNMTExUd0aL+I1fRxCHpRCOu6uFmNpevXq1+v3SndYAyEvwAmlEuMaE1pQWgOWs4QUAIDXBCwBAaoIXAIDUBC8AAKkJXgAAUhO8AACkJngBAEhN8AIAkJrgBQAgNcELsEabFhqlE+PNzr6+l8YXO39tdX5\/wM+L4AVYo02LnQZve2HZ6fnaCfQnmqUjcabnFgQvUA+CF6BNkXG\/\/W604wANr82tKysdJf789b+NlE7F6\/2n+caqzvebe53\/8\/DavZHWY+X3B9BrjcnJyQ7\/Hw+Q30QrFp9dKOXluZEqBrv54\/o\/blgon69fLBdHm2V2XfNH5\/znuUbZMb+u7JjrPHiXn+9PrcfFsWZZ\/g9ABPGO1vniPb403715yNet93RhbLE676WHzgnQB03BC7AKl\/5nQ+mHvf8wV74caVbx+ef\/XV96KUL0X\/5xrvr1y61J83\/eHSv98OLkvQLQR83RAsCKpjfeL\/1wt7H03Oz5OWeXDalvjTT78h5NWIBBMOEFACCzpovWAABITfACAJCa4AUAIDXBCwBAaoIXAIDUBC8AAKkJXgAAUhO8AACkJngBAEhN8AIAkJrgBQAgNcELAEBqghcAgNQELwAAqQleAABSE7wAAKQmeAEASE3wAgCQmuAFACA1wQsAQGqCFwCA1AQvAACpCV4AAFITvAAApCZ4AQBITfACAJCa4AUAIDXBCwBAaoIXAIDUBC8AAKkJXgAAUhO8AACkJngBAEhN8AIAkJrgBQAgNcELAEBqghcAgNQELwAAqQleAABSE7wAAKQmeAEASE3wAgCQmuAFACA1wQsAQGqCFwCA1AQvAACpCV4AAFITvAAApCZ4AQBITfACAJCa4AUAIDXBCwBAaoIXAIDUBC8AAKkJXgAAUhO8AACkJngBAEhN8AIAkJrgBQAgNcELAEBqghcAgNQELwAAqQleAABSE7wAAKQmeAEASE3wAgCQmuAFACA1wQsAQGqCFwCA1AQvAACpCV4AAFITvAAApCZ4AQBITfACAJCa4AUAIDXBCwBAaoIXAIDUBC8AAKkJXgAAUhO8AACkJngBAEhN8AIAkJrgBQAgNcELAEBqghcAgNQELwAAqQleAABSE7wAAKQmeAEASE3wAgCQmuAFACA1wQsAQGqCFwCA1AQvAACpCV4AAFITvAAApCZ4AQBITfACAJCa4AUAIDXBCwBAaoIXAIDUBC8AAKkJXgAAUhO8AACkJngBAEhN8AIAkJrgBQAgNcELAEBqghcAgNQELwAAqQleAABSE7wAAKQmeAEASE3wAgCQmuAFACA1wQsAQGqCFwCA1AQvAACpCV4AAFITvAAApCZ4AQBITfACAJCa4AUAIDXBCwBAaoIXAIDUBC8AAKkJXgAAUhO8AACkJngBAEhN8AIAkJrgBQAgNcELAEBqghcAgNQELwAAqQleAABSE7wAAKQmeAEASE3wAgCQmuAFACA1wQsAQGqCFwCA1AQvAACpCV4AAFIbbT2aBQAAcmr+HxOS2LXTZHzQAAAAAElFTkSuQmCC'\/%3E%3C\/svg%3E&quot;)\"   src=\"https:\/\/www.europesays.com\/fr\/wp-content\/uploads\/2025\/10\/vue-generale-de-la-ville-et-du-perimetre-euromediterranee-gpmm-port-navire-de-la-corsica-linea-et-la.jpeg\"\/>Le navire Pascal-Paoli de la compagnie Corsica Linea, amarr\u00e9 au port de Marseille. LP &#8211; NICOLAS VALLAURI<\/p>\n<p>Selon la famille, l&rsquo;enqu\u00eate serait men\u00e9e par le commissariat de Marignane. Toujours selon ses proches, ce commissariat aurait adress\u00e9 une demande de r\u00e9cup\u00e9ration des images \u00e0 la compagnie maritime. Contact\u00e9 \u00e0 plusieurs reprises, le parquet d&rsquo;Aix-en-Provence, dont d\u00e9pend ce service, n&rsquo;a pas donn\u00e9 suite \u00e0 nos sollicitations. Il n&rsquo;est d&rsquo;ailleurs pas \u00e9tabli que la disparition d&rsquo;Alain Clemence soit officiellement qualifi\u00e9e d'\u00a0\u00bbinqui\u00e9tante\u00a0\u00bb par les autorit\u00e9s judiciaires.\u00a0Autant d&rsquo;\u00e9l\u00e9ments qui entretiennent un certain flou autour des d\u00e9buts de l&rsquo;enqu\u00eate.<\/p>\n<p>Les circonstances de son d\u00e9part sont \u00e9galement troublantes. D&rsquo;apr\u00e8s sa famille, ce retrait\u00e9 militaire de 68 ans a quitt\u00e9 son domicile de Vitrolles le 25\u00a0septembre au matin, pr\u00e9textant un achat de cartouches d&rsquo;encre au Carrefour de la commune.<\/p>\n<\/p>\n<p>Dans un sac \u00e0 dos, il emporte pi\u00e8ce d&rsquo;identit\u00e9 et carte bleue mais laisse son t\u00e9l\u00e9phone portable dans une bannette pos\u00e9e sur son bureau, en mode silencieux. Il retire 250\u00a0euros (dernier mouvement sur son compte bancaire) et grimpe dans un car, direction la gare Saint-Charles \u00e0 Marseille. \u00c0 12\u00a0h\u00a020, il entre dans le terminal de la Corsica Linea du port de Marseille. Il paie son billet 55\u00a0euros en esp\u00e8ces et r\u00e9serve un simple si\u00e8ge.<\/p>\n<p>Trait\u00e9 pour un cancer et des probl\u00e8mes cardiaques<\/p>\n<p>En soins pour un cancer et trait\u00e9 pour des probl\u00e8mes cardiaques, Alain Clemence avait, selon sa fille, un comportement \u00ab\u00a0normal\u00a0\u00bb dans les jours qui ont pr\u00e9c\u00e9d\u00e9 sa disparition. \u00ab\u00a0Je l&rsquo;ai vu la veille, nous avons bu un caf\u00e9. Il a demand\u00e9 \u00e0 mon fils comment se passait son apprentissage en carrosserie. Il s&rsquo;y conna\u00eet car il a \u00e9t\u00e9 m\u00e9canicien en a\u00e9ronautique dans la marine\u00a0\u00bb.<\/p>\n<p>Alain Clemence mesure 1,80\u00a0m et portait un pantalon beige et une veste noire la derni\u00e8re fois qu&rsquo;il a \u00e9t\u00e9 aper\u00e7u. Tr\u00e8s attach\u00e9 \u00e0 la commune de Saint-Florent, il est li\u00e9 \u00e0 la Corse par son mariage.<\/p>\n<p>Les personnes qui l&rsquo;auraient aper\u00e7u \u00e0 bord ou disposeraient de renseignements sont pri\u00e9es de contacter l&rsquo;association Assistance et recherche des personnes disparues au 06 15 25 16 14 ou \u00e0 l&rsquo;adresse mail : <a href=\"https:\/\/www.corsematin.com\/cdn-cgi\/l\/email-protection\" class=\"__cf_email__\" data-cfemail=\"e99b8c8e808687c79a9c8da9889b998dc78f9b\" target=\"_blank\" rel=\"noopener\">[email\u00a0protected]<\/a>.<\/p>\n","protected":false},"excerpt":{"rendered":"Les jours passent et toujours aucune nouvelle d&rsquo;Alain Clemence. Le 25 septembre dernier, ce sexag\u00e9naire embarque \u00e0 Marseille&hellip;\n","protected":false},"author":2,"featured_media":455601,"comment_status":"","ping_status":"","sticky":false,"template":"","format":"standard","meta":{"footnotes":""},"categories":[2814],"tags":[17,1111,11,13876,150,1102,10277,1777,674,274,1011,27,58088,7285,884,12,882,58089,25,1810],"class_list":{"0":"post-455600","1":"post","2":"type-post","3":"status-publish","4":"format-standard","5":"has-post-thumbnail","7":"category-marseille","8":"tag-17","9":"tag-actu","10":"tag-actualites","11":"tag-alain","12":"tag-apres","13":"tag-breakingnews","14":"tag-clemence","15":"tag-eu","16":"tag-europe","17":"tag-faits-divers-justice","18":"tag-fr","19":"tag-france","20":"tag-introuvable","21":"tag-jours","22":"tag-marseille","23":"tag-news","24":"tag-provence-alpes-cote-dazur","25":"tag-quinze","26":"tag-republique-francaise","27":"tag-toujours"},"share_on_mastodon":{"url":"https:\/\/pubeurope.com\/@fr\/115356874377837978","error":""},"_links":{"self":[{"href":"https:\/\/www.europesays.com\/fr\/wp-json\/wp\/v2\/posts\/455600","targetHints":{"allow":["GET"]}}],"collection":[{"href":"https:\/\/www.europesays.com\/fr\/wp-json\/wp\/v2\/posts"}],"about":[{"href":"https:\/\/www.europesays.com\/fr\/wp-json\/wp\/v2\/types\/post"}],"author":[{"embeddable":true,"href":"https:\/\/www.europesays.com\/fr\/wp-json\/wp\/v2\/users\/2"}],"replies":[{"embeddable":true,"href":"https:\/\/www.europesays.com\/fr\/wp-json\/wp\/v2\/comments?post=455600"}],"version-history":[{"count":0,"href":"https:\/\/www.europesays.com\/fr\/wp-json\/wp\/v2\/posts\/455600\/revisions"}],"wp:featuredmedia":[{"embeddable":true,"href":"https:\/\/www.europesays.com\/fr\/wp-json\/wp\/v2\/media\/455601"}],"wp:attachment":[{"href":"https:\/\/www.europesays.com\/fr\/wp-json\/wp\/v2\/media?parent=455600"}],"wp:term":[{"taxonomy":"category","embeddable":true,"href":"https:\/\/www.europesays.com\/fr\/wp-json\/wp\/v2\/categories?post=455600"},{"taxonomy":"post_tag","embeddable":true,"href":"https:\/\/www.europesays.com\/fr\/wp-json\/wp\/v2\/tags?post=455600"}],"curies":[{"name":"wp","href":"https:\/\/api.w.org\/{rel}","templated":true}]}}