{"id":455608,"date":"2025-10-11T18:14:10","date_gmt":"2025-10-11T18:14:10","guid":{"rendered":"https:\/\/www.europesays.com\/fr\/455608\/"},"modified":"2025-10-11T18:14:10","modified_gmt":"2025-10-11T18:14:10","slug":"apres-lannulation-du-concert-du-groupe-l2b-la-situation-degenere-completement-aux-halles","status":"publish","type":"post","link":"https:\/\/www.europesays.com\/fr\/455608\/","title":{"rendered":"apr\u00e8s l&rsquo;annulation du concert du groupe L2B, la situation d\u00e9g\u00e9n\u00e8re compl\u00e8tement aux Halles"},"content":{"rendered":"<p>            Par<br \/>\n        <strong><br \/>\n            <a href=\"https:\/\/actu.fr\/auteur\/thomas-martin\" title=\"Consulter tous les articles de Thomas Martin\" target=\"_blank\" rel=\"noopener\">Thomas Martin<\/a><br \/>\n        <\/strong><\/p>\n<p>        Publi\u00e9 le<\/p>\n<p>            11 oct. 2025 \u00e0 20h01        <\/p>\n<p>La <a href=\"https:\/\/actu.fr\/tag\/prefecture-de-police-de-paris\" target=\"_blank\" rel=\"noopener\">pr\u00e9fecture de police de Paris<\/a> craignait des mouvements de foule, elle avait raison. A l\u2019occasion du concert gratuit du groupe de rap L2B aux <a href=\"https:\/\/actu.fr\/tag\/paris-les-halles\" target=\"_blank\" rel=\"noopener\">Halles<\/a>, ce samedi 11 octobre, les services de Laurent Nunez ont renforc\u00e9 le dispositif de s\u00e9curit\u00e9 face \u00e0 la tr\u00e8s forte affluence constat\u00e9e. Si la premi\u00e8re partie a pu avoir lieu, la pr\u00e9fecture de police a ensuite demand\u00e9 \u00e0 l\u2019organisateur d\u2019annuler le concert de L2B. C\u2019est \u00e0 ce moment-l\u00e0 que la situation a d\u00e9g\u00e9n\u00e9r\u00e9.\u00a0<\/p>\n<p class=\" wall-content\">Sur des images film\u00e9es aux Halles par le journaliste Cl\u00e9ment Lanot, on voit la police contrainte d\u2019utiliser du gaz lacrymog\u00e8ne pour disperser la foule. Sur d\u2019autres, un policier en civil est lynch\u00e9 au sol pendant la dispersion des spectateurs.\u00a0<\/p>\n<p class=\" wall-content\">\n<p class=\" wall-content\">\n<p class=\" wall-content\">\n<p class=\" wall-content\">La pr\u00e9fecture de police se pr\u00e9parait \u00e0 cette \u00e9ventualit\u00e9. Dans un arr\u00eat\u00e9 pris cette semaine afin de pouvoir filmer les abords du concert, elle rappelait que \u00ab\u00a0des d\u00e9bordements ont \u00e9t\u00e9 constat\u00e9s \u00e0 l\u2019occasion d\u2019\u00e9v\u00e8nements similaires\u00a0\u00bb. Elle faisait notamment allusion au concert gratuit de Tiako en juillet dernier \u00e0 la Courneuve. Le show devant 25 000 personnes avait \u00e9t\u00e9 marqu\u00e9 par de nombreux d\u00e9bordements bousculades, bagarres, malaises\u2026<\/p>\n<p class=\" wall-content\">Personnalisez votre actualit\u00e9 en ajoutant vos villes et m\u00e9dias en favori avec <a href=\"https:\/\/moncompte.actu.fr\" title=\"D\u00e9couvez Mon Actu\" rel=\"nofollow noopener\" data-trk=\"{&quot;cta&quot;:{&quot;action&quot;:&quot;https:\\\/\\\/moncompte.actu.fr&quot;,&quot;category&quot;:&quot;mon compte&quot;,&quot;from&quot;:&quot;article footer&quot;,&quot;name&quot;:&quot;Mon actu&quot;,&quot;type&quot;:&quot;cta&quot;}}\" target=\"_blank\">Mon Actu<\/a>.<\/p>\n","protected":false},"excerpt":{"rendered":"Par Thomas Martin Publi\u00e9 le 11 oct. 2025 \u00e0 20h01 La pr\u00e9fecture de police de Paris craignait des&hellip;\n","protected":false},"author":2,"featured_media":455609,"comment_status":"","ping_status":"","sticky":false,"template":"","format":"standard","meta":{"footnotes":""},"categories":[1888],"tags":[1111,1928,11,1927,1697,1777,674,118,1011,27,29138,12,1926,626,1925,25,7501],"class_list":{"0":"post-455608","1":"post","2":"type-post","3":"status-publish","4":"format-standard","5":"has-post-thumbnail","7":"category-paris","8":"tag-actu","9":"tag-actu-paris","10":"tag-actualites","11":"tag-actualites-paris","12":"tag-concert","13":"tag-eu","14":"tag-europe","15":"tag-faits-divers","16":"tag-fr","17":"tag-france","18":"tag-halles","19":"tag-news","20":"tag-news-paris","21":"tag-paris","22":"tag-paris-news","23":"tag-republique-francaise","24":"tag-violences-urbaines"},"share_on_mastodon":{"url":"https:\/\/pubeurope.com\/@fr\/115356897637303987","error":""},"_links":{"self":[{"href":"https:\/\/www.europesays.com\/fr\/wp-json\/wp\/v2\/posts\/455608","targetHints":{"allow":["GET"]}}],"collection":[{"href":"https:\/\/www.europesays.com\/fr\/wp-json\/wp\/v2\/posts"}],"about":[{"href":"https:\/\/www.europesays.com\/fr\/wp-json\/wp\/v2\/types\/post"}],"author":[{"embeddable":true,"href":"https:\/\/www.europesays.com\/fr\/wp-json\/wp\/v2\/users\/2"}],"replies":[{"embeddable":true,"href":"https:\/\/www.europesays.com\/fr\/wp-json\/wp\/v2\/comments?post=455608"}],"version-history":[{"count":0,"href":"https:\/\/www.europesays.com\/fr\/wp-json\/wp\/v2\/posts\/455608\/revisions"}],"wp:featuredmedia":[{"embeddable":true,"href":"https:\/\/www.europesays.com\/fr\/wp-json\/wp\/v2\/media\/455609"}],"wp:attachment":[{"href":"https:\/\/www.europesays.com\/fr\/wp-json\/wp\/v2\/media?parent=455608"}],"wp:term":[{"taxonomy":"category","embeddable":true,"href":"https:\/\/www.europesays.com\/fr\/wp-json\/wp\/v2\/categories?post=455608"},{"taxonomy":"post_tag","embeddable":true,"href":"https:\/\/www.europesays.com\/fr\/wp-json\/wp\/v2\/tags?post=455608"}],"curies":[{"name":"wp","href":"https:\/\/api.w.org\/{rel}","templated":true}]}}