{"id":455610,"date":"2025-10-11T18:15:21","date_gmt":"2025-10-11T18:15:21","guid":{"rendered":"https:\/\/www.europesays.com\/fr\/455610\/"},"modified":"2025-10-11T18:15:21","modified_gmt":"2025-10-11T18:15:21","slug":"notre-dame-de-paris-passee-au-crible-apres-la-decouverte-dune-mysterieuse-lettre","status":"publish","type":"post","link":"https:\/\/www.europesays.com\/fr\/455610\/","title":{"rendered":"Notre-Dame de Paris pass\u00e9e au crible apr\u00e8s la d\u00e9couverte d\u2019une myst\u00e9rieuse lettre"},"content":{"rendered":"<p class=\"mb-4 text-lg md:leading-8 break-words\">PARIS &#8211; Ce sont des mots qui font froid dans le dos. Comme le d\u00e9voile Le Figaro ce samedi 11\u00a0octobre &#8211; une information confirm\u00e9e par la suite par BFMTV -, une lettre anonyme a \u00e9t\u00e9 d\u00e9couverte vendredi apr\u00e8s-midi dans <a href=\"https:\/\/fr.news.yahoo.com\/avant-journ%C3%A9es-patrimoine-tours-dame-190121364.html\" data-ylk=\"slk:Notre-Dame de Paris;elm:context_link;itc:0;sec:content-canvas;outcm:mb_qualified_link;_E:mb_qualified_link;ct:story;\" class=\"link  yahoo-link\" target=\"_blank\" rel=\"noopener\">Notre-Dame de Paris<\/a>.<\/p>\n<p class=\"mb-4 text-lg md:leading-8 break-words\">Le message, trouv\u00e9 par une sacristaine pr\u00e8s des cierges, \u00e9tait dactylographi\u00e9. \u00ab\u00a0N\u2019ouvrez pas la cath\u00e9drale le 11 et 12\u00a0octobre il y aura des visiteurs \u00e9trangers qui, gr\u00e2ce \u00e0 l\u2019aide d\u2019autres visiteurs, ont d\u00e9j\u00e0 cach\u00e9 des couteaux dans la cath\u00e9drale ces derniers jours, ils feront un carnage. N\u2019ouvrez pas la cath\u00e9drale SVP\u00a0\u00bb, \u00e9tait-il \u00e9crit.<\/p>\n<p class=\"mb-4 text-lg md:leading-8 break-words\"><a href=\"https:\/\/fr.news.yahoo.com\/%C3%A0-paris-chute-d-septuag%C3%A9naire-100229923.html\" data-ylk=\"slk:\u00c0 Paris, la chute d\u2019un septuag\u00e9naire a provoqu\u00e9 une grosse pagaille au-dessus de l\u2019Arc de Triomphe;elm:context_link;itc:0;sec:content-canvas;outcm:mb_qualified_link;_E:mb_qualified_link;ct:story;\" class=\"link  yahoo-link\" target=\"_blank\" rel=\"noopener\"> \u00c0 Paris, la chute d\u2019un septuag\u00e9naire a provoqu\u00e9 une grosse pagaille au-dessus de l\u2019Arc de Triomphe <\/a><\/p>\n<p class=\"mb-4 text-lg md:leading-8 break-words\">Au moment de la d\u00e9couverte, <a href=\"https:\/\/fr.news.yahoo.com\/dame-paris-retrouve-premi%C3%A8re-statue-204426116.html\" data-ylk=\"slk:la cath\u00e9drale;elm:context_link;itc:0;sec:content-canvas;outcm:mb_qualified_link;_E:mb_qualified_link;ct:story;\" class=\"link  yahoo-link\" target=\"_blank\" rel=\"noopener\">la cath\u00e9drale<\/a> n\u2019a pas \u00e9t\u00e9 \u00e9vacu\u00e9e. De premi\u00e8res fouilles se sont d\u00e9roul\u00e9es discr\u00e8tement dans l\u2019apr\u00e8s-midi, permettant \u00ab\u00a0une lev\u00e9e de doute\u00a0\u00bb dans la soir\u00e9e, <a href=\"https:\/\/www.lefigaro.fr\/faits-divers\/paris-une-lettre-alertant-sur-un-risque-d-attentat-ce-week-end-decouverte-dans-la-cathedrale-notre-dame-20251011\" rel=\"nofollow noopener\" target=\"_blank\" data-ylk=\"slk:rapporte Le Figaro;elm:context_link;itc:0;sec:content-canvas\" class=\"link \">rapporte Le Figaro<\/a>.<\/p>\n<p class=\"mb-4 text-lg md:leading-8 break-words\">Une \u00ab\u00a0inspection de s\u00e9curit\u00e9 r\u00e9alis\u00e9e conjointement par le service de s\u00e9curit\u00e9 de la cath\u00e9drale et les effectifs de la direction de l\u2019ordre public et de la circulation de la pr\u00e9fecture de police a permis d\u2019\u00e9carter tout risque\u00a0\u00bb, <a href=\"https:\/\/www.bfmtv.com\/police-justice\/notre-dame-de-paris-une-lettre-alertant-sur-un-risque-d-attentat-decouverte-dans-la-cathedrale_AN-202510110208.html?at_brand=BFMTV&amp;at_compte=BFMTV&amp;at_plateforme=twitter&amp;at_campaign=Fan_pages&amp;at_medium=Community_Management\" rel=\"nofollow noopener\" target=\"_blank\" data-ylk=\"slk:a r\u00e9sum\u00e9 la pr\u00e9fecture de police de Paris \u00e0 BFMTV;elm:context_link;itc:0;sec:content-canvas\" class=\"link \">a r\u00e9sum\u00e9 la pr\u00e9fecture de police de Paris \u00e0 BFMTV<\/a>.<\/p>\n<p class=\"mb-4 text-lg md:leading-8 break-words\">R\u00e9sultat, Notre-Dame a pu ouvrir comme si de rien n\u2019\u00e9tait ce samedi matin aux visiteurs, <a href=\"https:\/\/fr.news.yahoo.com\/cath%C3%A9drale-dame-paris-route-battre-065136407.html\" data-ylk=\"slk:au nombre de 35\u00a0000\u00a0en moyenne chaque jour;elm:context_link;itc:0;sec:content-canvas;outcm:mb_qualified_link;_E:mb_qualified_link;ct:story;\" class=\"link  yahoo-link\" target=\"_blank\" rel=\"noopener\">au nombre de 35\u00a0000\u00a0en moyenne chaque jour<\/a> depuis <a href=\"https:\/\/fr.news.yahoo.com\/r%C3%A9ouverture-dame-paris-%C3%A0-ressemblera-133030665.html\" data-ylk=\"slk:la r\u00e9ouverture de l\u2019\u00e9difice religieux;elm:context_link;itc:0;sec:content-canvas;outcm:mb_qualified_link;_E:mb_qualified_link;ct:story;\" class=\"link  yahoo-link\" target=\"_blank\" rel=\"noopener\">la r\u00e9ouverture de l\u2019\u00e9difice religieux<\/a>.<\/p>\n<p class=\"mb-4 text-lg md:leading-8 break-words\">Les responsables de la cath\u00e9drale envisageraient de porter plainte apr\u00e8s la d\u00e9couverte de cette lettre.<\/p>\n<p class=\"mb-4 text-lg md:leading-8 break-words\"><a href=\"https:\/\/fr.news.yahoo.com\/%C3%A0-paris-noms-72-femmes-193220975.html\" data-ylk=\"slk:\u00c0 Paris, les noms de 72 femmes scientifiques vont \u00eatre inscrits sur la tour Eiffel, 130\u00a0ans apr\u00e8s les hommes;elm:context_link;itc:0;sec:content-canvas;outcm:mb_qualified_link;_E:mb_qualified_link;ct:story;\" class=\"link  yahoo-link\" target=\"_blank\" rel=\"noopener\"> \u00c0 Paris, les noms de 72 femmes scientifiques vont \u00eatre inscrits sur la tour Eiffel, 130\u00a0ans apr\u00e8s les hommes <\/a><\/p>\n<p class=\"mb-4 text-lg md:leading-8 break-words\"><a href=\"https:\/\/fr.news.yahoo.com\/%C3%A0-paris-harry-styles-s-142121796.html\" data-ylk=\"slk:\u00c0 Paris, comment Harry Styles s\u2019est retrouv\u00e9 sur une photo de l\u2019\u00e9quipe de campagne de Rachida Dati;elm:context_link;itc:0;sec:content-canvas;outcm:mb_qualified_link;_E:mb_qualified_link;ct:story;\" class=\"link  yahoo-link\" target=\"_blank\" rel=\"noopener\"> \u00c0 Paris, comment Harry Styles s\u2019est retrouv\u00e9 sur une photo de l\u2019\u00e9quipe de campagne de Rachida Dati <\/a><\/p>\n","protected":false},"excerpt":{"rendered":"PARIS &#8211; Ce sont des mots qui font froid dans le dos. Comme le d\u00e9voile Le Figaro ce&hellip;\n","protected":false},"author":2,"featured_media":455611,"comment_status":"","ping_status":"","sticky":false,"template":"","format":"standard","meta":{"footnotes":""},"categories":[1888],"tags":[1111,1928,11,1927,2589,1777,674,1011,27,44503,58090,639,12,1926,1049,626,1925,25],"class_list":{"0":"post-455610","1":"post","2":"type-post","3":"status-publish","4":"format-standard","5":"has-post-thumbnail","7":"category-paris","8":"tag-actu","9":"tag-actu-paris","10":"tag-actualites","11":"tag-actualites-paris","12":"tag-comme-si-de-rien-netait","13":"tag-eu","14":"tag-europe","15":"tag-fr","16":"tag-france","17":"tag-froid-dans-le-dos","18":"tag-hans-lucas","19":"tag-le-figaro","20":"tag-news","21":"tag-news-paris","22":"tag-notre-dame","23":"tag-paris","24":"tag-paris-news","25":"tag-republique-francaise"},"share_on_mastodon":{"url":"https:\/\/pubeurope.com\/@fr\/115356901451037037","error":""},"_links":{"self":[{"href":"https:\/\/www.europesays.com\/fr\/wp-json\/wp\/v2\/posts\/455610","targetHints":{"allow":["GET"]}}],"collection":[{"href":"https:\/\/www.europesays.com\/fr\/wp-json\/wp\/v2\/posts"}],"about":[{"href":"https:\/\/www.europesays.com\/fr\/wp-json\/wp\/v2\/types\/post"}],"author":[{"embeddable":true,"href":"https:\/\/www.europesays.com\/fr\/wp-json\/wp\/v2\/users\/2"}],"replies":[{"embeddable":true,"href":"https:\/\/www.europesays.com\/fr\/wp-json\/wp\/v2\/comments?post=455610"}],"version-history":[{"count":0,"href":"https:\/\/www.europesays.com\/fr\/wp-json\/wp\/v2\/posts\/455610\/revisions"}],"wp:featuredmedia":[{"embeddable":true,"href":"https:\/\/www.europesays.com\/fr\/wp-json\/wp\/v2\/media\/455611"}],"wp:attachment":[{"href":"https:\/\/www.europesays.com\/fr\/wp-json\/wp\/v2\/media?parent=455610"}],"wp:term":[{"taxonomy":"category","embeddable":true,"href":"https:\/\/www.europesays.com\/fr\/wp-json\/wp\/v2\/categories?post=455610"},{"taxonomy":"post_tag","embeddable":true,"href":"https:\/\/www.europesays.com\/fr\/wp-json\/wp\/v2\/tags?post=455610"}],"curies":[{"name":"wp","href":"https:\/\/api.w.org\/{rel}","templated":true}]}}