{"id":455614,"date":"2025-10-11T18:17:12","date_gmt":"2025-10-11T18:17:12","guid":{"rendered":"https:\/\/www.europesays.com\/fr\/455614\/"},"modified":"2025-10-11T18:17:12","modified_gmt":"2025-10-11T18:17:12","slug":"paris-des-debordements-aux-halles-a-loccasion-dun-concert-du-groupe-de-rap-l2b-levenement-interrompu-par-la-police","status":"publish","type":"post","link":"https:\/\/www.europesays.com\/fr\/455614\/","title":{"rendered":"Paris\u00a0: des d\u00e9bordements aux Halles \u00e0 l\u2019occasion d\u2019un concert du groupe de rap L2B, l\u2019\u00e9v\u00e9nement interrompu par la police"},"content":{"rendered":"<p class=\"paragraph text_align_left lp-f-body-02\">Les Halles de Paris accueillent ce soir une s\u00e9rie de concerts gratuits \u00e0 la fois en int\u00e9rieur et en ext\u00e9rieur dont notamment en t\u00eate d\u2019affiche le groupe de rap fran\u00e7ais L2B.<\/p>\n<blockquote class=\"twitter-tweet\">\n<p lang=\"fr\" dir=\"ltr\">D\u00e9bordements en cours aux Halles de Paris o\u00f9 L2B doit se produire lors d\u2019un concert gratuit \u00e0 l\u2019occasion de l\u2019\u00e9v\u00e9nement Centrale Place. <a href=\"https:\/\/t.co\/MQVIFDiKmJ\" rel=\"nofollow\">pic.twitter.com\/MQVIFDiKmJ<\/a><\/p>\n<p>\u2014 CLPRESS \/ Agence de presse (@CLPRESSFR) <a href=\"https:\/\/twitter.com\/CLPRESSFR\/status\/1977049748579459374?ref_src=twsrc%5Etfw\" rel=\"nofollow noopener\" target=\"_blank\">October 11, 2025<\/a><\/p><\/blockquote>\n<p class=\"paragraph text_align_left lp-f-body-02\">La foule, particuli\u00e8rement compos\u00e9e de jeunes, a r\u00e9pondu pr\u00e9sente pour cet \u00e9v\u00e9nement pourtant fortement encadr\u00e9 par des forces de l\u2019ordre. Selon plusieurs t\u00e9moignages sur place, des d\u00e9bordements ont actuellement cours aux Halles de Paris o\u00f9 le groupe L2B doit se produire lors d\u2019un concert gratuit \u00e0 l\u2019occasion de l\u2019\u00e9v\u00e9nement \u00ab\u00a0Centrale Place\u00a0\u00bb.<\/p>\n<p class=\"paragraph text_align_left lp-f-body-02\">Le site de l\u2019\u00e9v\u00e9nement \u00e9voquait \u00ab\u00a0une occasion rare pour leurs fans de vivre un show unique, avant leur concert complet <a href=\"https:\/\/www.leparisien.fr\/etudiant\/sortir\/paris\/eve-l2b-zenith-paris-la-villette\/\" target=\"_blank\" rel=\"noreferrer nofollow noopener\">au Z\u00e9nith de Paris en novembre\u00a0!<\/a>\u00a0\u00bb.<\/p>\n<p class=\"paragraph text_align_left lp-f-body-02\">Des mouvements de foule se r\u00e9p\u00e8tent \u00e0 proximit\u00e9 des forces de l\u2019ordre depuis le d\u00e9but de la manifestation. Les CRS ont d\u2019ailleurs \u00e9vacu\u00e9 une partie du public du concert gratuit de L2B \u00e0 Ch\u00e2telet suite \u00e0 des mouvements de foule.<\/p>\n<p>Le concert interrompu<\/p>\n<p class=\"paragraph text_align_left lp-f-body-02\">\u00ab\u00a0\u00c0 l\u2019occasion du concert gratuit du groupe L2B aux Halles ce samedi la pr\u00e9fecture de Police a mis en place un dispositif de s\u00e9curisation et de gestion des flux. Constatant une fr\u00e9quentation tr\u00e8s soutenue, les effectifs de la pr\u00e9fecture de Police ont, \u00e0 la demande du pr\u00e9fet de Police, pr\u00e9sent en salle de commandement, renforc\u00e9 le dispositif avant le d\u00e9but du concert\u00a0\u00bb, a communiqu\u00e9 la Pr\u00e9fecture en d\u00e9but de soir\u00e9e.<\/p>\n<p class=\"paragraph text_align_left lp-f-body-02\">\u00ab\u00a0La premi\u00e8re partie s\u2019est tenue et \u00e0 l\u2019issue de celle-ci, compte tenu d\u2019une forte affluence et pour \u00e9viter tout d\u00e9bordement \u00e0 l\u2019ordre public, la pr\u00e9fecture de Police a demand\u00e9 \u00e0 l\u2019organisateur de ne pas tenir la deuxi\u00e8me partie et proc\u00e8de actuellement \u00e0 la dispersion de la foule\u00a0\u00bb<\/p>\n<p><script async src=\"https:\/\/platform.twitter.com\/widgets.js\" charset=\"utf-8\"><\/script><\/p>\n","protected":false},"excerpt":{"rendered":"Les Halles de Paris accueillent ce soir une s\u00e9rie de concerts gratuits \u00e0 la fois en int\u00e9rieur et&hellip;\n","protected":false},"author":2,"featured_media":455615,"comment_status":"","ping_status":"","sticky":false,"template":"","format":"standard","meta":{"footnotes":""},"categories":[1888],"tags":[11,1777,674,118,1011,27,1944,12,626,58091,25],"class_list":{"0":"post-455614","1":"post","2":"type-post","3":"status-publish","4":"format-standard","5":"has-post-thumbnail","7":"category-paris","8":"tag-actualites","9":"tag-eu","10":"tag-europe","11":"tag-faits-divers","12":"tag-fr","13":"tag-france","14":"tag-ma-ville","15":"tag-news","16":"tag-paris","17":"tag-paris-75001","18":"tag-republique-francaise"},"share_on_mastodon":{"url":"https:\/\/pubeurope.com\/@fr\/115356909197571706","error":""},"_links":{"self":[{"href":"https:\/\/www.europesays.com\/fr\/wp-json\/wp\/v2\/posts\/455614","targetHints":{"allow":["GET"]}}],"collection":[{"href":"https:\/\/www.europesays.com\/fr\/wp-json\/wp\/v2\/posts"}],"about":[{"href":"https:\/\/www.europesays.com\/fr\/wp-json\/wp\/v2\/types\/post"}],"author":[{"embeddable":true,"href":"https:\/\/www.europesays.com\/fr\/wp-json\/wp\/v2\/users\/2"}],"replies":[{"embeddable":true,"href":"https:\/\/www.europesays.com\/fr\/wp-json\/wp\/v2\/comments?post=455614"}],"version-history":[{"count":0,"href":"https:\/\/www.europesays.com\/fr\/wp-json\/wp\/v2\/posts\/455614\/revisions"}],"wp:featuredmedia":[{"embeddable":true,"href":"https:\/\/www.europesays.com\/fr\/wp-json\/wp\/v2\/media\/455615"}],"wp:attachment":[{"href":"https:\/\/www.europesays.com\/fr\/wp-json\/wp\/v2\/media?parent=455614"}],"wp:term":[{"taxonomy":"category","embeddable":true,"href":"https:\/\/www.europesays.com\/fr\/wp-json\/wp\/v2\/categories?post=455614"},{"taxonomy":"post_tag","embeddable":true,"href":"https:\/\/www.europesays.com\/fr\/wp-json\/wp\/v2\/tags?post=455614"}],"curies":[{"name":"wp","href":"https:\/\/api.w.org\/{rel}","templated":true}]}}