{"id":455618,"date":"2025-10-11T18:19:13","date_gmt":"2025-10-11T18:19:13","guid":{"rendered":"https:\/\/www.europesays.com\/fr\/455618\/"},"modified":"2025-10-11T18:19:13","modified_gmt":"2025-10-11T18:19:13","slug":"maurine-mercier-correspondante-de-la-rts-en-ukraine-recoit-le-prix-bayeux-pour-la-troisieme-fois-rts-ch","status":"publish","type":"post","link":"https:\/\/www.europesays.com\/fr\/455618\/","title":{"rendered":"Maurine Mercier, correspondante de la RTS en Ukraine, re\u00e7oit le prix Bayeux pour la troisi\u00e8me fois &#8211; rts.ch"},"content":{"rendered":"<p>La journaliste de la RTS Maurine Mercier a remport\u00e9 samedi le Prix Bayeux des correspondants de guerre dans la cat\u00e9gorie radio, pour son reportage \u00ab\u00a0Prokrovsk, deux fleurs dans les ruines\u00a0\u00bb. Elle avait d\u00e9j\u00e0 gagn\u00e9 le prix \u00e0 deux reprises, en 2022 et 2023, pour ses reportages sur les exactions de l&rsquo;arm\u00e9e russe \u00e0 Boutcha.<\/p>\n<p>Le prix Bayeux des correspondants de guerre a d\u00e9voil\u00e9 samedi soir le palmar\u00e8s de sa 32e \u00e9dition. Maurine Mercier, correspondante de la RTS en Ukraine, a gagn\u00e9 le premier prix de la cat\u00e9gorie radio pour pour son reportage en Ukraine intitul\u00e9 \u00ab\u00a0Pokrovsk: deux fleurs dans les ruines\u00a0\u00bb. La journaliste, qui collabore \u00e9galement avec la RTBF, y raconte le quotidien de deux femmes dans la ville ukrainienne de Povrovsk.<\/p>\n<p><strong class=\"inline-title\">&gt;&gt; Lire aussi\u00a0: <\/strong><a href=\"https:\/\/www.rts.ch\/info\/suisse\/14390921-correspondante-de-la-rts-en-ukraine-maurine-mercier-remporte-le-prix-bayeux-pour-la-2e-annee-consecutive.html\" data-item-id=\"richtext_link\" target=\"_blank\" rel=\"noopener\">Correspondante de la RTS en Ukraine, Maurine Mercier remporte le Prix Bayeux pour la 2e ann\u00e9e cons\u00e9cutive<\/a><\/p>\n<p>A contre-courant de ses pr\u00e9c\u00e9dents reportages prim\u00e9s, portant sur les s\u00e9vices sexuels subis par une habitante de Boutcha, Maurine Mercier prend ici le parti de c\u00e9l\u00e9brer la r\u00e9silience et la joie, m\u00eame dans un contexte aussi sombre que la guerre en Ukraine, avec les r\u00e9cits de deux Ukrainiennes vivant une lib\u00e9ration sexuelle. \u00ab\u00a0J&rsquo;ai 56 ans, et je m&rsquo;envoie en l&rsquo;air avec des petits jeunes (des soldats, ndlr.)\u00a0\u00bb, jubile l&rsquo;une des protagonistes du reportage.<\/p>\n<p> &gt;&gt; R\u00e9\u00e9couter le reportage prim\u00e9 de Maurine Mercier \u00e0 Pokrovsk\u00a0:    Prokrovsk EP10 &#8211; des femmes ultra heureuses \/ Carnets d&rsquo;Ukraine \/ 8 min. \/ le 24 f\u00e9vrier 2025 <\/p>\n<p>\u00ab\u00a0J&rsquo;ai h\u00e9sit\u00e9 \u00e0 envoyer ce reportage, parce que je pensais que \u00e7a pouvait \u00eatre ind\u00e9cent\u00a0\u00bb, explique Maurine Mercier lors de la remise de son prix samedi \u00e0 Bayeux. \u00ab\u00a0Je fais partie de ceux qui ont tr\u00e8s \u00e0 c\u0153ur de t\u00e9moigner des violences sexuelles [&#8230;]. Et en fait, ces femmes-l\u00e0, elles comptent, elles vivent. Quand vous vous faites envahir par un pays, quand vous subissez la guerre, la r\u00e9ponse, c&rsquo;est de vivre, et de vivre deux fois plus\u00a0\u00bb, affirme la reporter.<\/p>\n<p>\u00ab\u00a0Je ne pensais pas que vous seriez assez &lsquo;punk&rsquo; pour r\u00e9compenser ce reportage\u00a0\u00bb, s&rsquo;est-elle amus\u00e9e en conclusion.<\/p>\n<p> <img decoding=\"async\" src=\"https:\/\/www.europesays.com\/fr\/wp-content\/uploads\/2025\/10\/ubqwri-29025982.image\" alt=\"Maurine Mercier lors de la remise de son prix.\" title=\"Maurine Mercier lors de la remise de son prix.\" loading=\"lazy\"\/>  Maurine Mercier lors de la remise de son prix. Reportages \u00e0 Gaza, en Syrie et au Soudan<\/p>\n<p>Dans la cat\u00e9gorie photo, c&rsquo;est un clich\u00e9 du journaliste\u00a0Saher Alghorra (Zuma Press) qui a remport\u00e9 le 1e prix. Il s&rsquo;agit d&rsquo;un reportage dans la bande de Gaza.<\/p>\n<p>Pour la t\u00e9l\u00e9vision, le reportage r\u00e9compens\u00e9 a \u00e9t\u00e9 tourn\u00e9 en Syrie par Julie Dungelhoeff, James Andr\u00e9 et Sofia Amara (France 24) : \u00ab\u00a0Les rescap\u00e9s de l&rsquo;enfer des ge\u00f4les de Bachar al-Assad\u00a0\u00bb. En presse \u00e9crit, c&rsquo;est Wolfgang Bauer (Zeit Magazin) qui remporte le prix pour son sujet au Soudan.<\/p>\n<p>Concernant le prix du public pour le reportage photo, le jury a \u00e9galement s\u00e9lectionn\u00e9 un reportage \u00e0 Gaza. C&rsquo;est Ali Jadallah qui a re\u00e7u le plus de voix de la part des 152 membres du public qui ont particip\u00e9 au vote.<\/p>\n<p class=\"sources\">RTSinfo<\/p>\n","protected":false},"excerpt":{"rendered":"La journaliste de la RTS Maurine Mercier a remport\u00e9 samedi le Prix Bayeux des correspondants de guerre dans&hellip;\n","protected":false},"author":2,"featured_media":455619,"comment_status":"","ping_status":"","sticky":false,"template":"","format":"standard","meta":{"footnotes":""},"categories":[1590],"tags":[11,1348,251,41864,1777,674,1146,2957,58092,12,25214,32131,9382,3067,220],"class_list":{"0":"post-455618","1":"post","2":"type-post","3":"status-publish","4":"format-standard","5":"has-post-thumbnail","7":"category-ukraine","8":"tag-actualites","9":"tag-arts","10":"tag-culture","11":"tag-divertissement-et-medias","12":"tag-eu","13":"tag-europe","14":"tag-guerre","15":"tag-journaliste","16":"tag-maurine-mercier","17":"tag-news","18":"tag-prix-et-recompenses","19":"tag-radio-television-suisse","20":"tag-station-de-radio","21":"tag-suisse","22":"tag-ukraine"},"share_on_mastodon":{"url":"https:\/\/pubeurope.com\/@fr\/115356917490480277","error":""},"_links":{"self":[{"href":"https:\/\/www.europesays.com\/fr\/wp-json\/wp\/v2\/posts\/455618","targetHints":{"allow":["GET"]}}],"collection":[{"href":"https:\/\/www.europesays.com\/fr\/wp-json\/wp\/v2\/posts"}],"about":[{"href":"https:\/\/www.europesays.com\/fr\/wp-json\/wp\/v2\/types\/post"}],"author":[{"embeddable":true,"href":"https:\/\/www.europesays.com\/fr\/wp-json\/wp\/v2\/users\/2"}],"replies":[{"embeddable":true,"href":"https:\/\/www.europesays.com\/fr\/wp-json\/wp\/v2\/comments?post=455618"}],"version-history":[{"count":0,"href":"https:\/\/www.europesays.com\/fr\/wp-json\/wp\/v2\/posts\/455618\/revisions"}],"wp:featuredmedia":[{"embeddable":true,"href":"https:\/\/www.europesays.com\/fr\/wp-json\/wp\/v2\/media\/455619"}],"wp:attachment":[{"href":"https:\/\/www.europesays.com\/fr\/wp-json\/wp\/v2\/media?parent=455618"}],"wp:term":[{"taxonomy":"category","embeddable":true,"href":"https:\/\/www.europesays.com\/fr\/wp-json\/wp\/v2\/categories?post=455618"},{"taxonomy":"post_tag","embeddable":true,"href":"https:\/\/www.europesays.com\/fr\/wp-json\/wp\/v2\/tags?post=455618"}],"curies":[{"name":"wp","href":"https:\/\/api.w.org\/{rel}","templated":true}]}}