{"id":455626,"date":"2025-10-11T18:23:11","date_gmt":"2025-10-11T18:23:11","guid":{"rendered":"https:\/\/www.europesays.com\/fr\/455626\/"},"modified":"2025-10-11T18:23:11","modified_gmt":"2025-10-11T18:23:11","slug":"esther-duflo-seloigne-des-etats-unis-sous-trump","status":"publish","type":"post","link":"https:\/\/www.europesays.com\/fr\/455626\/","title":{"rendered":"Esther Duflo s\u2019\u00e9loigne des \u00c9tats-Unis sous Trump"},"content":{"rendered":"<p>La photo a \u00e9t\u00e9 prise devant leur maison de briques rouges, \u00e0 Boston. Esther Duflo et Abhijit Banerjee y affichent un large sourire. Il y avait de quoi\u00a0: quelques jours plus t\u00f4t, <a class=\"Link\" href=\"https:\/\/www.lepoint.fr\/economie\/le-prix-nobel-d-economie-a-esther-duflo-abhijit-banerjee-et-michael-kremer-14-10-2019-2341115_28.php\" title=\"\" data-gtm=\"click:capsule\" data-capsule=\"Lien\" rel=\"nofollow noopener\" target=\"_blank\">le prix Nobel d&rsquo;\u00e9conomie\u00a02019\u00a0<\/a>leur avait \u00e9t\u00e9 attribu\u00e9 pour leurs travaux en \u00e9conomie du d\u00e9veloppement. Une cons\u00e9cration. Cette fois, le clich\u00e9 accompagne une nouvelle saisissante, diffus\u00e9e le 10\u00a0octobre au soir\u00a0: les deux complices \u2013 \u00e0 la ville mari et femme \u2013 vont s&rsquo;envoler pour la Suisse.<\/p>\n<p>Pour \u00eatre plus pr\u00e9cis, ils quittent le prestigieux Massachusetts Institute of Technology (MIT) auquel ils \u00e9taient rattach\u00e9s depuis des d\u00e9cennies, pour rejoindre l&rsquo;universit\u00e9 de Zurich, non moins renomm\u00e9e, et plus particuli\u00e8rement sa facult\u00e9 d&rsquo;\u00e9conomie, de commerce et d&rsquo;informatique. Le duo posera ses bagages \u00e0 l&rsquo;\u00e9t\u00e9 2026.<\/p>\n<p>\u00c0 LIR&#8230;<\/p>\n<p>Toute l\u2019actualit\u00e9 \u00e0 1\u20ac le premier mois<\/p>\n<p><a href=\"https:\/\/abo.lepoint.fr\/?provenance=21EDI020098\" class=\"btn\" title=\"S&#039;abonner\" data-gtm=\"click:abo|display:abo\" data-campaign=\"paywall_maison\" rel=\"nofollow noopener\" target=\"_blank\">S&rsquo;abonner<\/a><\/p>\n<p>ou<\/p>\n","protected":false},"excerpt":{"rendered":"La photo a \u00e9t\u00e9 prise devant leur maison de briques rouges, \u00e0 Boston. Esther Duflo et Abhijit Banerjee&hellip;\n","protected":false},"author":2,"featured_media":455627,"comment_status":"","ping_status":"","sticky":false,"template":"","format":"standard","meta":{"footnotes":""},"categories":[1586],"tags":[11,58094,73,1777,674,1011,27,12,33226,25,3067],"class_list":{"0":"post-455626","1":"post","2":"type-post","3":"status-publish","4":"format-standard","5":"has-post-thumbnail","7":"category-europe","8":"tag-actualites","9":"tag-esther-duflo","10":"tag-etats-unis","11":"tag-eu","12":"tag-europe","13":"tag-fr","14":"tag-france","15":"tag-news","16":"tag-prix-nobel","17":"tag-republique-francaise","18":"tag-suisse"},"share_on_mastodon":{"url":"https:\/\/pubeurope.com\/@fr\/115356932712376825","error":""},"_links":{"self":[{"href":"https:\/\/www.europesays.com\/fr\/wp-json\/wp\/v2\/posts\/455626","targetHints":{"allow":["GET"]}}],"collection":[{"href":"https:\/\/www.europesays.com\/fr\/wp-json\/wp\/v2\/posts"}],"about":[{"href":"https:\/\/www.europesays.com\/fr\/wp-json\/wp\/v2\/types\/post"}],"author":[{"embeddable":true,"href":"https:\/\/www.europesays.com\/fr\/wp-json\/wp\/v2\/users\/2"}],"replies":[{"embeddable":true,"href":"https:\/\/www.europesays.com\/fr\/wp-json\/wp\/v2\/comments?post=455626"}],"version-history":[{"count":0,"href":"https:\/\/www.europesays.com\/fr\/wp-json\/wp\/v2\/posts\/455626\/revisions"}],"wp:featuredmedia":[{"embeddable":true,"href":"https:\/\/www.europesays.com\/fr\/wp-json\/wp\/v2\/media\/455627"}],"wp:attachment":[{"href":"https:\/\/www.europesays.com\/fr\/wp-json\/wp\/v2\/media?parent=455626"}],"wp:term":[{"taxonomy":"category","embeddable":true,"href":"https:\/\/www.europesays.com\/fr\/wp-json\/wp\/v2\/categories?post=455626"},{"taxonomy":"post_tag","embeddable":true,"href":"https:\/\/www.europesays.com\/fr\/wp-json\/wp\/v2\/tags?post=455626"}],"curies":[{"name":"wp","href":"https:\/\/api.w.org\/{rel}","templated":true}]}}