{"id":455628,"date":"2025-10-11T18:24:27","date_gmt":"2025-10-11T18:24:27","guid":{"rendered":"https:\/\/www.europesays.com\/fr\/455628\/"},"modified":"2025-10-11T18:24:27","modified_gmt":"2025-10-11T18:24:27","slug":"lue-depense-mieux-mais-la-cour-des-comptes-europeenne-alerte","status":"publish","type":"post","link":"https:\/\/www.europesays.com\/fr\/455628\/","title":{"rendered":"L\u2019UE d\u00e9pense mieux, mais la Cour des comptes europ\u00e9enne alerte"},"content":{"rendered":"<p class=\"article-content__p\">\u00ab La r\u00e9duction du niveau d\u2019erreur est une \u00e9volution positive, mais les irr\u00e9gularit\u00e9s de d\u00e9penses du budget europ\u00e9en restent encore trop nombreuses \u00bb, a d\u00e9clar\u00e9 Tony Murphy, le pr\u00e9sident de la Cour. \u00ab Cette situation est imputable aux faiblesses persistantes des structures de surveillance et de reddition des comptes. Alors que s\u2019esquisse le budget europ\u00e9en \u00e0 long terme pour l\u2019apr\u00e8s-2027, les d\u00e9cideurs politiques doivent tirer les le\u00e7ons de nos conclusions pour garantir la viabilit\u00e9 et la transparence des futurs budgets de l\u2019UE.<\/p>\n<p class=\"article-content__p\">La Cour des comptes europ\u00e9enne salue une am\u00e9lioration notable dans la gestion des finances de l\u2019Union, tout en rappelant que la vigilance reste de mise. Dans son rapport annuel 2024, l\u2019institution bas\u00e9e \u00e0 Luxembourg valide la fiabilit\u00e9 des comptes et la r\u00e9gularit\u00e9 des recettes, mais \u00e9met une opinion d\u00e9favorable sur les d\u00e9penses et une opinion \u00ab avec r\u00e9serve \u00bb sur la Facilit\u00e9 pour la reprise et la r\u00e9silience, le c\u0153ur du plan de relance post-Covid. <\/p>\n<p class=\"article-content__p\">Si le taux d\u2019erreur estimatif recule \u00e0 3,6 %, contre 5,6 % un an plus t\u00f4t, il demeure sup\u00e9rieur au seuil de signification de 2 % qui distingue les irr\u00e9gularit\u00e9s isol\u00e9es des probl\u00e8mes syst\u00e9miques. Les auditeurs europ\u00e9ens pointent les m\u00eames fragilit\u00e9s que les ann\u00e9es pr\u00e9c\u00e9dentes : des erreurs concentr\u00e9es dans les politiques de coh\u00e9sion et agricoles, l\u00e0 o\u00f9 les r\u00e8gles sont les plus complexes et les contr\u00f4les les plus lourds. La majorit\u00e9 des \u00e9carts identifi\u00e9s rel\u00e8vent de co\u00fbts in\u00e9ligibles, de march\u00e9s publics non conformes ou de d\u00e9faillances administratives dans les \u00c9tats membres. La Cour souligne que ces erreurs ne traduisent pas une fraude, mais une non-conformit\u00e9 aux r\u00e8gles financi\u00e8res de l\u2019Union. Dix-neuf cas ont toutefois \u00e9t\u00e9 transmis \u00e0 l\u2019Office europ\u00e9en de lutte antifraude, dont six font l\u2019objet d\u2019enqu\u00eates, et sept au Parquet europ\u00e9en.<\/p>\n<p>La charge de la dette sup\u00e9rieure \u00e0 30 milliards d\u2019euros<\/p>\n<p class=\"article-content__p\">La situation du plan de relance, financ\u00e9 par la dette commune, illustre la prudence du diagnostic. Sur les 28 paiements examin\u00e9s, six ne respectaient pas les crit\u00e8res fix\u00e9s. Certains jalons et cibles ont \u00e9t\u00e9 mal d\u00e9finis, rendant l\u2019\u00e9valuation de la performance difficile. La Cour admet la sp\u00e9cificit\u00e9 de cet instrument, fond\u00e9 sur la r\u00e9alisation d\u2019objectifs plut\u00f4t que sur le remboursement de d\u00e9penses r\u00e9elles, mais souligne les limites de contr\u00f4le d\u2019un dispositif encore jeune. En 2024, la Facilit\u00e9 a repr\u00e9sent\u00e9 pr\u00e8s de 60 milliards d\u2019euros de paiements, soit environ un quart des d\u00e9penses totales de l\u2019Union. <\/p>\n<p class=\"article-content__p\">L\u2019ex\u00e9cution budg\u00e9taire globale reste ma\u00eetris\u00e9e, mais tendue. Les paiements atteignent 247 milliards d\u2019euros en 2024, dont 191 milliards issus du budget traditionnel. Les engagements restant \u00e0 liquider s\u2019\u00e9l\u00e8vent \u00e0 507 milliards, un volume \u00e9lev\u00e9 qui traduit la lenteur d\u2019absorption des fonds du cadre 2021\u20132027. Dans le m\u00eame temps, la dette commune issue du plan NextGenerationEU s\u2019alourdit : elle atteint d\u00e9j\u00e0 578 milliards d\u2019euros et devrait d\u00e9passer 900 milliards en 2027. La charge d\u2019int\u00e9r\u00eats pr\u00e9vue sur la p\u00e9riode 2021\u20132027 exc\u00e8de d\u00e9sormais 30 milliards d\u2019euros, soit plus du double des pr\u00e9visions initiales, en raison du niveau durablement \u00e9lev\u00e9 des taux.<\/p>\n<p class=\"article-content__p\">Pour la Cour, ces chiffres confirment une double r\u00e9alit\u00e9 : l\u2019Union europ\u00e9enne progresse vers une gestion plus rigoureuse, mais ses finances se complexifient et se fragilisent \u00e0 mesure que l\u2019endettement s\u2019installe. Les auditeurs invitent la Commission \u00e0 am\u00e9liorer la tra\u00e7abilit\u00e9 des paiements, \u00e0 renforcer la qualit\u00e9 des donn\u00e9es de performance et \u00e0 anticiper les co\u00fbts futurs de la dette. Ils recommandent aussi de simplifier les r\u00e8gles afin de r\u00e9duire les erreurs sans affaiblir les contr\u00f4les. <\/p>\n<p class=\"article-content__p\">Le Luxembourg, si\u00e8ge de la Cour depuis 1977, se trouve \u00e0 la fois observateur et concern\u00e9. Le pays pr\u00e9sente un profil de gestion stable, avec un faible taux d\u2019erreur et une absorption mod\u00e9r\u00e9e des fonds europ\u00e9ens, mais il partage les difficult\u00e9s communes de mise en \u0153uvre administrative.<\/p>\n","protected":false},"excerpt":{"rendered":"\u00ab La r\u00e9duction du niveau d\u2019erreur est une \u00e9volution positive, mais les irr\u00e9gularit\u00e9s de d\u00e9penses du budget europ\u00e9en&hellip;\n","protected":false},"author":2,"featured_media":455629,"comment_status":"","ping_status":"","sticky":false,"template":"","format":"standard","meta":{"footnotes":""},"categories":[1586],"tags":[11,1777,674,1779,1011,27,12,25,1778,364],"class_list":{"0":"post-455628","1":"post","2":"type-post","3":"status-publish","4":"format-standard","5":"has-post-thumbnail","7":"category-europe","8":"tag-actualites","9":"tag-eu","10":"tag-europe","11":"tag-european-union","12":"tag-fr","13":"tag-france","14":"tag-news","15":"tag-republique-francaise","16":"tag-ue","17":"tag-union-europeenne"},"share_on_mastodon":{"url":"https:\/\/pubeurope.com\/@fr\/115356936692402094","error":""},"_links":{"self":[{"href":"https:\/\/www.europesays.com\/fr\/wp-json\/wp\/v2\/posts\/455628","targetHints":{"allow":["GET"]}}],"collection":[{"href":"https:\/\/www.europesays.com\/fr\/wp-json\/wp\/v2\/posts"}],"about":[{"href":"https:\/\/www.europesays.com\/fr\/wp-json\/wp\/v2\/types\/post"}],"author":[{"embeddable":true,"href":"https:\/\/www.europesays.com\/fr\/wp-json\/wp\/v2\/users\/2"}],"replies":[{"embeddable":true,"href":"https:\/\/www.europesays.com\/fr\/wp-json\/wp\/v2\/comments?post=455628"}],"version-history":[{"count":0,"href":"https:\/\/www.europesays.com\/fr\/wp-json\/wp\/v2\/posts\/455628\/revisions"}],"wp:featuredmedia":[{"embeddable":true,"href":"https:\/\/www.europesays.com\/fr\/wp-json\/wp\/v2\/media\/455629"}],"wp:attachment":[{"href":"https:\/\/www.europesays.com\/fr\/wp-json\/wp\/v2\/media?parent=455628"}],"wp:term":[{"taxonomy":"category","embeddable":true,"href":"https:\/\/www.europesays.com\/fr\/wp-json\/wp\/v2\/categories?post=455628"},{"taxonomy":"post_tag","embeddable":true,"href":"https:\/\/www.europesays.com\/fr\/wp-json\/wp\/v2\/tags?post=455628"}],"curies":[{"name":"wp","href":"https:\/\/api.w.org\/{rel}","templated":true}]}}