{"id":455638,"date":"2025-10-11T18:30:15","date_gmt":"2025-10-11T18:30:15","guid":{"rendered":"https:\/\/www.europesays.com\/fr\/455638\/"},"modified":"2025-10-11T18:30:15","modified_gmt":"2025-10-11T18:30:15","slug":"le-stade-francais-simpose-a-la-sirene-et-rejoint-pau-en-tete-du-top-14-lyon-et-le-racing-lemportent-a-domicile-castres-passe-de-justesse-a-sapiac-lequipe","status":"publish","type":"post","link":"https:\/\/www.europesays.com\/fr\/455638\/","title":{"rendered":"Le Stade Fran\u00e7ais s&#039;impose \u00e0 la sir\u00e8ne et rejoint Pau en t\u00eate du Top 14, Lyon et le Racing l&#039;emportent \u00e0 domicile, Castres passe de justesse \u00e0 Sapiac &#8211; L&#039;\u00c9quipe"},"content":{"rendered":"<ol>\n<li><a href=\"https:\/\/news.google.com\/rss\/articles\/CBMizgFBVV95cUxQQjdxSUZhRFotMjV3TTVlYUt3TmhhcTZlWmFNVG4wLWRTdjh2dHIxanNaUzhYb0NGM2NnSnpQeThNcEprWVhRV0pjSHZPZDM0ejhWNUt3WFI0cGdfR3JtWG5aUUdvTE9CMWNnMXU4cVpNa1JfeUR3QlVWWE5aUVJQMjlUUE5EQUVkMWhJVVpDV1V1V01KOW4xY041RVpqMnRnQWg5LWRxTjNkdDJlckNtWEZTUDFUWnZmaUxaOWpLLV8xeFdNb29veTAyMTk0Zw?oc=5\" target=\"_blank\" rel=\"nofollow noopener\">Le Stade Fran\u00e7ais s&rsquo;impose \u00e0 la sir\u00e8ne et rejoint Pau en t\u00eate du Top 14, Lyon et le Racing l&#8217;emportent \u00e0 domicile, Castres passe de justesse \u00e0 Sapiac<\/a>&nbsp;&nbsp;L&rsquo;\u00c9quipe<\/li>\n<li><a href=\"https:\/\/news.google.com\/rss\/articles\/CBMinAFBVV95cUxPemxpcVgxMFFNQURoZ3Z3dUZzU09udHR2TjdzdjRIenhXTTg4V0tzRzUtYlFwSlZnQWF6dG5Cb0U3cWF4My1VX1dUYW1SYTcxbEdyUHB5LXA2TUZRcXF6ek5jbTlVSkQyZ25xWl9pVmduNTY0RS1aVlNRdTAxdzBXdWg5aGZhc0tZQ3hCcllNQUZSYzZCckxwNE1mWU4?oc=5\" target=\"_blank\" rel=\"nofollow noopener\">Stade Fran\u00e7ais &#8211; La Rochelle en direct, Aller de Top 14 2025-2026 (11\/10\/2025)<\/a>&nbsp;&nbsp;L&rsquo;\u00c9quipe<\/li>\n<li><a href=\"https:\/\/news.google.com\/rss\/articles\/CBMiuAFBVV95cUxNQnN5TUkxZGxJR05jVV9XSlQ3QWZtOWUwdzVTbWhva1RpRUtLdzA5UHFFTU9tWXJSWFdpc3RrTmxUTzE4a2piVjY1cGhzMkRnYmkwRjJUS3JqNjg1RUxTa1ZjMkgwU1M3V2dVZkQxT0ptNjhZbG1CWGx1YmwtcWFHM2JndWJmNnZaUU44RVZRdS1wVkpSTlc0M1FIUm1zVlFxWkd3TkZKaEVzRU96Z2ZkSElKSU8zYUNi?oc=5\" target=\"_blank\" rel=\"nofollow noopener\">Top 14 : \u00abJe suis fier d\u2019\u00eatre Rochelais ce soir\u00bb, glisse Ronan O\u2019Gara<\/a>&nbsp;&nbsp;Le Figaro<\/li>\n<li><a href=\"https:\/\/news.google.com\/rss\/articles\/CBMimAFBVV95cUxPcVk1SXd6Zld3NzVBQXlGN3FaQkk1QW5hSXdoVzh4U3ljUkNTMWRQLTBQemhDbHU5anFsRVd3SEtVRGlvTXFJczBvSXpNdVhrSVF3LWc5c1I0eDNEVXl5b0RKSUxYY3Rha2NxbXRvY1ZlQWI2Y3l6UUFPSVVPRlI1RnBIMmxxWGJydzhxMEZxRGtKWFJaTjA3bQ?oc=5\" target=\"_blank\" rel=\"nofollow noopener\">Top 14 (J6) : Revivez le multiplex<\/a>&nbsp;&nbsp;Orange Actualit\u00e9s | Sports<\/li>\n<li><a href=\"https:\/\/news.google.com\/rss\/articles\/CBMi_wFBVV95cUxNeTlGMlUySmotcW5YQ3hRU2ZvVTR0VlZ0TmZFQWxHSHZGNzlsNWpZcXpYb2Etem90R3BiTVhRUFE4Q1M5QlYxRHhDeVV0QXpzeDhQX21vVUNzd3k4VC1RQ3hJZ1dLNDNkOVFXa0RvMHFUU2kzOTZOc1hYdWtzTWpOeVRMMDl1VW4wVWNfQnBFS2d6bnFpUHRfRUNzVUNVNS1URW5YUjJmaTNON0pXNTV5RU5kcUNrdVRnS0N3UXVZdl9DQTlqdVV3b3p2SkE1UmdHM3lHMS1nd2hHMzFSUUV2d0I4UjlKX3VpOTFkZWZ6NUdHelBLcmJ1Wm56ZERpR3c?oc=5\" target=\"_blank\" rel=\"nofollow noopener\">Un tr\u00f4ne partag\u00e9 et bien m\u00e9rit\u00e9 pour le Stade fran\u00e7ais<\/a>&nbsp;&nbsp;Eurosport<\/li>\n<\/ol>\n","protected":false},"excerpt":{"rendered":"Le Stade Fran\u00e7ais s&rsquo;impose \u00e0 la sir\u00e8ne et rejoint Pau en t\u00eate du Top 14, Lyon et le&hellip;\n","protected":false},"author":2,"featured_media":455639,"comment_status":"","ping_status":"","sticky":false,"template":"","format":"standard","meta":{"footnotes":""},"categories":[1416],"tags":[1011,27,479,1468,60],"class_list":{"0":"post-455638","1":"post","2":"type-post","3":"status-publish","4":"format-standard","5":"has-post-thumbnail","7":"category-rugby","8":"tag-fr","9":"tag-france","10":"tag-rugby","11":"tag-rugby-football","12":"tag-sports"},"share_on_mastodon":{"url":"https:\/\/pubeurope.com\/@fr\/115356960249152698","error":""},"_links":{"self":[{"href":"https:\/\/www.europesays.com\/fr\/wp-json\/wp\/v2\/posts\/455638","targetHints":{"allow":["GET"]}}],"collection":[{"href":"https:\/\/www.europesays.com\/fr\/wp-json\/wp\/v2\/posts"}],"about":[{"href":"https:\/\/www.europesays.com\/fr\/wp-json\/wp\/v2\/types\/post"}],"author":[{"embeddable":true,"href":"https:\/\/www.europesays.com\/fr\/wp-json\/wp\/v2\/users\/2"}],"replies":[{"embeddable":true,"href":"https:\/\/www.europesays.com\/fr\/wp-json\/wp\/v2\/comments?post=455638"}],"version-history":[{"count":0,"href":"https:\/\/www.europesays.com\/fr\/wp-json\/wp\/v2\/posts\/455638\/revisions"}],"wp:featuredmedia":[{"embeddable":true,"href":"https:\/\/www.europesays.com\/fr\/wp-json\/wp\/v2\/media\/455639"}],"wp:attachment":[{"href":"https:\/\/www.europesays.com\/fr\/wp-json\/wp\/v2\/media?parent=455638"}],"wp:term":[{"taxonomy":"category","embeddable":true,"href":"https:\/\/www.europesays.com\/fr\/wp-json\/wp\/v2\/categories?post=455638"},{"taxonomy":"post_tag","embeddable":true,"href":"https:\/\/www.europesays.com\/fr\/wp-json\/wp\/v2\/tags?post=455638"}],"curies":[{"name":"wp","href":"https:\/\/api.w.org\/{rel}","templated":true}]}}