{"id":455642,"date":"2025-10-11T18:33:14","date_gmt":"2025-10-11T18:33:14","guid":{"rendered":"https:\/\/www.europesays.com\/fr\/455642\/"},"modified":"2025-10-11T18:33:14","modified_gmt":"2025-10-11T18:33:14","slug":"motogp-pecco-bagnaia-surprend-etre-coequipier-de-marc-marquez-ma-fait-du-bien-syndrome-de-stockholm-a-borgo-panigale","status":"publish","type":"post","link":"https:\/\/www.europesays.com\/fr\/455642\/","title":{"rendered":"MotoGP, Pecco Bagnaia surprend : \u00ab\u00a0\u00eatre co\u00e9quipier de Marc Marquez m\u2019a fait du bien\u00a0\u00bb, syndrome de Stockholm \u00e0 Borgo Panigale ?"},"content":{"rendered":"<p><strong>Alors que la saison 2025 tourne au cauchemar pour Pecco<br \/>\nBagnaia, domin\u00e9 par son propre co\u00e9quipier Marc Marquez, le double<br \/>\nchampion du monde Ducati a tenu \u00e0 r\u00e9tablir certaines v\u00e9rit\u00e9s dans<br \/>\nLa Gazzetta dello Sport. Non, la cohabitation avec le pilote<br \/>\ncatalan n\u2019est pas une guerre ouverte. Au contraire.<\/strong><\/p>\n<p><strong>Pecco<\/strong> ne cache pas qu\u2019il avait quelques<br \/>\ncraintes \u00e0 l\u2019id\u00e9e de partager le box <strong>Ducati<\/strong> avec<br \/>\nl\u2019un des pilotes les plus redout\u00e9s de l\u2019histoire du MotoGP.<br \/>\nL\u2019arriv\u00e9e de <strong>Marquez<\/strong> dans l\u2019\u00e9quipe officielle,<br \/>\nobtenue au prix d\u2019un reniement de <strong>Ducati<\/strong> envers<br \/>\n<strong>Jorge Martin<\/strong>, avait sem\u00e9 la zizanie en coulisses.<br \/>\nMais le Turinois a \u00e9t\u00e9 surpris :<\/p>\n<p>\u00ab Au d\u00e9but, j\u2019\u00e9tais un peu inquiet. <strong>Il a toujours<br \/>\ndit qu\u2019il mettait des b\u00e2tons dans les roues, m\u00eame \u00e0 ses<br \/>\nco\u00e9quipiers<\/strong>. Au contraire, cela m\u2019a surpris. <strong>Le<br \/>\nc\u00f4toyer comme co\u00e9quipier a \u00e9t\u00e9 tr\u00e8s positif<\/strong>. \u00bb<\/p>\n<p>Bagnaia va m\u00eame plus loin en racontant une anecdote insolite : \u00ab<br \/>\nau Japon, nous sommes all\u00e9s dans un bar karaok\u00e9 pour boire du<br \/>\nsak\u00e9. C\u2019\u00e9tait sympa. \u00bb<\/p>\n<p>L\u2019Italien montre ainsi qu\u2019au-del\u00e0 de la rivalit\u00e9 sur la piste,<br \/>\nune complicit\u00e9 inattendue s\u2019est install\u00e9e. Et de conclure avec<br \/>\nrespect : \u00ab c\u2019est l\u2019un des pilotes les plus forts de<br \/>\nl\u2019histoire. Ces derni\u00e8res ann\u00e9es, il a domin\u00e9. <strong>On ne peut<br \/>\nqu\u2019apprendre de Marc<\/strong>. \u00bb<\/p>\n<p>Mais cette entente cordiale ne masque pas une r\u00e9alit\u00e9 plus<br \/>\nbrutale : <strong>Bagnaia<\/strong> est en difficult\u00e9, avec<br \/>\nseulement deux victoires cette saison, contre 11 en 2024. En face,<br \/>\nMarquez a d\u00e9j\u00e0 valid\u00e9 son neuvi\u00e8me titre mondial.<\/p>\n<p>Le choc en Indon\u00e9sie avec <a href=\"https:\/\/www.paddock-gp.com\/motogp-marc-marquez-et-le-karma-en-indonesie-il-etait-pour-marco-bezzecchi\/\" rel=\"nofollow noopener\" target=\"_blank\"><br \/>\n<strong>Marco Bezzecchi<\/strong><\/a> l\u2019a contraint \u00e0 d\u00e9clarer<br \/>\nforfait pour les Grands Prix d\u2019Australie et de Malaisie. Il sera<br \/>\nremplac\u00e9 \u2014 pour <strong>Phillip Island<\/strong> au moins \u2014 par<br \/>\n<strong>Michele Pirro<\/strong>, pilote d\u2019essai<br \/>\n<strong>Ducati<\/strong>.<\/p>\n<p>Quant \u00e0 <strong>Pecco<\/strong> <strong>Bagnaia<\/strong>, il<br \/>\navait bri\u00e8vement repris espoir au Japon, avec une victoire<br \/>\nretrouv\u00e9e gr\u00e2ce \u00e0 un package technique \u00ab\u00a0inspir\u00e9\u00a0\u00bb de la<br \/>\nGP24. Mais \u00e0 Mandalika, la rechute a \u00e9t\u00e9 brutale : aucun point<br \/>\ninscrit, et un champion incapable d\u2019expliquer ses<br \/>\ncontre-performances.<\/p>\n<p><img loading=\"lazy\" decoding=\"async\" class=\"aligncenter size-full wp-image-1337615\" src=\"https:\/\/www.europesays.com\/fr\/wp-content\/uploads\/2025\/10\/Bagnaoa-Marquez.jpg\" alt=\"\" width=\"598\" height=\"401\"  \/><\/p>\n<p><strong>Ducati entre marketing et<br \/>\nscience-fiction : le duo Pecco Bagnaia-Marc Marquez en mode<br \/>\nTron<\/strong><\/p>\n<p>Malgr\u00e9 cette passe difficile, <a href=\"https:\/\/www.paddock-gp.com\/wsbk-le-coup-de-gueule-de-toprak-razgatlioglu-qui-fait-trembler-le-motogp-en-superbike-meme-marquez-serait-perdu-sans-la-ducati\/\" rel=\"nofollow noopener\" target=\"_blank\"><br \/>\n<strong>Ducati<\/strong><\/a> n\u2019oublie pas son image. La marque de<br \/>\nBologne, partenaire de Disney, a profit\u00e9 de la sortie du film Tron<br \/>\n: Ares pour organiser un tournage spectaculaire \u00e0 Misano avec ses<br \/>\ndeux stars.<\/p>\n<p>Bagnaia et Marquez, v\u00eatus de cuir noir, ont roul\u00e9 de nuit sur le<br \/>\ncircuit Marco Simoncelli, \u00e0 bord d\u2019une Hypermotard 698 Mono RVE,<br \/>\nsous les projecteurs et dans une ambiance futuriste \u00e0 la Tron.<\/p>\n<p>Une vid\u00e9o promotionnelle \u00e0 fort impact, tourn\u00e9e avant le GP<br \/>\nd\u2019Indon\u00e9sie. L\u2019actrice Greta Lee, h\u00e9ro\u00efne du film, pilote quant \u00e0<br \/>\nelle une Hypermotard 950 SP dans les sc\u00e8nes d\u2019action.<\/p>\n<p>L\u2019op\u00e9ration Tron ne suffira pas \u00e0 masquer les fissures<br \/>\napparentes dans la maison rouge. La saison <a href=\"https:\/\/www.motogp.com\/en\" rel=\"nofollow noopener\" target=\"_blank\">MotoGP<\/a> 2025 est la plus instable<br \/>\ndepuis l\u2019\u00e8re post-Dovizioso : un champion en perte de rep\u00e8res, un<br \/>\nco\u00e9quipier galvanis\u00e9 et bless\u00e9, une \u00e9quipe divis\u00e9e sur la<br \/>\nhi\u00e9rarchie, le tout malgr\u00e9 une domination au tableau<br \/>\nd\u2019affichage.<\/p>\n<p>Mais s\u2019il y a bien une constante, c\u2019est que <a href=\"https:\/\/www.paddock-gp.com\/motogp-fermin-aldeguer-demonte-le-mythe-ce-que-marc-marquez-na-pas-selon-letoile-montante-de-ducati\/\" rel=\"nofollow noopener\" target=\"_blank\"><br \/>\n<strong>Marc Marquez<\/strong><\/a> continue de dicter le tempo, sur<br \/>\nla piste, dans les m\u00e9dias\u2026 et m\u00eame dans les bars \u00e0 sak\u00e9.<\/p>\n<p><img decoding=\"async\" class=\"aligncenter\" src=\"https:\/\/www.europesays.com\/fr\/wp-content\/uploads\/2025\/10\/909cdb2498e746789218ac66154dfeb9.png\" alt=\"Mise en sc\u00e8ne dans le style Tron : la Ducati Hypermotard 698 RVE\"\/><\/p>\n<p>\u00a0<\/p>\n<p>\u00a0<\/p>\n<p>\u00a0<\/p>\n","protected":false},"excerpt":{"rendered":"Alors que la saison 2025 tourne au cauchemar pour Pecco Bagnaia, domin\u00e9 par son propre co\u00e9quipier Marc Marquez,&hellip;\n","protected":false},"author":2,"featured_media":455643,"comment_status":"","ping_status":"","sticky":false,"template":"","format":"standard","meta":{"footnotes":""},"categories":[1413],"tags":[1011,27,1457,1456,60],"class_list":{"0":"post-455642","1":"post","2":"type-post","3":"status-publish","4":"format-standard","5":"has-post-thumbnail","7":"category-moto","8":"tag-fr","9":"tag-france","10":"tag-moto","11":"tag-motocycle","12":"tag-sports"},"share_on_mastodon":{"url":"https:\/\/pubeurope.com\/@fr\/115356972677949269","error":""},"_links":{"self":[{"href":"https:\/\/www.europesays.com\/fr\/wp-json\/wp\/v2\/posts\/455642","targetHints":{"allow":["GET"]}}],"collection":[{"href":"https:\/\/www.europesays.com\/fr\/wp-json\/wp\/v2\/posts"}],"about":[{"href":"https:\/\/www.europesays.com\/fr\/wp-json\/wp\/v2\/types\/post"}],"author":[{"embeddable":true,"href":"https:\/\/www.europesays.com\/fr\/wp-json\/wp\/v2\/users\/2"}],"replies":[{"embeddable":true,"href":"https:\/\/www.europesays.com\/fr\/wp-json\/wp\/v2\/comments?post=455642"}],"version-history":[{"count":0,"href":"https:\/\/www.europesays.com\/fr\/wp-json\/wp\/v2\/posts\/455642\/revisions"}],"wp:featuredmedia":[{"embeddable":true,"href":"https:\/\/www.europesays.com\/fr\/wp-json\/wp\/v2\/media\/455643"}],"wp:attachment":[{"href":"https:\/\/www.europesays.com\/fr\/wp-json\/wp\/v2\/media?parent=455642"}],"wp:term":[{"taxonomy":"category","embeddable":true,"href":"https:\/\/www.europesays.com\/fr\/wp-json\/wp\/v2\/categories?post=455642"},{"taxonomy":"post_tag","embeddable":true,"href":"https:\/\/www.europesays.com\/fr\/wp-json\/wp\/v2\/tags?post=455642"}],"curies":[{"name":"wp","href":"https:\/\/api.w.org\/{rel}","templated":true}]}}