{"id":455648,"date":"2025-10-11T18:36:21","date_gmt":"2025-10-11T18:36:21","guid":{"rendered":"https:\/\/www.europesays.com\/fr\/455648\/"},"modified":"2025-10-11T18:36:21","modified_gmt":"2025-10-11T18:36:21","slug":"hojbjerg-va-ecourter-sa-pige-internationale-aubameyang-reste-au-gabon","status":"publish","type":"post","link":"https:\/\/www.europesays.com\/fr\/455648\/","title":{"rendered":"Hojbjerg va \u00e9courter sa pige internationale, Aubameyang reste au Gabon"},"content":{"rendered":"<p>Bonne nouvelle pour l\u2019OM, (un peu) moins pour les concern\u00e9s\u2026 Alors que la cadence s\u2019acc\u00e9l\u00e8re, entre les rencontres de Ligue 1 et celle de\u00a0Champions, que ce rythme demeure effr\u00e9n\u00e9 pour les onze Olympiens convi\u00e9s en s\u00e9lection durant cette tr\u00eave d\u2019octobre, la moindre minute pass\u00e9e au repos par l\u2019un de ses prot\u00e9g\u00e9s, est un luxe dont raffole Roberto De Zerbi.<\/p>\n<p>Soucieux de m\u00e9nager ses troupes, en atteste ce mois de septembre durant lequel il a \u00e9quilibr\u00e9 les temps de jeu, le technicien lombard a appris, non sans plaisir, la prochaine suspension de deux de ses cadres\u00a0: <a href=\"https:\/\/www.laprovence.com\/article\/om\/182347483548815\/generations-supporters-lunion-fait-la-force-de-lhandifan-club-om\" target=\"_blank\" rel=\"noopener\">Pierre-Emile Hojbjerg<\/a> et Pierre-Emerick Aubameyang. Pas de panique, celles-ci n\u2019ont aucune incidence sur l\u2019OM, si ce n\u2019est des bienfaits, par ricochets.<\/p>\n<p>Tous deux titulaires avec leur s\u00e9lection respective, \u00e0 l\u2019or\u00e9e du week-end (victoire 6-0 avec le Danemark pour Hojbjerg, succ\u00e8s 3-4 pour \u00ab\u00a0Auba\u00a0\u00bb avec le Gabon), ils ont aussi \u00e9cop\u00e9 de cartons qui vont les priver d\u2019une seconde rencontre cons\u00e9cutive, qualificative pour le Mondial-2026. L\u2019un pour accumulation d\u2019avertissements, <a href=\"https:\/\/www.laprovence.com\/article\/om\/11549689561642\/om-aubameyang-plante-un-quadruple-et-se-faire-exclure-dans-un-match-fou-les-ex-olympiens-se-regalent-en-selection\" target=\"_blank\" rel=\"noopener\">l\u2019autre pour une malheureuse exclusion apr\u00e8s un magnifique quadrupl\u00e9.<\/a><\/p>\n<p>\u00ab\u00a0Auba\u00a0\u00bb, op\u00e9ration Mondial<\/p>\n<p>Au lieu de v\u00e9g\u00e9ter avec \u00ab\u00a0les Dynamites\u00a0\u00bb, qui doivent d\u00e9fier la Gr\u00e8ce dimanche soir, \u00ab\u00a0Pilou\u00a0\u00bb Hojbjerg est attendu prochainement Marseille, o\u00f9 il se ressourcera avant de r\u00e9enfiler sans doute sa tunique pour la r\u00e9ception du\u00a0Havre, ce samedi 18\u00a0octobre. A contrario, pas de retour anticip\u00e9 pour Aubameyang qui, m\u00eame s\u2019il n\u2019aura pas le droit de jouer, va rester aupr\u00e8s de Panth\u00e8res pour les soutenir dans leur qu\u00eate d\u2019une qualif \u00e0 la coupe du monde. <a href=\"https:\/\/www.laprovence.com\/article\/om\/68875792877454\/om-programme-varie-pour-les-internationaux-olympiens\" target=\"_blank\" rel=\"noopener\">Pour rappel, avant d\u2019affronter le Burundi mardi (10e et derni\u00e8re journ\u00e9e), le Gabon a un point de retard sur le leader de sa poule, la C\u00f4te d&rsquo;Ivoire.<\/a><\/p>\n","protected":false},"excerpt":{"rendered":"Bonne nouvelle pour l\u2019OM, (un peu) moins pour les concern\u00e9s\u2026 Alors que la cadence s\u2019acc\u00e9l\u00e8re, entre les rencontres&hellip;\n","protected":false},"author":2,"featured_media":455649,"comment_status":"","ping_status":"","sticky":false,"template":"","format":"standard","meta":{"footnotes":""},"categories":[1410],"tags":[17,39855,58095,63,1011,27,507,26529,149,30125,3138,60],"class_list":{"0":"post-455648","1":"post","2":"type-post","3":"status-publish","4":"format-standard","5":"has-post-thumbnail","7":"category-football","8":"tag-17","9":"tag-aubameyang","10":"tag-ecourter","11":"tag-football","12":"tag-fr","13":"tag-france","14":"tag-hojbjerg","15":"tag-internationale","16":"tag-om","17":"tag-pige","18":"tag-reste","19":"tag-sports"},"share_on_mastodon":{"url":"https:\/\/pubeurope.com\/@fr\/115356983997554265","error":""},"_links":{"self":[{"href":"https:\/\/www.europesays.com\/fr\/wp-json\/wp\/v2\/posts\/455648","targetHints":{"allow":["GET"]}}],"collection":[{"href":"https:\/\/www.europesays.com\/fr\/wp-json\/wp\/v2\/posts"}],"about":[{"href":"https:\/\/www.europesays.com\/fr\/wp-json\/wp\/v2\/types\/post"}],"author":[{"embeddable":true,"href":"https:\/\/www.europesays.com\/fr\/wp-json\/wp\/v2\/users\/2"}],"replies":[{"embeddable":true,"href":"https:\/\/www.europesays.com\/fr\/wp-json\/wp\/v2\/comments?post=455648"}],"version-history":[{"count":0,"href":"https:\/\/www.europesays.com\/fr\/wp-json\/wp\/v2\/posts\/455648\/revisions"}],"wp:featuredmedia":[{"embeddable":true,"href":"https:\/\/www.europesays.com\/fr\/wp-json\/wp\/v2\/media\/455649"}],"wp:attachment":[{"href":"https:\/\/www.europesays.com\/fr\/wp-json\/wp\/v2\/media?parent=455648"}],"wp:term":[{"taxonomy":"category","embeddable":true,"href":"https:\/\/www.europesays.com\/fr\/wp-json\/wp\/v2\/categories?post=455648"},{"taxonomy":"post_tag","embeddable":true,"href":"https:\/\/www.europesays.com\/fr\/wp-json\/wp\/v2\/tags?post=455648"}],"curies":[{"name":"wp","href":"https:\/\/api.w.org\/{rel}","templated":true}]}}