{"id":455650,"date":"2025-10-11T18:37:12","date_gmt":"2025-10-11T18:37:12","guid":{"rendered":"https:\/\/www.europesays.com\/fr\/455650\/"},"modified":"2025-10-11T18:37:12","modified_gmt":"2025-10-11T18:37:12","slug":"jai-fait-aspirer-mon-valerie-lemercier-revele-la-seule-operation-de-chirurgie-esthetique-quelle-a-effectuee","status":"publish","type":"post","link":"https:\/\/www.europesays.com\/fr\/455650\/","title":{"rendered":"\u00ab\u00a0J\u2019ai fait aspirer mon\u2026\u00a0\u00bb : Val\u00e9rie Lemercier r\u00e9v\u00e8le la seule op\u00e9ration de chirurgie esth\u00e9tique qu\u2019elle a effectu\u00e9e"},"content":{"rendered":"<p data-start=\"284\" data-end=\"632\">Il y a des personnalit\u00e9s qui<br \/>\ntraversent les g\u00e9n\u00e9rations, <a href=\"https:\/\/www.closermag.fr\/people\/je-veux-bien-que-tu-me-fasses-mes-fesses-cette-question-qui-a-desarconne-valerie-lemercier-3581230\" target=\"_blank\" rel=\"noopener\"><br \/>\net Val\u00e9rie Lemercier<\/a> en fait incontestablement partie. \u00c0 61<br \/>\nans, l\u2019actrice est loin d\u2019avoir dit son dernier mot. Connue pour<br \/>\njouer des personnages dr\u00f4les et attachants, <a href=\"https:\/\/www.closermag.fr\/tv_tele_realite\/valerie-lemercier-plus-jeune-que-moi-cueillie-a-froid-elle-se-livre-sur-son-compagnon-3581259\" target=\"_blank\" rel=\"noopener\"><br \/>\nla compagne de Mathias Kiss<\/a> s\u2019appr\u00eate \u00e0 monter sur les planches<br \/>\ndu th\u00e9\u00e2tre Marigny pour pr\u00e9senter son nouveau spectacle.<\/p>\n<p data-start=\"634\" data-end=\"878\">Bient\u00f4t, elle fera \u00e9galement la<br \/>\npromotion de son film Bistouri, qui, comme son nom l\u2019indique, parlera de<br \/>\nchirurgie esth\u00e9tique. Un sujet qui touche de nombreuses personnes<br \/>\nde son \u00e2ge, et sur lequel elle a accept\u00e9 de se confier \u00e0 c\u0153ur<br \/>\nouvert.<\/p>\n<p>Val\u00e9rie Lemercier a-t-elle fait<br \/>\nun lifting ?<\/p>\n<p data-start=\"932\" data-end=\"1459\">Il n\u2019est pas toujours simple de<br \/>\nvoir les marques du temps sur son visage, encore plus lorsque l\u2019on<br \/>\nfait un m\u00e9tier d\u2019image. \u00c0 l\u2019heure o\u00f9 le physique des c\u00e9l\u00e9brit\u00e9s est<br \/>\nscrut\u00e9 \u00e0 la loupe, beaucoup franchissent <a href=\"https:\/\/www.closermag.fr\/beaute\/forme_bien_etre\/quelle-est-la-chirurgie-esthetique-la-plus-risquee-3435336\" target=\"_blank\" rel=\"noopener\"><br \/>\nle cap de la chirurgie esth\u00e9tique<\/a>, devenue (trop) banalis\u00e9e :<br \/>\n\u00ab Il y a des m\u00e9decins qui<br \/>\nfont des \u201ccadeaux\u201d : j\u2019ai des copines \u00e0 qui <a href=\"https:\/\/www.closermag.fr\/people\/un-golfe-qui-jordan-de-luxe-adepte-de-la-chirurgie-esthetique-voici-les-trois-choses-quil-a-faites-3481852\" target=\"_blank\" rel=\"noopener\"><br \/>\non a refait les yeux<\/a> sans leur avis, pendant un lifting. C\u2019est<br \/>\nun peu <strong>comme le boucher qui vous rajoute une cuill\u00e8re de<br \/>\nsteak hach\u00e9<\/strong> \u00bb, explique-t-elle dans les colonnes du<br \/>\n<a href=\"https:\/\/www.leparisien.fr\/culture-loisirs\/jai-de-plus-en-plus-le-trac-valerie-lemercier-se-confie-avant-son-retour-seule-sur-scene-11-10-2025-2OL4DMXQMZCG5HILVZI3TBONTA.php\" target=\"_blank\" rel=\"nofollow noopener\">Parisien<\/a>. De son c\u00f4t\u00e9, elle a eu recours<br \/>\nune fois \u00e0 une op\u00e9ration, mais cela n\u2019avait rien \u00e0 voir avec ses<br \/>\nrides : \u00ab <strong>J\u2019ai fait<br \/>\naspirer mon menton il y a vingt ans, mais c\u2019est tout<\/strong><br \/>\n\u00bb.<\/p>\n<p data-start=\"1638\" data-end=\"2067\">D\u2019ailleurs, l\u2019actrice affiche<br \/>\nune peau tr\u00e8s lisse pour son \u00e2ge, \u00e0 tel point que beaucoup ne la<br \/>\ncroient pas lorsqu\u2019elle dit qu\u2019elle n\u2019a pas fait de lifting ! Son<br \/>\nsecret ? Prendre soin d\u2019elle : \u00ab Il y a des m\u00e9decins qui pensent que je me suis fait des<br \/>\nliftings, mais vous pouvez regarder, je n\u2019ai aucune cicatrice ! Je<br \/>\nne fais pas de botox non plus, mais beaucoup de massages du visage.<br \/>\nJ\u2019y crois beaucoup plus qu\u2019aux cr\u00e8mes \u00bb.<\/p>\n<p>Val\u00e9rie Lemercier : son avis sur la chirurgie esth\u00e9tique<\/p>\n<p data-start=\"2133\" data-end=\"2524\"><a href=\"https:\/\/www.closermag.fr\/people\/la-chatte-a-maman-dilatation-valerie-lemercier-na-aucune-limite-yann-barthes-submerge-3577933\" target=\"_blank\" rel=\"noopener\"><br \/>\nL\u2019actrice des Visiteurs<\/a> continue donc de pr\u00f4ner le naturel. Et<br \/>\nalors que la pression de la soci\u00e9t\u00e9 se fait de plus en plus<br \/>\n\u00e9crasante, elle pr\u00e9f\u00e8re rire de la situation : \u00ab Si on joue et qu\u2019on a des r\u00f4les \u00e0 jouer de<br \/>\ngens qui sont mieux, et qu\u2019on se retrouve avec une t\u00eate toute<br \/>\ngonfl\u00e9e, \u00e7a ne marche pas \u00bb, a-t-elle d\u00e9clar\u00e9 en riant, dans<br \/>\nune interview diffus\u00e9e sur BFMTV le 15 avril.<\/p>\n<p data-start=\"2526\" data-end=\"2622\">Un sujet qu\u2019elle aborde donc<br \/>\navec d\u00e9rision dans Bistouri, qui sortira en salle courant 2026.<\/p>\n","protected":false},"excerpt":{"rendered":"Il y a des personnalit\u00e9s qui traversent les g\u00e9n\u00e9rations, et Val\u00e9rie Lemercier en fait incontestablement partie. \u00c0 61&hellip;\n","protected":false},"author":2,"featured_media":455651,"comment_status":"","ping_status":"","sticky":false,"template":"","format":"standard","meta":{"footnotes":""},"categories":[1359],"tags":[58,59,1011,27,973,4094],"class_list":{"0":"post-455650","1":"post","2":"type-post","3":"status-publish","4":"format-standard","5":"has-post-thumbnail","7":"category-people","8":"tag-divertissement","9":"tag-entertainment","10":"tag-fr","11":"tag-france","12":"tag-people","13":"tag-valerie-lemercier"},"share_on_mastodon":{"url":"https:\/\/pubeurope.com\/@fr\/115356987841711134","error":""},"_links":{"self":[{"href":"https:\/\/www.europesays.com\/fr\/wp-json\/wp\/v2\/posts\/455650","targetHints":{"allow":["GET"]}}],"collection":[{"href":"https:\/\/www.europesays.com\/fr\/wp-json\/wp\/v2\/posts"}],"about":[{"href":"https:\/\/www.europesays.com\/fr\/wp-json\/wp\/v2\/types\/post"}],"author":[{"embeddable":true,"href":"https:\/\/www.europesays.com\/fr\/wp-json\/wp\/v2\/users\/2"}],"replies":[{"embeddable":true,"href":"https:\/\/www.europesays.com\/fr\/wp-json\/wp\/v2\/comments?post=455650"}],"version-history":[{"count":0,"href":"https:\/\/www.europesays.com\/fr\/wp-json\/wp\/v2\/posts\/455650\/revisions"}],"wp:featuredmedia":[{"embeddable":true,"href":"https:\/\/www.europesays.com\/fr\/wp-json\/wp\/v2\/media\/455651"}],"wp:attachment":[{"href":"https:\/\/www.europesays.com\/fr\/wp-json\/wp\/v2\/media?parent=455650"}],"wp:term":[{"taxonomy":"category","embeddable":true,"href":"https:\/\/www.europesays.com\/fr\/wp-json\/wp\/v2\/categories?post=455650"},{"taxonomy":"post_tag","embeddable":true,"href":"https:\/\/www.europesays.com\/fr\/wp-json\/wp\/v2\/tags?post=455650"}],"curies":[{"name":"wp","href":"https:\/\/api.w.org\/{rel}","templated":true}]}}