{"id":455654,"date":"2025-10-11T18:39:17","date_gmt":"2025-10-11T18:39:17","guid":{"rendered":"https:\/\/www.europesays.com\/fr\/455654\/"},"modified":"2025-10-11T18:39:17","modified_gmt":"2025-10-11T18:39:17","slug":"grimloire-le-salon-des-litteratures-de-limaginaire-connait-un-succes-fou-pres-de-tours","status":"publish","type":"post","link":"https:\/\/www.europesays.com\/fr\/455654\/","title":{"rendered":"Grim\u2019Loire, le salon des litt\u00e9ratures de l\u2019imaginaire, conna\u00eet un succ\u00e8s fou pr\u00e8s de Tours"},"content":{"rendered":"<p>\u00ab\u00a0Pour cette \u00e9dition, nous avons retenu une centaine d\u2019exposants, \u00e9diteurs, auteurs et cr\u00e9ateurs, mais nous avons d\u00fb en refuser autant\u00a0\u00bb, regrette Violaine Georgiadis, pr\u00e9sidente de l\u2019association organisatrice, elle-m\u00eame \u00e0 la t\u00eate des \u00e9ditions Alter Real \u00e0 Fondettes.<\/p>\n<p>D\u00e8s la premi\u00e8re \u00e9dition qui s\u2019est d\u00e9roul\u00e9e \u00e0 la salle In\u2019Ox, \u00e0 Langeais il y a un an, le public \u00e9tait au rendez-vous avec plus de 1.500 visiteurs accueillis dans le week-end. Cette ann\u00e9e, la barre des 2.000 personnes sera d\u00e9pass\u00e9e. La gratuit\u00e9 du salon est pour beaucoup dans ce succ\u00e8s. Elle s\u00e9duit les familles comme l\u2019explique St\u00e9phane, venu de Nantes avec sa fille et trois copines\u00a0: \u00ab\u00a0Il faut d\u00e9j\u00e0 pr\u00e9voir un budget achats cons\u00e9quent parce que je sais tr\u00e8s bien qu\u2019elle va repartir avec plusieurs livres\u00a0; le fait que l\u2019entr\u00e9e soit gratuite est appr\u00e9ciable&#8230;. <\/p>\n<p>    Cet article a \u00e9t\u00e9 tronqu\u00e9. Abonnez-vous pour lire l&rsquo;article complet sur notre site.<\/p>\n<p>\u00a0\u00bb<\/p>\n<p style=\"margin: 0 !important; padding: 0 !important; font-size: 12px !important;\">Cet article a \u00e9t\u00e9 tronqu\u00e9. Abonnez-vous pour lire l&rsquo;article complet.<\/p>\n<p>    <a href=\"https:\/\/www.lanouvellerepublique.fr\/abonnements\" style=\"display: inline-block; margin-top: 5px !important; padding: 6px 12px !important; background: #cb1c27; color: white; text-decoration: none; border-radius: 4px; font-size: 12px !important;\" target=\"_blank\" rel=\"noopener\"><br \/>\n      S&rsquo;abonner<br \/>\n    <\/a><\/p>\n","protected":false},"excerpt":{"rendered":"\u00ab\u00a0Pour cette \u00e9dition, nous avons retenu une centaine d\u2019exposants, \u00e9diteurs, auteurs et cr\u00e9ateurs, mais nous avons d\u00fb en&hellip;\n","protected":false},"author":2,"featured_media":455655,"comment_status":"","ping_status":"","sticky":false,"template":"","format":"standard","meta":{"footnotes":""},"categories":[1357],"tags":[1392,48153,1379,58,59,1011,27,1387,1380,1393,14356],"class_list":{"0":"post-455654","1":"post","2":"type-post","3":"status-publish","4":"format-standard","5":"has-post-thumbnail","7":"category-livres","8":"tag-a-la-une-local","9":"tag-azay-le-rideau","10":"tag-books","11":"tag-divertissement","12":"tag-entertainment","13":"tag-fr","14":"tag-france","15":"tag-indre-et-loire","16":"tag-livres","17":"tag-loisirs","18":"tag-salons"},"share_on_mastodon":{"url":"https:\/\/pubeurope.com\/@fr\/115356995765920774","error":""},"_links":{"self":[{"href":"https:\/\/www.europesays.com\/fr\/wp-json\/wp\/v2\/posts\/455654","targetHints":{"allow":["GET"]}}],"collection":[{"href":"https:\/\/www.europesays.com\/fr\/wp-json\/wp\/v2\/posts"}],"about":[{"href":"https:\/\/www.europesays.com\/fr\/wp-json\/wp\/v2\/types\/post"}],"author":[{"embeddable":true,"href":"https:\/\/www.europesays.com\/fr\/wp-json\/wp\/v2\/users\/2"}],"replies":[{"embeddable":true,"href":"https:\/\/www.europesays.com\/fr\/wp-json\/wp\/v2\/comments?post=455654"}],"version-history":[{"count":0,"href":"https:\/\/www.europesays.com\/fr\/wp-json\/wp\/v2\/posts\/455654\/revisions"}],"wp:featuredmedia":[{"embeddable":true,"href":"https:\/\/www.europesays.com\/fr\/wp-json\/wp\/v2\/media\/455655"}],"wp:attachment":[{"href":"https:\/\/www.europesays.com\/fr\/wp-json\/wp\/v2\/media?parent=455654"}],"wp:term":[{"taxonomy":"category","embeddable":true,"href":"https:\/\/www.europesays.com\/fr\/wp-json\/wp\/v2\/categories?post=455654"},{"taxonomy":"post_tag","embeddable":true,"href":"https:\/\/www.europesays.com\/fr\/wp-json\/wp\/v2\/tags?post=455654"}],"curies":[{"name":"wp","href":"https:\/\/api.w.org\/{rel}","templated":true}]}}