{"id":455660,"date":"2025-10-11T18:42:14","date_gmt":"2025-10-11T18:42:14","guid":{"rendered":"https:\/\/www.europesays.com\/fr\/455660\/"},"modified":"2025-10-11T18:42:14","modified_gmt":"2025-10-11T18:42:14","slug":"pourquoi-le-film-la-grande-ambition-sur-enrico-berlinguer-rend-la-gauche-melancolique-mediapart","status":"publish","type":"post","link":"https:\/\/www.europesays.com\/fr\/455660\/","title":{"rendered":"Pourquoi le film \u00ab La Grande Ambition \u00bb, sur Enrico Berlinguer, rend la gauche m\u00e9lancolique &#8211; Mediapart"},"content":{"rendered":"<ol>\n<li><a href=\"https:\/\/news.google.com\/rss\/articles\/CBMi0AFBVV95cUxPNExicWtiUGJJSWxLYTVpNnIzZmkzQmgybGdaejZOTWRtSG9jVF9xZ2JQSWF5UnpKVUY2c3o4MWNacUdiN3BsY25TbHFfTE10dGdMcUpHcjluOWd4WEl0MDkxOWFpYzZHY2RnVEdMbEJSZXpuRnlEaHFrNlZZamVxMnM2VjdqMnZMT09ZazVsNWRxWTNKcUd0NWxCbm1ZRy1oTVJhVzlOaVpUWWg3OXRscEczZWlqRUc1QmlFNEYxVjRWbDdZYzBFakpvWW1iZXRv?oc=5\" target=\"_blank\" rel=\"nofollow noopener\">Pourquoi le film \u00ab La Grande Ambition \u00bb, sur Enrico Berlinguer, rend la gauche m\u00e9lancolique<\/a>&nbsp;&nbsp;Mediapart<\/li>\n<li><a href=\"https:\/\/news.google.com\/rss\/articles\/CBMi4gFBVV95cUxNUU9TeTVCWDROZ0E1RkJGUHZaUGgtQWhhV180LUgwZmxzLVBsakFCUUd4dExUb2tsSTBZUDVuR1YtUE5WWl9VMEMzNkVhRmR5TXctNE8tZHdpdW5CWkdzaUdza0lLZGpNMUIydG8zTXpDX0FZeFFkNjNKN3lTLTM3cXlRcTVDOHl0NnN3RHl3RmZSV3FEdEJQUVFtLWt5NHpXdnZGZmN5MmYtTTBCV3liUEhYVFJ2bnZKWmFzWktUTjg2TTlfTkhkSm9HWmJtVzhDejBZS1pyZWRSNnZXRU4tYk13?oc=5\" target=\"_blank\" rel=\"nofollow noopener\">\u201cJ\u2019ai voulu rappeler \u00e0 quel point Enrico Berlinguer a \u00e9t\u00e9 important dans l\u2019\u00e9volution politique de l\u2019Italie\u201d<\/a>&nbsp;&nbsp;T\u00e9l\u00e9rama<\/li>\n<li><a href=\"https:\/\/news.google.com\/rss\/articles\/CBMiyAFBVV95cUxONFRUYzRXaW5zemxfY0szWW0zQkpQQjBFRjdZS0w2OEc3UmRFVmU2T2w1cVVycFhhSXRyRG5RMG5qRHlCZkQ2WHRIUlNVZk9oQXFsTTN5QWtvU2M5bGNlZTVRenpqWVdPb29ZNHpnRmhHVXRMckhfZEh2WmhfRWdBZThYdUJ0YlZwMF94aUthZnZxazg2b2JTbVhSWEdwNTRWc1NkVjlVWFdrRnNmRXFrbFdiejMtdXNyMlVJODViRWhlelBHN1IzOA?oc=5\" target=\"_blank\" rel=\"nofollow noopener\">\u00abBerlinguer\u00bb, la grande ambition manqu\u00e9e d\u2019Andrea Segre<\/a>&nbsp;&nbsp;Lib\u00e9ration<\/li>\n<li><a href=\"https:\/\/news.google.com\/rss\/articles\/CBMiywFBVV95cUxNMUZINjlueHIxWXdKQWxwNkNmeTJHWUF1RmFZSnpQQnFqUHdGY2F6QVJrQ0pxRncweDRGX1BuaTBpRFBVTG1hNkNRZHpRVGU3SmlLME51TDJTZTU5QVZXWllfeVFnbUpyZzJMQU8zVlN3NWRsLTRlc3BQQWhfM29ZMm4yS0JUMlBqY1hSYURFbG9PWUFud0hkRmRlcE1xbGVReTZaZU1BbWJKM0pkLU5PeUw1WGE3OWNJbGhHQnF1a0dLYUg3QU4wRGZwWQ?oc=5\" target=\"_blank\" rel=\"nofollow noopener\">Au cin\u00e9ma, Berlinguer ravive avec \u00e9motion la nostalgie du Parti communiste chez les Italiens<\/a>&nbsp;&nbsp;Le Figaro<\/li>\n<li><a href=\"https:\/\/news.google.com\/rss\/articles\/CBMiwgFBVV95cUxPNDVGV1MyMm9FcmViQ0k5bE1nTmxieU8wNjgxd3FmNXA5a3VxeE1PM2VjY3RndFZzR3U2akJHQ1ZTb1dvRHlzdHdFMUhuV0R5YkJCU1Bfc29JS1Y4MEdGeTFlUWN4YmprZEhEVUVESUNuaWdBRy05YS13UTVkMGJ1NGJlTS05TUMzRzkzUDZEYWNPWkZXeWJzazZHVXFZWUhhRFFxSUZaVF9Gd2c5dU5ieW9MdTI3R0VZWUQ0aEg3YVBCUQ?oc=5\" target=\"_blank\" rel=\"nofollow noopener\">Voiron. Une soir\u00e9e cin\u00e9-d\u00e9bat propos\u00e9e par l\u2019association Amiti\u00e9 Voiron Bassano<\/a>&nbsp;&nbsp;Le Dauphin\u00e9 Lib\u00e9r\u00e9<\/li>\n<\/ol>\n","protected":false},"excerpt":{"rendered":"Pourquoi le film \u00ab La Grande Ambition \u00bb, sur Enrico Berlinguer, rend la gauche m\u00e9lancolique&nbsp;&nbsp;Mediapart \u201cJ\u2019ai voulu rappeler&hellip;\n","protected":false},"author":2,"featured_media":455661,"comment_status":"","ping_status":"","sticky":false,"template":"","format":"standard","meta":{"footnotes":""},"categories":[1354],"tags":[650,58,59,1346,1011,27,1360,58096],"class_list":{"0":"post-455660","1":"post","2":"type-post","3":"status-publish","4":"format-standard","5":"has-post-thumbnail","7":"category-films","8":"tag-cinema","9":"tag-divertissement","10":"tag-entertainment","11":"tag-films","12":"tag-fr","13":"tag-france","14":"tag-movies","15":"tag-parti-communiste-italien"},"share_on_mastodon":{"url":"https:\/\/pubeurope.com\/@fr\/115357007387575694","error":""},"_links":{"self":[{"href":"https:\/\/www.europesays.com\/fr\/wp-json\/wp\/v2\/posts\/455660","targetHints":{"allow":["GET"]}}],"collection":[{"href":"https:\/\/www.europesays.com\/fr\/wp-json\/wp\/v2\/posts"}],"about":[{"href":"https:\/\/www.europesays.com\/fr\/wp-json\/wp\/v2\/types\/post"}],"author":[{"embeddable":true,"href":"https:\/\/www.europesays.com\/fr\/wp-json\/wp\/v2\/users\/2"}],"replies":[{"embeddable":true,"href":"https:\/\/www.europesays.com\/fr\/wp-json\/wp\/v2\/comments?post=455660"}],"version-history":[{"count":0,"href":"https:\/\/www.europesays.com\/fr\/wp-json\/wp\/v2\/posts\/455660\/revisions"}],"wp:featuredmedia":[{"embeddable":true,"href":"https:\/\/www.europesays.com\/fr\/wp-json\/wp\/v2\/media\/455661"}],"wp:attachment":[{"href":"https:\/\/www.europesays.com\/fr\/wp-json\/wp\/v2\/media?parent=455660"}],"wp:term":[{"taxonomy":"category","embeddable":true,"href":"https:\/\/www.europesays.com\/fr\/wp-json\/wp\/v2\/categories?post=455660"},{"taxonomy":"post_tag","embeddable":true,"href":"https:\/\/www.europesays.com\/fr\/wp-json\/wp\/v2\/tags?post=455660"}],"curies":[{"name":"wp","href":"https:\/\/api.w.org\/{rel}","templated":true}]}}