{"id":455662,"date":"2025-10-11T18:44:10","date_gmt":"2025-10-11T18:44:10","guid":{"rendered":"https:\/\/www.europesays.com\/fr\/455662\/"},"modified":"2025-10-11T18:44:10","modified_gmt":"2025-10-11T18:44:10","slug":"sebastien-pocognoli-nomme-entraineur-de-las-monaco","status":"publish","type":"post","link":"https:\/\/www.europesays.com\/fr\/455662\/","title":{"rendered":"S\u00e9bastien Pocognoli nomm\u00e9 entra\u00eeneur de l\u2019AS Monaco"},"content":{"rendered":"<p>\n                L\u2019AS Monaco est heureux d\u2019annoncer l\u2019arriv\u00e9e de S\u00e9bastien Pocognoli au poste d\u2019entra\u00eeneur. Le technicien belge de 38 ans a paraph\u00e9 un contrat le liant jusqu\u2019en juin 2027 avec les Rouge &amp; Blanc.\n            <\/p>\n<p><a href=\"https:\/\/www.asmonaco.com\/sebastien-pocognoli-fiche-technique-entraineur-as-monaco\/\" target=\"_blank\" rel=\"noopener nofollow\">S\u00e9bastien Pocognoli<\/a> arrive \u00e0 Monaco dans la foul\u00e9e d\u2019une exp\u00e9rience pleine de succ\u00e8s en Pro League avec la Royale Union Saint-Gilloise, o\u00f9 il s\u2019est distingu\u00e9 en alliant r\u00e9sultats sportifs et style de jeu ambitieux et attractif.<\/p>\n<p>Champion de Belgique d\u00e8s sa premi\u00e8re saison<\/p>\n<p>D\u00e8s sa premi\u00e8re saison avec la RUSG, le technicien wallon de 38 ans a en effet remport\u00e9 la Supercoupe de Belgique et le championnat de Belgique. S\u00e9bastien Pocognoli a ainsi men\u00e9 l\u2019Union \u00e0 son premier titre de champion depuis 90 ans, \u00e0 l\u2019issue d\u2019une campagne historique en Champions\u2019 Play-offs (28 points sur 30) qui lui a permis de devancer son rival, le Club Bruges.<\/p>\n<\/p>\n<p>Une victoire de prestige face au PSV en LDC<\/p>\n<p>Au terme de cet exercice 2024-2025, \u00e9galement marqu\u00e9 par une place de barragiste en Ligue Europa (battu par l\u2019Ajax Amsterdam), le natif de Seraing a \u00e9t\u00e9 r\u00e9compens\u00e9 du titre d\u2019entra\u00eeneur de l\u2019ann\u00e9e en Pro League.<\/p>\n<p>Directement qualifi\u00e9s en Ligue des Champions, S\u00e9bastien Pocognoli et les Unionistes, <a href=\"https:\/\/www.flashscore.fr\/football\/belgique\/pro-league\/classement\/\" target=\"_blank\" rel=\"noopener nofollow\">leaders de premi\u00e8re division belge<\/a> apr\u00e8s 10 journ\u00e9es, comptent trois points gr\u00e2ce \u00e0 une victoire remarqu\u00e9e sur la pelouse du PSV Eindhoven (3-1).<\/p>\n<\/p>\n<p>Plusieurs exp\u00e9riences avec les jeunes auparavant<\/p>\n<p>Ancien lat\u00e9ral gauche comptant <a href=\"https:\/\/www.transfermarkt.fr\/sebastien-pocognoli\/profil\/spieler\/17804\" target=\"_blank\" rel=\"noopener nofollow\">plus de 360 matchs en pro<\/a> dans plusieurs championnats de l\u2019\u00e9lite (Belgique, Angleterre, Pays-Bas, Allemagne), l\u2019ex-international belge (13 capes) a entam\u00e9 <a href=\"https:\/\/www.transfermarkt.fr\/sebastien-pocognoli\/profil\/trainer\/94759\" target=\"_blank\" rel=\"noopener nofollow\">sa carri\u00e8re d\u2019entra\u00eeneur<\/a> apr\u00e8s avoir raccroch\u00e9 les crampons \u00e0 l\u2019\u00e9t\u00e9 2021. \u00ab\u00a0Poco\u00a0\u00bb a d\u00e9but\u00e9 avec les U21 de l\u2019Union Saint-Gilloise, avant de poursuivre avec les U18 du KRC Genk puis les U18 de la s\u00e9lection belge.<\/p>\n<p>D\u00e9sormais sur le banc de l\u2019AS Monaco, S\u00e9bastien Pocognoli retrouvera les Rouge &amp; Blanc mardi au Centre de Performance.<\/p>\n","protected":false},"excerpt":{"rendered":"L\u2019AS Monaco est heureux d\u2019annoncer l\u2019arriv\u00e9e de S\u00e9bastien Pocognoli au poste d\u2019entra\u00eeneur. Le technicien belge de 38 ans&hellip;\n","protected":false},"author":2,"featured_media":455663,"comment_status":"","ping_status":"","sticky":false,"template":"","format":"standard","meta":{"footnotes":""},"categories":[9],"tags":[1011,27,60],"class_list":{"0":"post-455662","1":"post","2":"type-post","3":"status-publish","4":"format-standard","5":"has-post-thumbnail","7":"category-sports","8":"tag-fr","9":"tag-france","10":"tag-sports"},"share_on_mastodon":{"url":"https:\/\/pubeurope.com\/@fr\/115357015397557947","error":""},"_links":{"self":[{"href":"https:\/\/www.europesays.com\/fr\/wp-json\/wp\/v2\/posts\/455662","targetHints":{"allow":["GET"]}}],"collection":[{"href":"https:\/\/www.europesays.com\/fr\/wp-json\/wp\/v2\/posts"}],"about":[{"href":"https:\/\/www.europesays.com\/fr\/wp-json\/wp\/v2\/types\/post"}],"author":[{"embeddable":true,"href":"https:\/\/www.europesays.com\/fr\/wp-json\/wp\/v2\/users\/2"}],"replies":[{"embeddable":true,"href":"https:\/\/www.europesays.com\/fr\/wp-json\/wp\/v2\/comments?post=455662"}],"version-history":[{"count":0,"href":"https:\/\/www.europesays.com\/fr\/wp-json\/wp\/v2\/posts\/455662\/revisions"}],"wp:featuredmedia":[{"embeddable":true,"href":"https:\/\/www.europesays.com\/fr\/wp-json\/wp\/v2\/media\/455663"}],"wp:attachment":[{"href":"https:\/\/www.europesays.com\/fr\/wp-json\/wp\/v2\/media?parent=455662"}],"wp:term":[{"taxonomy":"category","embeddable":true,"href":"https:\/\/www.europesays.com\/fr\/wp-json\/wp\/v2\/categories?post=455662"},{"taxonomy":"post_tag","embeddable":true,"href":"https:\/\/www.europesays.com\/fr\/wp-json\/wp\/v2\/tags?post=455662"}],"curies":[{"name":"wp","href":"https:\/\/api.w.org\/{rel}","templated":true}]}}