{"id":455664,"date":"2025-10-11T18:45:14","date_gmt":"2025-10-11T18:45:14","guid":{"rendered":"https:\/\/www.europesays.com\/fr\/455664\/"},"modified":"2025-10-11T18:45:14","modified_gmt":"2025-10-11T18:45:14","slug":"cette-photo-de-meghan-markle-et-lilibet-4-ans-pour-la-journee-internationale-de-la-fille","status":"publish","type":"post","link":"https:\/\/www.europesays.com\/fr\/455664\/","title":{"rendered":"cette photo de Meghan Markle et Lilibet, 4 ans, pour la Journ\u00e9e internationale de la fille"},"content":{"rendered":"<p>\n    Ce samedi 11 octobre, la duchesse de Sussex a partag\u00e9 un aper\u00e7u de sa vie de famille. Elle a notamment d\u00e9voil\u00e9 la chevelure rousse de Lilibet pour c\u00e9l\u00e9brer la Journ\u00e9e internationale de la fille.<\/p>\n<p class=\"fig-paragraph\">Elle partage tr\u00e8s peu de photos de ses enfants, mais lorsqu\u2019elle le fait c\u2019est souvent pour montrer leurs chevelures rousses qu\u2019ils tiennent de leur p\u00e8re. Ce samedi 11 octobre,\u00a0<a href=\"https:\/\/madame.lefigaro.fr\/tag\/meghan-markle\" target=\"_blank\" data-fig-type=\"Keyword\" rel=\"sponsored noopener\" data-gtm-custom-categorie=\"navigation\" data-gtm-custom-action=\"crossclick\" data-gtm-custom-label=\"Contextuel\" data-gtm-event=\"customEventSPE\" data-fig-domain=\"MADAME\">Meghan Markle<\/a>\u00a0a partag\u00e9 une vid\u00e9o et une photo de sa fille Lilibet (4 ans) sur son\u00a0<a href=\"https:\/\/www.instagram.com\/p\/DPq3wA3Efux\/?utm_source=ig_web_copy_link&amp;igsh=MzRlODBiNWFlZA==\" target=\"_blank\" rel=\"sponsored noopener\" data-gtm-custom-categorie=\"navigation\" data-gtm-custom-action=\"crossclick\" data-gtm-custom-label=\"Contextuel\" data-gtm-event=\"customEventSPE\">compte Instagram<\/a>. Sur ces images, on aper\u00e7oit la\u00a0<a href=\"http:\/\/madame.lefigaro.fr\/celebrites\/que-sait-on-de-lilibet-la-fille-de-meghan-et-harry-qui-fete-ses-4-ans-20250604\" data-fig-type=\"Article\" data-gtm-custom-categorie=\"navigation\" data-gtm-custom-action=\"crossclick\" data-gtm-custom-label=\"Contextuel\" data-gtm-event=\"customEventSPE\" data-fig-domain=\"MADAME\" target=\"_blank\" rel=\"noopener\">petite s\u0153ur d\u2019Archie (6 ans<\/a>) en train de courir dans un champ, qui semble \u00eatre le jardin de leur demeure \u00e0 Montecito. Et sur un autre clich\u00e9, la duchesse de Sussex se trouve de dos en train de tenir la main de Lilibet devant un ruisseau. Avec cette publication, l\u2019\u00e9pouse du prince Harry a voulu rendre hommage \u00e0 sa fille \u00e0 l\u2019occasion de la Journ\u00e9e internationale de la fille. \u00ab\u00c0 toutes les filles\u00a0: ce monde vous appartient. Faites tout ce qui est en votre pouvoir pour prot\u00e9ger vos droits, faites entendre votre voix, soutenez-vous les unes les autres. Nous ferons de m\u00eame pour vous\u00bb, a \u00e9crit Meghan Markle en l\u00e9gende de son post. \u00abC\u2019est votre droit et notre responsabilit\u00e9. Allez-y, les filles\u00a0! Bonne Journ\u00e9e internationale de la fille\u00a0!\u00bb.<\/p>\n<p class=\"fig-body-link&#10;    \">\n            \u00c0 lire aussi<br \/>\n        <a class=\"fig-body-link__link\" href=\"http:\/\/madame.lefigaro.fr\/celebrites\/actu-people\/il-est-peu-probable-qu-ils-aient-un-role-l-avenir-compromis-du-prince-archie-et-de-la-princesse-lilibet-aupres-de-la-couronne-britannique-20250626\" data-fig-type=\"Article\" data-gtm-custom-categorie=\"navigation\" data-gtm-custom-action=\"crossclick\" data-gtm-custom-label=\"Contextuel\" data-gtm-event=\"customEventSPE\" data-fig-domain=\"MADAME\" target=\"_blank\" rel=\"noopener\">\u00abIl est peu probable qu\u2019ils aient un r\u00f4le\u00bb\u00a0: l\u2019avenir compromis du prince Archie et de la princesse Lilibet aupr\u00e8s de la couronne britannique<\/a>\n<\/p>\n<p>Des petites chevelures rousses<\/p>\n<p class=\"fig-paragraph\">Plus ses enfants grandissent, plus Meghan Markle se sent libre de d\u00e9voiler quelques instants de son quotidien avec eux. En juin dernier, elle avait par exemple partag\u00e9 une vid\u00e9o de\u00a0<a href=\"http:\/\/madame.lefigaro.fr\/celebrites\/actu-people\/en-video-la-parenthese-enchantee-de-meghan-markle-du-prince-harry-et-de-leurs-enfants-a-disneyland-20250607\" data-fig-type=\"Article\" data-gtm-custom-categorie=\"navigation\" data-gtm-custom-action=\"crossclick\" data-gtm-custom-label=\"Contextuel\" data-gtm-event=\"customEventSPE\" data-fig-domain=\"MADAME\" target=\"_blank\" rel=\"noopener\">sa journ\u00e9e en famille \u00e0 Disneyland<\/a>\u00a0pour l\u2019anniversaire de Lilibet. Casquettes sur la t\u00eate couvrant leurs chevelures rousses, les deux enfants ont pu profiter de nombreuses attractions du parc. Et en mai 2025, l\u2019\u00e9pouse du prince Harry avait partag\u00e9 une vid\u00e9o d\u2019elle et de Lilibet,\u00a0<a href=\"http:\/\/madame.lefigaro.fr\/celebrites\/passion-abeilles-meghan-markle-partage-une-video-de-lilibet-en-tenue-d-apicultrice-20250526\" data-fig-type=\"Article\" data-gtm-custom-categorie=\"navigation\" data-gtm-custom-action=\"crossclick\" data-gtm-custom-label=\"Contextuel\" data-gtm-event=\"customEventSPE\" data-fig-domain=\"MADAME\" target=\"_blank\" rel=\"noopener\">v\u00eatues de tenues d\u2019apicultrice<\/a>, pour aller r\u00e9colter des abeilles et r\u00e9colter du miel. \u00abTelle m\u00e8re, telle fille ; elle porte m\u00eame mes gants\u00bb, avait d\u2019ailleurs \u00e9crit Meghan Markle en guise de l\u00e9gende.<\/p>\n<p>                                    <a class=\"fig-a11y-skip a11y-hidden\" href=\"#fig-a11y-skip-main-inarticle\"><br \/>\n        Passer la publicit\u00e9<br \/>\n    <\/a><\/p>\n<p class=\"fig-paragraph\">\u00c0 chaque fois qu\u2019elle partage ce genre de contenu avec ses enfants, elle prend soin de bien cacher leurs visages. \u00abHeureusement, nos enfants sont encore trop jeunes pour les r\u00e9seaux sociaux, mais nous savons que ce jour arrivera\u00bb, a-t-elle\u00a0<a href=\"http:\/\/madame.lefigaro.fr\/enfants\/coincidence-ou-rivalite-meghan-markle-denonce-les-effets-des-ecrans-sur-les-enfants-juste-apres-l-essai-de-kate-middleton-sur-le-meme-sujet-20251010\" data-fig-type=\"Article\" data-gtm-custom-categorie=\"navigation\" data-gtm-custom-action=\"crossclick\" data-gtm-custom-label=\"Contextuel\" data-gtm-event=\"customEventSPE\" data-fig-domain=\"MADAME\" target=\"_blank\" rel=\"noopener\">d\u2019ailleurs d\u00e9clar\u00e9 lors du gala de Project Healthy Minds<\/a>, jeudi 9 octobre, apr\u00e8s avoir re\u00e7u avec le prince Harry, le prix d\u2019\u00abHumanitaires de l\u2019ann\u00e9e\u00bb. \u00abComme tant de parents, nous r\u00e9fl\u00e9chissons constamment \u00e0 la fa\u00e7on d\u2019exploiter les avantages de la technologie tout en nous prot\u00e9geant contre ses dangers.\u00bb Une ambition qu\u2019elle a jug\u00e9e malheureusement \u00abimpossible\u00bb. De son c\u00f4t\u00e9, le prince Harry a ajout\u00e9 que le plus important est de \u00abprot\u00e9ger les enfants et soutenir les familles \u00e0 l\u2019\u00e8re du num\u00e9rique, et nous ne pouvons pas le faire sans vous\u00bb. Un combat important pour les \u00e9poux Sussex.<\/p>\n<p>                                        <script async src=\"\/\/www.instagram.com\/embed.js\"><\/script><\/p>\n","protected":false},"excerpt":{"rendered":"Ce samedi 11 octobre, la duchesse de Sussex a partag\u00e9 un aper\u00e7u de sa vie de famille. Elle&hellip;\n","protected":false},"author":2,"featured_media":455665,"comment_status":"","ping_status":"","sticky":false,"template":"","format":"standard","meta":{"footnotes":""},"categories":[8],"tags":[58,2773,59,1011,27,15522,908],"class_list":{"0":"post-455664","1":"post","2":"type-post","3":"status-publish","4":"format-standard","5":"has-post-thumbnail","7":"category-divertissement","8":"tag-divertissement","9":"tag-enfants-de","10":"tag-entertainment","11":"tag-fr","12":"tag-france","13":"tag-lilibet-diana-mountbatten-windsor","14":"tag-meghan-markle"},"share_on_mastodon":{"url":"https:\/\/pubeurope.com\/@fr\/115357019317101719","error":""},"_links":{"self":[{"href":"https:\/\/www.europesays.com\/fr\/wp-json\/wp\/v2\/posts\/455664","targetHints":{"allow":["GET"]}}],"collection":[{"href":"https:\/\/www.europesays.com\/fr\/wp-json\/wp\/v2\/posts"}],"about":[{"href":"https:\/\/www.europesays.com\/fr\/wp-json\/wp\/v2\/types\/post"}],"author":[{"embeddable":true,"href":"https:\/\/www.europesays.com\/fr\/wp-json\/wp\/v2\/users\/2"}],"replies":[{"embeddable":true,"href":"https:\/\/www.europesays.com\/fr\/wp-json\/wp\/v2\/comments?post=455664"}],"version-history":[{"count":0,"href":"https:\/\/www.europesays.com\/fr\/wp-json\/wp\/v2\/posts\/455664\/revisions"}],"wp:featuredmedia":[{"embeddable":true,"href":"https:\/\/www.europesays.com\/fr\/wp-json\/wp\/v2\/media\/455665"}],"wp:attachment":[{"href":"https:\/\/www.europesays.com\/fr\/wp-json\/wp\/v2\/media?parent=455664"}],"wp:term":[{"taxonomy":"category","embeddable":true,"href":"https:\/\/www.europesays.com\/fr\/wp-json\/wp\/v2\/categories?post=455664"},{"taxonomy":"post_tag","embeddable":true,"href":"https:\/\/www.europesays.com\/fr\/wp-json\/wp\/v2\/tags?post=455664"}],"curies":[{"name":"wp","href":"https:\/\/api.w.org\/{rel}","templated":true}]}}