{"id":455676,"date":"2025-10-11T18:51:17","date_gmt":"2025-10-11T18:51:17","guid":{"rendered":"https:\/\/www.europesays.com\/fr\/455676\/"},"modified":"2025-10-11T18:51:17","modified_gmt":"2025-10-11T18:51:17","slug":"saint-genest-lerpt-lecole-notre-dame-prend-des-cours-de-cuisine-au-renouveau","status":"publish","type":"post","link":"https:\/\/www.europesays.com\/fr\/455676\/","title":{"rendered":"Saint-Genest-Lerpt. L\u2019\u00e9cole Notre-Dame prend des cours de cuisine au Renouveau"},"content":{"rendered":"<p>Dans le cadre de la Semaine nationale du go\u00fbt, les \u00e9l\u00e8ves du premier cycle, petite, moyenne et grande sections de Notre-Dame se rendent au lyc\u00e9e h\u00f4telier le Renouveau, tout proche, pour cuisiner et pr\u00e9parer des cocktails de jus de fruits. En trois sessions, une par classe, les \u00e9l\u00e8ves ont particip\u00e9 \u00e0 deux ateliers\u00a0sur le th\u00e8me de la cuisine et des cocktails.<\/p>\n<p>Ils ont confectionn\u00e9 leur&#8230;                        <\/p>\n","protected":false},"excerpt":{"rendered":"Dans le cadre de la Semaine nationale du go\u00fbt, les \u00e9l\u00e8ves du premier cycle, petite, moyenne et grande&hellip;\n","protected":false},"author":2,"featured_media":455677,"comment_status":"","ping_status":"","sticky":false,"template":"","format":"standard","meta":{"footnotes":""},"categories":[9653],"tags":[1111,11,2430,7539,1057,1777,674,1011,27,12,25,12491,4001,17929],"class_list":{"0":"post-455676","1":"post","2":"type-post","3":"status-publish","4":"format-standard","5":"has-post-thumbnail","7":"category-saint-etienne","8":"tag-actu","9":"tag-actualites","10":"tag-auvergne-rhone-alpes","11":"tag-edition-loire-sud","12":"tag-education","13":"tag-eu","14":"tag-europe","15":"tag-fr","16":"tag-france","17":"tag-news","18":"tag-republique-francaise","19":"tag-roche-la-moliere-bassin","20":"tag-saint-etienne","21":"tag-saint-genest-lerpt"},"share_on_mastodon":{"url":"https:\/\/pubeurope.com\/@fr\/115357042881282897","error":""},"_links":{"self":[{"href":"https:\/\/www.europesays.com\/fr\/wp-json\/wp\/v2\/posts\/455676","targetHints":{"allow":["GET"]}}],"collection":[{"href":"https:\/\/www.europesays.com\/fr\/wp-json\/wp\/v2\/posts"}],"about":[{"href":"https:\/\/www.europesays.com\/fr\/wp-json\/wp\/v2\/types\/post"}],"author":[{"embeddable":true,"href":"https:\/\/www.europesays.com\/fr\/wp-json\/wp\/v2\/users\/2"}],"replies":[{"embeddable":true,"href":"https:\/\/www.europesays.com\/fr\/wp-json\/wp\/v2\/comments?post=455676"}],"version-history":[{"count":0,"href":"https:\/\/www.europesays.com\/fr\/wp-json\/wp\/v2\/posts\/455676\/revisions"}],"wp:featuredmedia":[{"embeddable":true,"href":"https:\/\/www.europesays.com\/fr\/wp-json\/wp\/v2\/media\/455677"}],"wp:attachment":[{"href":"https:\/\/www.europesays.com\/fr\/wp-json\/wp\/v2\/media?parent=455676"}],"wp:term":[{"taxonomy":"category","embeddable":true,"href":"https:\/\/www.europesays.com\/fr\/wp-json\/wp\/v2\/categories?post=455676"},{"taxonomy":"post_tag","embeddable":true,"href":"https:\/\/www.europesays.com\/fr\/wp-json\/wp\/v2\/tags?post=455676"}],"curies":[{"name":"wp","href":"https:\/\/api.w.org\/{rel}","templated":true}]}}