{"id":455706,"date":"2025-10-11T19:12:22","date_gmt":"2025-10-11T19:12:22","guid":{"rendered":"https:\/\/www.europesays.com\/fr\/455706\/"},"modified":"2025-10-11T19:12:22","modified_gmt":"2025-10-11T19:12:22","slug":"fc-nantes-toutes-les-fins-de-contrats-des-joueurs-nantais","status":"publish","type":"post","link":"https:\/\/www.europesays.com\/fr\/455706\/","title":{"rendered":"FC Nantes. Toutes les fins de contrats des joueurs nantais"},"content":{"rendered":"<p><img fetchpriority=\"high\" decoding=\"async\" width=\"620\" height=\"413\" src=\"https:\/\/www.europesays.com\/fr\/wp-content\/uploads\/2025\/07\/Anthony-Lopes-620x413.jpg\" alt=\"FC Nantes. Toutes les fins de contrats des joueurs nantais\" class=\"wp-image-328890\"  \/>Anthony Lopes est l\u2019un des neuf joueurs sous contrat jusqu\u2019au terme de la saison en cours. Mais le gardien nantais a une option pour disputer un exercice suppl\u00e9mentaire.<\/p>\n<p>Les saisons passent, mais le <a href=\"https:\/\/sportune.20minutes.fr\/fc-nantes\" target=\"_blank\" rel=\"noopener\">FC Nantes<\/a> reste sur un fil, en tentant chaque saison de trouver l\u2019\u00e9quilibre qui penche plut\u00f4t du bon c\u00f4t\u00e9 ; celui du maintien dans l\u2019\u00e9lite. Cela devient de plus en plus compliqu\u00e9 en raison de la situation \u00e9conomique fragile du football fran\u00e7ais. Cet \u00e9t\u00e9, le club a d\u00e9graiss\u00e9 comme jamais dans son histoire pour amortir le choc de la baisse des droits TV.<\/p>\n<p>Neuf joueurs ont un contrat jusqu\u2019en juin<\/p>\n<p>Contraint aussi de r\u00e9fr\u00e9ner ses envies de joueurs trop couteux, il a d\u00fb composer avec des joueurs libres ou peu co\u00fbteux, et le plus souvent en proposant des contrats de courte dur\u00e9e. En cons\u00e9quence, entre les pr\u00eats et les contrats qui s\u2019ach\u00e8vent (hors possibles extensions d\u2019un an incluses selon les cas), neuf joueurs arrivent \u00e0 \u00e9ch\u00e9ance de leur bail au terme de la saison en cours, le 30 juin 2026. Et certains ont le statut de cadres de l\u2019effectif que dirige Luis Castro.<\/p>\n<p>A l\u2019oppos\u00e9, il n\u2019y a qu\u2019un seul joueur en contrat de la plus longue dur\u00e9e autoris\u00e9e \u00e0 ce stade de la saison (cinq ans, jusqu\u2019en 2030), en la personne d\u2019un jeune milieu de terrain form\u00e9 au club, Dehmaine Taibibou. Et deux qui ont encore un peu plus de trois ans et demi jusqu\u2019en 2029 : Bahmed Deuff pour un autre form\u00e9 \u00e0 la Joneli\u00e8re, ainsi que Johann Lepenant, pour l\u2019une des rares recrues majeures du <a href=\"https:\/\/sportune.20minutes.fr\/fc-nantes\" target=\"_blank\" rel=\"noopener\">FC Nantes<\/a>, ces derni\u00e8res saisons.<\/p>\n<p>Les fins de contrats des joueurs du FC Nantes<\/p>\n<p><strong>Ils sont sous contrat jusqu\u2019\u00e0 la fin de saison<\/strong><br \/>Anthony Lopes<br \/>Francis Coquelin<br \/>Youssef El Arabi<br \/>Patrik Carlgren<br \/>Nicolas Cozza<br \/>Hyun-seok Hong<br \/>Mayckel Lahdo<br \/>Junior Mwanga<br \/>Amady Camara<\/p>\n<p><strong>Ils sont sous contrat jusqu\u2019en 2027<\/strong><br \/>Uros Radakovic<br \/>Fabien Centonze<br \/>Mostafa Mohamed<br \/>S\u00e9kou Doucour\u00e9<\/p>\n<p><strong>Ils sont sous contrat jusqu\u2019en 2028<\/strong><br \/>Kelvin Amian<br \/>Chidozie Awaziem<br \/>Hyeok-kyu Kwon<br \/>Yassine Benhattab<br \/>Alexis Mirbach<br \/>Louis Leroux<\/p>\n<p><strong>Ils sont sous contrat jusqu\u2019en 2029<\/strong><br \/>Johann Lepenant<br \/>Bahmued Deuff<\/p>\n<p><strong>Ils sont sous contrat jusqu\u2019en 2030<\/strong><br \/>Dehmaine Taibibou<\/p>\n","protected":false},"excerpt":{"rendered":"Anthony Lopes est l\u2019un des neuf joueurs sous contrat jusqu\u2019au terme de la saison en cours. Mais le&hellip;\n","protected":false},"author":2,"featured_media":241086,"comment_status":"","ping_status":"","sticky":false,"template":"","format":"standard","meta":{"footnotes":""},"categories":[2818],"tags":[1111,11,1777,674,462,1011,27,766,12,2636,25,969],"class_list":{"0":"post-455706","1":"post","2":"type-post","3":"status-publish","4":"format-standard","5":"has-post-thumbnail","7":"category-nantes","8":"tag-actu","9":"tag-actualites","10":"tag-eu","11":"tag-europe","12":"tag-fc-nantes","13":"tag-fr","14":"tag-france","15":"tag-nantes","16":"tag-news","17":"tag-pays-de-la-loire","18":"tag-republique-francaise","19":"tag-transfert"},"share_on_mastodon":{"url":"https:\/\/pubeurope.com\/@fr\/115357125820258562","error":""},"_links":{"self":[{"href":"https:\/\/www.europesays.com\/fr\/wp-json\/wp\/v2\/posts\/455706","targetHints":{"allow":["GET"]}}],"collection":[{"href":"https:\/\/www.europesays.com\/fr\/wp-json\/wp\/v2\/posts"}],"about":[{"href":"https:\/\/www.europesays.com\/fr\/wp-json\/wp\/v2\/types\/post"}],"author":[{"embeddable":true,"href":"https:\/\/www.europesays.com\/fr\/wp-json\/wp\/v2\/users\/2"}],"replies":[{"embeddable":true,"href":"https:\/\/www.europesays.com\/fr\/wp-json\/wp\/v2\/comments?post=455706"}],"version-history":[{"count":0,"href":"https:\/\/www.europesays.com\/fr\/wp-json\/wp\/v2\/posts\/455706\/revisions"}],"wp:featuredmedia":[{"embeddable":true,"href":"https:\/\/www.europesays.com\/fr\/wp-json\/wp\/v2\/media\/241086"}],"wp:attachment":[{"href":"https:\/\/www.europesays.com\/fr\/wp-json\/wp\/v2\/media?parent=455706"}],"wp:term":[{"taxonomy":"category","embeddable":true,"href":"https:\/\/www.europesays.com\/fr\/wp-json\/wp\/v2\/categories?post=455706"},{"taxonomy":"post_tag","embeddable":true,"href":"https:\/\/www.europesays.com\/fr\/wp-json\/wp\/v2\/tags?post=455706"}],"curies":[{"name":"wp","href":"https:\/\/api.w.org\/{rel}","templated":true}]}}