{"id":455707,"date":"2025-10-11T19:13:30","date_gmt":"2025-10-11T19:13:30","guid":{"rendered":"https:\/\/www.europesays.com\/fr\/455707\/"},"modified":"2025-10-11T19:13:30","modified_gmt":"2025-10-11T19:13:30","slug":"rodolphe-lhotellier-devient-directeur-general-adjoint-daken-ecosystemes","status":"publish","type":"post","link":"https:\/\/www.europesays.com\/fr\/455707\/","title":{"rendered":"Rodolphe L\u2019Hotellier devient directeur g\u00e9n\u00e9ral adjoint d\u2019Aken Ecosyst\u00e8mes"},"content":{"rendered":"<p>                                                <img decoding=\"async\" loading=\"lazy\" src=\"https:\/\/www.europesays.com\/fr\/wp-content\/uploads\/2025\/10\/Rodolphe_LHOTELLIER-scaled-e1760099035200-760x396-c-default.jpeg\"   width=\"760\" height=\"396\" alt=\"Rodolphe L\u2019Hotellier, Aken Ecosyst\u00e8mes\" aria-describedby=\"caption-post-210311\"\/><\/p>\n<p id=\"caption-attachment-210311\" class=\"wp-caption-text\">Rodolphe L\u2019Hotellier a \u00e9t\u00e9 nomm\u00e9 directeur g\u00e9n\u00e9ral adjoint d\u2019Aken Ecosyst\u00e8mes. \u00a9 Something Pink Studio<\/p>\n<p>Cr\u00e9\u00e9e en 2022 pour concevoir, r\u00e9aliser et animer des espaces tertiaires et de formation sur l\u2019ensemble du territoire fran\u00e7ais, Aken Ecosyst\u00e8mes, bas\u00e9e \u00e0 M\u00e9rignac, a annonc\u00e9 la nomination de Rodolphe L\u2019Hotellier au poste de directeur g\u00e9n\u00e9ral adjoint. Pr\u00e9c\u00e9demment directeur g\u00e9n\u00e9ral de Spirit Rehab, il dispose de pr\u00e8s de 25 ans d\u2019exp\u00e9rience \u00e0 des postes de direction dans le secteur de l\u2019immobilier.<\/p>\n<p>\u00ab\u00a0Cette nomination intervient dans une p\u00e9riode d\u2019acc\u00e9l\u00e9ration du d\u00e9veloppement d\u2019Aken Ecosyst\u00e8mes qui compte \u00e0 ce jour une dizaine de projets d\u2019\u00e9cosyst\u00e8mes multi-usages, notamment \u00e0 Val d\u2019Europe, Montpellier, Toulouse, Rouen, Orl\u00e9ans, Amiens, Bordeaux, dont les premi\u00e8res livraisons interviendront \u00e0 partir de 2027\u00a0\u00bb, explique l\u2019entreprise. Cofond\u00e9e par Lionel Desage et R\u00e9mi Ehrhart, Aken Ecosyst\u00e8mes emploie vingt collaborateurs.<\/p>\n","protected":false},"excerpt":{"rendered":"Rodolphe L\u2019Hotellier a \u00e9t\u00e9 nomm\u00e9 directeur g\u00e9n\u00e9ral adjoint d\u2019Aken Ecosyst\u00e8mes. \u00a9 Something Pink Studio Cr\u00e9\u00e9e en 2022 pour&hellip;\n","protected":false},"author":2,"featured_media":455708,"comment_status":"","ping_status":"","sticky":false,"template":"","format":"standard","meta":{"footnotes":""},"categories":[2817],"tags":[1111,11,1997,1777,674,1011,27,12,2219,25],"class_list":{"0":"post-455707","1":"post","2":"type-post","3":"status-publish","4":"format-standard","5":"has-post-thumbnail","7":"category-bordeaux","8":"tag-actu","9":"tag-actualites","10":"tag-bordeaux","11":"tag-eu","12":"tag-europe","13":"tag-fr","14":"tag-france","15":"tag-news","16":"tag-nouvelle-aquitaine","17":"tag-republique-francaise"},"share_on_mastodon":{"url":"https:\/\/pubeurope.com\/@fr\/115357129827086304","error":""},"_links":{"self":[{"href":"https:\/\/www.europesays.com\/fr\/wp-json\/wp\/v2\/posts\/455707","targetHints":{"allow":["GET"]}}],"collection":[{"href":"https:\/\/www.europesays.com\/fr\/wp-json\/wp\/v2\/posts"}],"about":[{"href":"https:\/\/www.europesays.com\/fr\/wp-json\/wp\/v2\/types\/post"}],"author":[{"embeddable":true,"href":"https:\/\/www.europesays.com\/fr\/wp-json\/wp\/v2\/users\/2"}],"replies":[{"embeddable":true,"href":"https:\/\/www.europesays.com\/fr\/wp-json\/wp\/v2\/comments?post=455707"}],"version-history":[{"count":0,"href":"https:\/\/www.europesays.com\/fr\/wp-json\/wp\/v2\/posts\/455707\/revisions"}],"wp:featuredmedia":[{"embeddable":true,"href":"https:\/\/www.europesays.com\/fr\/wp-json\/wp\/v2\/media\/455708"}],"wp:attachment":[{"href":"https:\/\/www.europesays.com\/fr\/wp-json\/wp\/v2\/media?parent=455707"}],"wp:term":[{"taxonomy":"category","embeddable":true,"href":"https:\/\/www.europesays.com\/fr\/wp-json\/wp\/v2\/categories?post=455707"},{"taxonomy":"post_tag","embeddable":true,"href":"https:\/\/www.europesays.com\/fr\/wp-json\/wp\/v2\/tags?post=455707"}],"curies":[{"name":"wp","href":"https:\/\/api.w.org\/{rel}","templated":true}]}}