{"id":455713,"date":"2025-10-11T19:16:11","date_gmt":"2025-10-11T19:16:11","guid":{"rendered":"https:\/\/www.europesays.com\/fr\/455713\/"},"modified":"2025-10-11T19:16:11","modified_gmt":"2025-10-11T19:16:11","slug":"toulouse-soyons-nombreux-mercredi-pour-soutenir-les-bibliothecaires-en-greve","status":"publish","type":"post","link":"https:\/\/www.europesays.com\/fr\/455713\/","title":{"rendered":"Toulouse. Soyons nombreux mercredi pour soutenir les biblioth\u00e9caires en gr\u00e8ve !"},"content":{"rendered":"<p>\u00c0 Toulouse, la journ\u00e9e nationale de mobilisation appel\u00e9e par l\u2019intersyndicale contre le budget Bayrou, le 2 octobre, a \u00e9t\u00e9 une <a href=\"https:\/\/www.revolutionpermanente.fr\/Toulouse-19-bibliotheques-sur-21-fermees-les-bibliothecaires-de-nouveau-massivement-en-greve\" rel=\"nofollow noopener\" target=\"_blank\">nouvelle fois suivie par les biblioth\u00e8ques de la ville<\/a>. Des dizaines de gr\u00e9vistes se sont mobilis\u00e9s et plusieurs \u00e9tablissements sont rest\u00e9s ferm\u00e9s toute la journ\u00e9e pour exprimer le m\u00e9contentement des travailleurs face \u00e0 la d\u00e9gradation des conditions de travail et aux politiques d\u2019aust\u00e9rit\u00e9 qui frappent depuis plusieurs ann\u00e9es les services publics. Dans la manifestation apr\u00e8s avoir d\u00e9fil\u00e9 aupr\u00e8s des autres services territoriaux, les agents des biblioth\u00e8ques ont rejoint  le cort\u00e8ge de la culture et de la coordination contre l\u2019aust\u00e9rit\u00e9 qui r\u00e9unissaient d\u2019autres secteurs en lutte, comme le social ou les \u00e9tudiants, <a href=\"https:\/\/www.revolutionpermanente.fr\/Toulouse-20-000-manifestants-dans-une-journee-marquee-par-le-soutien-a-la-Palestine-et-la\" rel=\"nofollow noopener\" target=\"_blank\">rassembl\u00e9s autour du p\u00f4le pour la gr\u00e8ve g\u00e9n\u00e9rale<\/a>. Ce cort\u00e8ge, combatif et solidaire, a \u00e9galement port\u00e9 la question de la Palestine, affirmant la n\u00e9cessit\u00e9 d\u2019unir toutes les luttes contre la politique du gouvernement.<\/p>\n<p>Le matin les biblioth\u00e9caires \u00e9taient r\u00e9unis en assembl\u00e9e g\u00e9n\u00e9rale r\u00e9unissant plus de 50 agents. Apr\u00e8s un temps de discussion sur la situation nationale, les discussions ont converg\u00e9 vers un m\u00eame constat\u00a0: la d\u00e9gradation continue des conditions de travail \u00e0 cause des offensives n\u00e9olib\u00e9rales des diff\u00e9rents gouvernements successifs et de leurs relais locaux comme Jean-Luc Moudenc.<\/p>\n<p>En effet, en lien direct avec les coupes budg\u00e9taires qui produisent un sous-effectif chronique, une surcharge de travail, une d\u00e9gradation des services propos\u00e9s aux usagers par manque de moyens, les agents ont point\u00e9 une augmentation et un renforcement des burn-out, des arr\u00eats maladie en cascade&#8230; soit une aggravation des risques psychosociaux. Des risques qu\u2019il faut aussi associer \u00e0 une mont\u00e9e d\u2019un management toxique de la part des diff\u00e9rentes directions qui aggrave encore plus la situation. Les t\u00e9moignages de coll\u00e8gues en d\u00e9tresse, en pleurs ou \u00e0 bout se multiplient. Beaucoup \u00e9voquent le sentiment d\u2019une hi\u00e9rarchie de plus en plus autoritaire&#8230;\u00ab\u00a0R\u00e9cemment, la direction d\u2019un territoire a m\u00eame us\u00e9 du chantage aux cong\u00e9s pour imposer des changements d\u2019horaires aux agents nous t\u00e9moigne un agent.\u00a0\u00bb<\/p>\n<p>Ces situations ne tombent pas du ciel, elles sont le produit direct de la <a href=\"https:\/\/www.revolutionpermanente.fr\/La-greve-des-bibliotheques-de-Toulouse-un-exemple-de-combat-contre-l-austerite\" rel=\"nofollow noopener\" target=\"_blank\">politique d\u2019aust\u00e9rit\u00e9 men\u00e9e par la mairie de Toulouse<\/a>, dans le prolongement du budget 2025 voulu par le gouvernement et appliqu\u00e9 localement. Derri\u00e8re les mots d\u2019ordre technocratiques de \u00ab\u00a0rationalisation\u00a0\u00bb ou \u00ab\u00a0d\u2019adaptation des services\u00a0\u00bb, c\u2019est toujours la m\u00eame logique comptable qui s\u2019impose,  faire plus avec moins, au d\u00e9triment de la sant\u00e9 des travailleurs. Le m\u00e9pris de la direction en est l\u2019expression la plus claire. Lors d\u2019une r\u00e9union, le directeur de la biblioth\u00e8que et du livre a m\u00eame os\u00e9 d\u00e9clarer que \u00ab\u00a0le burn-out ne pouvait concerner que les cadres\u00a0\u00bb, une phrase r\u00e9v\u00e9latrice d\u2019une hi\u00e9rarchie coup\u00e9e de la r\u00e9alit\u00e9 et sourde \u00e0 la souffrance de ceux qui font vivre au quotidien les biblioth\u00e8ques pour les usagers. Ces derniers ont d\u2019ailleurs commenc\u00e9 \u00e0 se r\u00e9unir <a href=\"Biblioth\u00e8ques de Toulouse : aux c\u00f4t\u00e9s des gr\u00e9vistes, des usagers se mobilisent contre l'aust\u00e9rit\u00e9\">en comit\u00e9 d\u2019usagers \u00e0 l\u2019image de Bonnefoy ou de Duranti<\/a>  afin de mobiliser \u00e0 l\u2019\u00e9chelle des quartiers les  habitants pour d\u00e9fendre les biblioth\u00e8ques et les conditions de travail des agents.<\/p>\n<p>Face \u00e0 cette situation, le syndicat CGT de la mairie de Toulouse a lanc\u00e9 un appel \u00e0 la gr\u00e8ve pour la journ\u00e9e du 15 octobre, ainsi qu\u2019\u00e0 un rassemblement pour d\u00e9fendre les conditions de travail, d\u00e9noncer  les coupes budg\u00e9taires. Les agents, usagers et soutiens sont invit\u00e9s \u00e0 se mobiliser mercredi 15 octobre \u00e0 10h devant la M\u00e9diath\u00e8que Jos\u00e9-Cabanis pour montrer leur solidarit\u00e9 face \u00e0 un management qui met en danger la sant\u00e9 au travail, la d\u00e9gradation de leurs conditions de travail et pour revendiquer un plan d\u2019embauche \u00e0 hauteur des besoins.<\/p>\n<p>Ce moment de mobilisation appara\u00eet comme une \u00e9tape cl\u00e9 pour relier la lutte locale des agents des biblioth\u00e8ques aux mobilisations plus larges contre la politique d\u2019aust\u00e9rit\u00e9 qui frappe l\u2019ensemble des services publics comme le montre <a href=\"https:\/\/www.franceinfo.fr\/sante\/sante-mentale-60-000-psychologues-de-la-fonction-publique-appeles-a-se-mobiliser_7541518.html\" class=\"spip_out\" rel=\"noopener noreferrer external nofollow\" target=\"_blank\">le rassemblement des psychologues de la fonction publique<\/a> d\u00e9non\u00e7ant leurs sous-effectifs face \u00e0 un <a href=\"https:\/\/www.revolutionpermanente.fr\/30-millions-d-economies-suppression-des-heures-sup-le-plan-d-austerite-XXL-du-CHU-de-Bordeaux\" rel=\"nofollow noopener\" target=\"_blank\">mal \u00eatre croissant ou encore la d\u00e9gradation toujours plus croissante d\u2019un secteur comme la sant\u00e9<\/a>. Comme nous l\u2019explique L\u00e9o Stella, travailleur des biblioth\u00e8ques \u00e0 Toulouse, \u00ab\u00a0 Ce rassemblement est important parce qu\u2019il s\u2019inscrit dans la lutte de l\u2019ann\u00e9e derni\u00e8re, pour montrer qu\u2019on ne laissera pas les cons\u00e9quences de l\u2019aust\u00e9rit\u00e9 s\u2019installer. Mais ce rassemblement est aussi \u00e0 lier \u00e0 la situation g\u00e9n\u00e9rale dans le pays o\u00f9 tout le monde et particuli\u00e8rement les services publics on subit les politiques aust\u00e9ritaires de Macron. On se d\u00e9fendra contre chaque attaque et la destruction de nos m\u00e9tiers mais on sait que c\u2019est seulement par la fin de Macron qu\u2019on mettra un arr\u00eat \u00e0 l\u2019aust\u00e9rit\u00e9.\u00a0\u00bb<\/p>\n","protected":false},"excerpt":{"rendered":"\u00c0 Toulouse, la journ\u00e9e nationale de mobilisation appel\u00e9e par l\u2019intersyndicale contre le budget Bayrou, le 2 octobre, a&hellip;\n","protected":false},"author":2,"featured_media":455714,"comment_status":"","ping_status":"","sticky":false,"template":"","format":"standard","meta":{"footnotes":""},"categories":[2816],"tags":[1111,11,1777,674,1011,27,12,2680,25,2312],"class_list":{"0":"post-455713","1":"post","2":"type-post","3":"status-publish","4":"format-standard","5":"has-post-thumbnail","7":"category-toulouse","8":"tag-actu","9":"tag-actualites","10":"tag-eu","11":"tag-europe","12":"tag-fr","13":"tag-france","14":"tag-news","15":"tag-occitanie","16":"tag-republique-francaise","17":"tag-toulouse"},"share_on_mastodon":{"url":"https:\/\/pubeurope.com\/@fr\/115357141099812312","error":""},"_links":{"self":[{"href":"https:\/\/www.europesays.com\/fr\/wp-json\/wp\/v2\/posts\/455713","targetHints":{"allow":["GET"]}}],"collection":[{"href":"https:\/\/www.europesays.com\/fr\/wp-json\/wp\/v2\/posts"}],"about":[{"href":"https:\/\/www.europesays.com\/fr\/wp-json\/wp\/v2\/types\/post"}],"author":[{"embeddable":true,"href":"https:\/\/www.europesays.com\/fr\/wp-json\/wp\/v2\/users\/2"}],"replies":[{"embeddable":true,"href":"https:\/\/www.europesays.com\/fr\/wp-json\/wp\/v2\/comments?post=455713"}],"version-history":[{"count":0,"href":"https:\/\/www.europesays.com\/fr\/wp-json\/wp\/v2\/posts\/455713\/revisions"}],"wp:featuredmedia":[{"embeddable":true,"href":"https:\/\/www.europesays.com\/fr\/wp-json\/wp\/v2\/media\/455714"}],"wp:attachment":[{"href":"https:\/\/www.europesays.com\/fr\/wp-json\/wp\/v2\/media?parent=455713"}],"wp:term":[{"taxonomy":"category","embeddable":true,"href":"https:\/\/www.europesays.com\/fr\/wp-json\/wp\/v2\/categories?post=455713"},{"taxonomy":"post_tag","embeddable":true,"href":"https:\/\/www.europesays.com\/fr\/wp-json\/wp\/v2\/tags?post=455713"}],"curies":[{"name":"wp","href":"https:\/\/api.w.org\/{rel}","templated":true}]}}