{"id":455717,"date":"2025-10-11T19:19:17","date_gmt":"2025-10-11T19:19:17","guid":{"rendered":"https:\/\/www.europesays.com\/fr\/455717\/"},"modified":"2025-10-11T19:19:17","modified_gmt":"2025-10-11T19:19:17","slug":"face-a-une-baisse-des-subventions-a-marseille-le-monde-associatif-tire-la-sonnette-dalarme","status":"publish","type":"post","link":"https:\/\/www.europesays.com\/fr\/455717\/","title":{"rendered":"Face \u00e0 une baisse des subventions, \u00e0 Marseille le monde associatif tire la sonnette d&rsquo;alarme"},"content":{"rendered":"<p>Elles sont le ciment de notre soci\u00e9t\u00e9 et pourtant, les voici <a href=\"https:\/\/www.laprovence.com\/article\/societe\/34687200216251\/pres-de-200-associations-a-la-rencontre-du-public-a-la-ciotat\" target=\"_blank\" rel=\"noopener\">de plus en plus fragilis\u00e9es<\/a>. Les associations poussent un cri d\u2019alarme. Avec 41% de baisse de subventions \u00e9manant des financeurs publics (\u00c9tat, R\u00e9gions, D\u00e9partements, m\u00e9tropoles, communes,\u2026), eux-m\u00eames contraints \u00e0 de draconiennes \u00e9conomies, c\u2019est tout le tissu associatif qui est en train d\u2019\u00eatre peu \u00e0 peu d\u00e9tricot\u00e9 depuis une quinzaine d\u2019ann\u00e9es.<\/p>\n<p>Ce samedi 11\u00a0octobre, des rassemblements ont eu lieu partout en France, \u00e0 l\u2019initiative du Mouvement associatif, afin d'\u00a0\u00bbattirer l\u2019attention sur notre situation et faire savoir \u00e0 l\u2019ensemble des acteurs \u00e9conomiques et politiques que nous avons un r\u00f4le important pour ne pas dire primordial\u00a0\u00bb, a rappel\u00e9 Yannick Gallien, le pr\u00e9sident de l\u2019antenne r\u00e9gionale, sur le Vieux-Port de Marseille o\u00f9 a \u00e9t\u00e9 organis\u00e9e l\u2019une des op\u00e9rations du genre en Provence. \u00ab\u00a0Qui n\u2019a pas fait appel ou qui n\u2019a pas encore besoin d\u2019une <a href=\"https:\/\/www.laprovence.com\/article\/region\/63634853733587\/a-marseille-450-associations-reunies-au-pharo-pour-renforcer-le-lien-avec-la-ville\" target=\"_blank\" rel=\"noopener\">association <\/a>dans sa vie, \u00e0 tous les niveaux, que ce soit notamment dans le domaine du sport, de la culture, de l\u2019insertion, des cr\u00e8ches ou des maisons de retraite\u00a0?, interpelle ce dernier. Certes, le contexte \u00e9conomique n\u2019est pas simple, mais il ne faut pas que celui-ci conduise \u00e0 ignorer ce qui permet au pays de trouver un certain apaisement ou un \u00e9quilibre soci\u00e9tal. Nous ne sommes pas une simple variable d\u2019ajustement.\u00a0\u00bb<\/p>\n<p>\u00ab\u00a0Pas l\u00e0 pour mendier de l\u2019argent public\u00a0\u00bb<\/p>\n<p>Alors, comme \u00e0 Marseille, mais aussi \u00e0 Barcelonnette (Alpes-de-Haute-Provence) ou \u00e0 Gap (Hautes-Alpes) notamment, de nombreux repr\u00e9sentants de ce <a href=\"https:\/\/www.laprovence.com\/article\/societe\/12393885474663\/la-respiration-associative-cest-celle-de-la-societe-a-marseille-les-associations-se-mobilisent-ce-samedi\" target=\"_blank\" rel=\"noopener\">monde associatif<\/a> se mobilisent avec ce slogan suffisamment \u00e9vocateur\u00a0: \u00ab\u00a0\u00c7a ne tient plus\u00a0!\u00a0\u00bb \u00ab\u00a0On est l\u00e0 pour dire qu\u2019on existe, pas pour mendier de l\u2019argent public mais simplement avoir les financements n\u00e9cessaires aux actions d\u2019utilit\u00e9 sociale et d\u2019int\u00e9r\u00eat g\u00e9n\u00e9ral que nous menons\u00a0\u00bb, pr\u00e9cisait encore Yannick Gallien qui, comme l\u2019ensemble des personnes concern\u00e9es, esp\u00e8re \u00ab\u00a0avoir une \u00e9coute la plus objective possible pour \u00e9viter d\u2019enfermer dans une case le monde associatif qui, parfois, est per\u00e7u simplement comme un consommateur d\u2019argent public, alors que ces financements, au contraire, servent, par exemple, \u00e0 mettre en place des politiques d\u2019insertion, \u00e0 apaiser des situations compliqu\u00e9es dans certains quartiers, \u00e0 faire fonctionner une cr\u00e8che ou des clubs sportifs.\u00a0\u00bb<\/p>\n<p>S\u2019il ne peut globalement pas vivre sans b\u00e9n\u00e9voles, l\u2019ensemble des activit\u00e9s d\u00e9pendant de ce secteur g\u00e9n\u00e8re \u00e9galement, dans les associations \u00e0 objet \u00e9conomique (centres de loisirs, villages de vacances, centres sociaux, maisons de retraite\u2026), environ 10% de l\u2019emploi dans notre r\u00e9gion.<\/p>\n","protected":false},"excerpt":{"rendered":"Elles sont le ciment de notre soci\u00e9t\u00e9 et pourtant, les voici de plus en plus fragilis\u00e9es. Les associations&hellip;\n","protected":false},"author":2,"featured_media":455718,"comment_status":"","ping_status":"","sticky":false,"template":"","format":"standard","meta":{"footnotes":""},"categories":[2814],"tags":[17,1111,11,3134,154,1777,674,2823,1011,27,884,74,12,882,25,104,10522,96],"class_list":{"0":"post-455717","1":"post","2":"type-post","3":"status-publish","4":"format-standard","5":"has-post-thumbnail","7":"category-marseille","8":"tag-17","9":"tag-actu","10":"tag-actualites","11":"tag-baisse","12":"tag-des","13":"tag-eu","14":"tag-europe","15":"tag-face","16":"tag-fr","17":"tag-france","18":"tag-marseille","19":"tag-monde","20":"tag-news","21":"tag-provence-alpes-cote-dazur","22":"tag-republique-francaise","23":"tag-societe","24":"tag-subventions","25":"tag-une"},"share_on_mastodon":{"url":"https:\/\/pubeurope.com\/@fr\/115357152993458225","error":""},"_links":{"self":[{"href":"https:\/\/www.europesays.com\/fr\/wp-json\/wp\/v2\/posts\/455717","targetHints":{"allow":["GET"]}}],"collection":[{"href":"https:\/\/www.europesays.com\/fr\/wp-json\/wp\/v2\/posts"}],"about":[{"href":"https:\/\/www.europesays.com\/fr\/wp-json\/wp\/v2\/types\/post"}],"author":[{"embeddable":true,"href":"https:\/\/www.europesays.com\/fr\/wp-json\/wp\/v2\/users\/2"}],"replies":[{"embeddable":true,"href":"https:\/\/www.europesays.com\/fr\/wp-json\/wp\/v2\/comments?post=455717"}],"version-history":[{"count":0,"href":"https:\/\/www.europesays.com\/fr\/wp-json\/wp\/v2\/posts\/455717\/revisions"}],"wp:featuredmedia":[{"embeddable":true,"href":"https:\/\/www.europesays.com\/fr\/wp-json\/wp\/v2\/media\/455718"}],"wp:attachment":[{"href":"https:\/\/www.europesays.com\/fr\/wp-json\/wp\/v2\/media?parent=455717"}],"wp:term":[{"taxonomy":"category","embeddable":true,"href":"https:\/\/www.europesays.com\/fr\/wp-json\/wp\/v2\/categories?post=455717"},{"taxonomy":"post_tag","embeddable":true,"href":"https:\/\/www.europesays.com\/fr\/wp-json\/wp\/v2\/tags?post=455717"}],"curies":[{"name":"wp","href":"https:\/\/api.w.org\/{rel}","templated":true}]}}