{"id":455719,"date":"2025-10-11T19:20:12","date_gmt":"2025-10-11T19:20:12","guid":{"rendered":"https:\/\/www.europesays.com\/fr\/455719\/"},"modified":"2025-10-11T19:20:12","modified_gmt":"2025-10-11T19:20:12","slug":"polo-elite-masculine-marseille-tient-son-rang-contre-aix","status":"publish","type":"post","link":"https:\/\/www.europesays.com\/fr\/455719\/","title":{"rendered":"polo &#8211; \u00c9lite masculine : Marseille tient son rang contre Aix"},"content":{"rendered":"<p>Un quart-temps\u00a0! C&rsquo;est le temps qu&rsquo;il a fallu aux Marseillais ce samedi soir pour se mettre dans le bain face aux Aixois qui \u00e9taient un temps devant au tableau d&rsquo;affichage (4-5, 8e). Ensuite, le rouleau-compresseur marseillais s&rsquo;est mis en route et la diff\u00e9rence de niveau s&rsquo;est irr\u00e9m\u00e9diablement fait sentir dans le bassin avec une large domination du Cercle qui s&rsquo;est au final impos\u00e9 21-9 dans <a href=\"https:\/\/www.laprovence.com\/article\/sports\/98528649903114\/water-polo-marseille-aix-deux-mondes-qui-sopposent-suivez-la-competition-en-direct-video\" target=\"_blank\" rel=\"noopener\">ce derby proven\u00e7al<\/a>. \u00ab\u00a0C&rsquo;est dommage de commencer comme \u00e7a. Pour le public, ce n&rsquo;est pas super, regrette Thomas Vernoux. On se cherchait un peu au d\u00e9but mais on a toujours \u00e9t\u00e9 serein et on voit que lorsqu&rsquo;on est dedans \u00e7a change tout. On a pris 5 buts sur cette premi\u00e8re p\u00e9riode puis seulement 4 sur les trois suivantes.\u00a0\u00bb<\/p>\n<p>En resserrant leur d\u00e9fense, les joueurs du Cercle ont tout bloqu\u00e9 et ont pu d\u00e9rouler tranquillement leur jeu, r\u00e9p\u00e9ter leurs gammes avant leur premier grand rendez-vous de la saison mardi avec l&rsquo;accueil des Allemands d&rsquo;Hanovre en Ligue des champions. \u00ab\u00a0Un derby, c&rsquo;est toujours un match particulier. On a eu du mal \u00e0 entrer dans la rencontre puis on a r\u00e9ussi \u00e0 se lib\u00e9rer et \u00e7a s&rsquo;est bien fini. On est pr\u00eat pour mardi\u00a0\u00bb, estime Andr\u00e9a De Nardi.<\/p>\n<p>De leur c\u00f4t\u00e9, les Aixois \u00e9taient plut\u00f4t satisfaits de leur prestation face au voisin marseillais qui, la saison pass\u00e9e, s&rsquo;\u00e9tait hiss\u00e9 dans le top 4 europ\u00e9en. \u00ab\u00a0Le r\u00e9sultat est un peu dur mais on en tire des choses int\u00e9ressantes sur lesquelles on va pouvoir s&rsquo;appuyer pour la suite, souligne l&rsquo;entra\u00eeneur aixois Alexandre Colin. J&rsquo;ai aim\u00e9 l&rsquo;attitude et ce qu&rsquo;on a propos\u00e9 dans le jeu.\u00a0\u00bb De bonnes bases de travail, en vue de leur prochaine \u00e9ch\u00e9ance avec l&rsquo;accueil de Strasbourg pour un choc tr\u00e8s attendu du c\u00f4t\u00e9 du PAN.<\/p>\n<p>CN MARSEILLE 21 &#8211; PAYS D&rsquo;AIX NATATION\u00a09<\/p>\n<p>Bassin Pierre-Garsau. Arbitres\u00a0: MM. Bourg\u00e8s et Courbin.<\/p>\n<p>Quart-temps\u00a0: 4-5, 6-2, 6-0, 5-2. Mi-temps\u00a0: 10-7.<\/p>\n<p>CN Marseille\u00a0: Tesanovic, Hovhannisyan &#8211; Larumbe, Crousillat (cap., 3), De Nardi, Nagy (2), Vernoux (2), Drasovic, Bouet (3), Marion-Vernoux (3), Bodegas (2), Vanpeperstraete, Kalogeropoulos (3), Canovas (2).<\/p>\n<p>Entra\u00eeneur\u00a0: Milos Scepanovic.<\/p>\n<p>Pays d&rsquo;Aix Natation\u00a0: Plouzeau, Kandic &#8211; Bachelier, L. Beteille (1), Scorletti, Yutmaz (2), Drah\u00e9, Braise Fernandez, J.-B. Lena, M. Lena (2), Ogihara (3), T. Beteille, Hellebuyck, Cavano (1).<\/p>\n<p>Entra\u00eeneur\u00a0: Alexandre Colin.<\/p>\n","protected":false},"excerpt":{"rendered":"Un quart-temps\u00a0! C&rsquo;est le temps qu&rsquo;il a fallu aux Marseillais ce samedi soir pour se mettre dans le&hellip;\n","protected":false},"author":2,"featured_media":455720,"comment_status":"","ping_status":"","sticky":false,"template":"","format":"standard","meta":{"footnotes":""},"categories":[2814],"tags":[17,1111,11,1773,1777,674,1011,27,884,1774,12,882,58100,25,3711,60,7728,7488],"class_list":{"0":"post-455719","1":"post","2":"type-post","3":"status-publish","4":"format-standard","5":"has-post-thumbnail","7":"category-marseille","8":"tag-17","9":"tag-actu","10":"tag-actualites","11":"tag-elite","12":"tag-eu","13":"tag-europe","14":"tag-fr","15":"tag-france","16":"tag-marseille","17":"tag-masculine","18":"tag-news","19":"tag-provence-alpes-cote-dazur","20":"tag-rang","21":"tag-republique-francaise","22":"tag-son","23":"tag-sports","24":"tag-tient","25":"tag-water-polo"},"share_on_mastodon":{"url":"https:\/\/pubeurope.com\/@fr\/115357156976030052","error":""},"_links":{"self":[{"href":"https:\/\/www.europesays.com\/fr\/wp-json\/wp\/v2\/posts\/455719","targetHints":{"allow":["GET"]}}],"collection":[{"href":"https:\/\/www.europesays.com\/fr\/wp-json\/wp\/v2\/posts"}],"about":[{"href":"https:\/\/www.europesays.com\/fr\/wp-json\/wp\/v2\/types\/post"}],"author":[{"embeddable":true,"href":"https:\/\/www.europesays.com\/fr\/wp-json\/wp\/v2\/users\/2"}],"replies":[{"embeddable":true,"href":"https:\/\/www.europesays.com\/fr\/wp-json\/wp\/v2\/comments?post=455719"}],"version-history":[{"count":0,"href":"https:\/\/www.europesays.com\/fr\/wp-json\/wp\/v2\/posts\/455719\/revisions"}],"wp:featuredmedia":[{"embeddable":true,"href":"https:\/\/www.europesays.com\/fr\/wp-json\/wp\/v2\/media\/455720"}],"wp:attachment":[{"href":"https:\/\/www.europesays.com\/fr\/wp-json\/wp\/v2\/media?parent=455719"}],"wp:term":[{"taxonomy":"category","embeddable":true,"href":"https:\/\/www.europesays.com\/fr\/wp-json\/wp\/v2\/categories?post=455719"},{"taxonomy":"post_tag","embeddable":true,"href":"https:\/\/www.europesays.com\/fr\/wp-json\/wp\/v2\/tags?post=455719"}],"curies":[{"name":"wp","href":"https:\/\/api.w.org\/{rel}","templated":true}]}}