{"id":455721,"date":"2025-10-11T19:21:18","date_gmt":"2025-10-11T19:21:18","guid":{"rendered":"https:\/\/www.europesays.com\/fr\/455721\/"},"modified":"2025-10-11T19:21:18","modified_gmt":"2025-10-11T19:21:18","slug":"quand-les-divisions-de-la-gauche-menacent-la-majorite-metropolitaine-dans-lest-lyonnais","status":"publish","type":"post","link":"https:\/\/www.europesays.com\/fr\/455721\/","title":{"rendered":"Quand les divisions de la gauche menacent la majorit\u00e9 m\u00e9tropolitaine dans l&rsquo;Est lyonnais"},"content":{"rendered":"<p>                            <img loading=\"lazy\" width=\"886\" height=\"553\" class=\"attachment-article size-article wp-post-image lazyload\" alt=\"\" decoding=\"async\" src=\"https:\/\/www.europesays.com\/fr\/wp-content\/uploads\/2025\/10\/000_334Z2MD-e1690799549676.jpg\"  data- data-eio-rwidth=\"886\" data-eio-rheight=\"553\"\/><\/p>\n<p>H\u00e9l\u00e8ne Geoffroy avec des habitants lors de la marche blanche organis\u00e9e le lendemain de l\u2019incendie. (Photo by Olivier CHASSIGNOLE \/ AFP)<\/p>\n<p class=\"content\" style=\"font-size:1.2em;font-weight:700\">Lyon Capitale \u00a0poursuit son tour d\u2019horizon des 14 circonscriptions m\u00e9tropolitaines. En ce mois d\u2019octobre, nous nous arr\u00eatons dans l\u2019Est lyonnais o\u00f9 l\u2019issue de la prochaine majorit\u00e9 pourrait se jouer et o\u00f9 les divisions de la gauche ouvrent un espace aux R\u00e9publicains.<\/p>\n<p>L\u2019avenir de la M\u00e9tropole se joue-t-il toujours \u00e0 l\u2019Est ?<\/p>\n<p>Cette circonscription Rh\u00f4ne Amont, qui englobe le nord-est de l\u2019agglom\u00e9ration, s\u2019annonce comme l\u2019une des plus ind\u00e9cises. Elle est l\u2019une des rares \u00e0 ne pas \u00eatre politiquement homog\u00e8ne. Vaulx-en-Velin, la plus grosse commune, est un bastion de gauche, d\u2019abord communiste et aujourd\u2019hui socialiste. D\u00e9cines-Charpieu et Meyzieu ont bascul\u00e9 \u00e0 droite sous l\u2019effet d\u2019un d\u00e9veloppement de l\u2019Est lyonnais qui a engendr\u00e9 un renouvellement sociologique plus favorable aux R\u00e9publicains. La circonscription peut m\u00eame pencher tr\u00e8s \u00e0 droite. En juillet 2024, Tiffany Joncour a \u00e9t\u00e9 \u00e9lue d\u00e9put\u00e9e d\u2019une circonscription qui englobe une partie de Rh\u00f4ne Amont, \u00e0 l\u2019exception de Vaulx-en-Velin. Le RN pourrait donc jouer les arbitres au second tour, privant les R\u00e9publicains d\u2019une potentielle r\u00e9serve de voix comme en 2020.<\/p>\n","protected":false},"excerpt":{"rendered":"H\u00e9l\u00e8ne Geoffroy avec des habitants lors de la marche blanche organis\u00e9e le lendemain de l\u2019incendie. (Photo by Olivier&hellip;\n","protected":false},"author":2,"featured_media":455722,"comment_status":"","ping_status":"","sticky":false,"template":"","format":"standard","meta":{"footnotes":""},"categories":[1889],"tags":[1111,11,2430,1777,674,1011,27,2428,12,25],"class_list":{"0":"post-455721","1":"post","2":"type-post","3":"status-publish","4":"format-standard","5":"has-post-thumbnail","7":"category-lyon","8":"tag-actu","9":"tag-actualites","10":"tag-auvergne-rhone-alpes","11":"tag-eu","12":"tag-europe","13":"tag-fr","14":"tag-france","15":"tag-lyon","16":"tag-news","17":"tag-republique-francaise"},"share_on_mastodon":{"url":"https:\/\/pubeurope.com\/@fr\/115357161410838945","error":""},"_links":{"self":[{"href":"https:\/\/www.europesays.com\/fr\/wp-json\/wp\/v2\/posts\/455721","targetHints":{"allow":["GET"]}}],"collection":[{"href":"https:\/\/www.europesays.com\/fr\/wp-json\/wp\/v2\/posts"}],"about":[{"href":"https:\/\/www.europesays.com\/fr\/wp-json\/wp\/v2\/types\/post"}],"author":[{"embeddable":true,"href":"https:\/\/www.europesays.com\/fr\/wp-json\/wp\/v2\/users\/2"}],"replies":[{"embeddable":true,"href":"https:\/\/www.europesays.com\/fr\/wp-json\/wp\/v2\/comments?post=455721"}],"version-history":[{"count":0,"href":"https:\/\/www.europesays.com\/fr\/wp-json\/wp\/v2\/posts\/455721\/revisions"}],"wp:featuredmedia":[{"embeddable":true,"href":"https:\/\/www.europesays.com\/fr\/wp-json\/wp\/v2\/media\/455722"}],"wp:attachment":[{"href":"https:\/\/www.europesays.com\/fr\/wp-json\/wp\/v2\/media?parent=455721"}],"wp:term":[{"taxonomy":"category","embeddable":true,"href":"https:\/\/www.europesays.com\/fr\/wp-json\/wp\/v2\/categories?post=455721"},{"taxonomy":"post_tag","embeddable":true,"href":"https:\/\/www.europesays.com\/fr\/wp-json\/wp\/v2\/tags?post=455721"}],"curies":[{"name":"wp","href":"https:\/\/api.w.org\/{rel}","templated":true}]}}