{"id":455725,"date":"2025-10-11T19:26:12","date_gmt":"2025-10-11T19:26:12","guid":{"rendered":"https:\/\/www.europesays.com\/fr\/455725\/"},"modified":"2025-10-11T19:26:12","modified_gmt":"2025-10-11T19:26:12","slug":"le-parrain-annie-hall-lactrice-oscarisee-diane-keaton-est-morte-a-79-ans","status":"publish","type":"post","link":"https:\/\/www.europesays.com\/fr\/455725\/","title":{"rendered":"\u00ab\u00a0Le Parrain\u00a0\u00bb, \u00ab\u00a0Annie Hall\u00a0\u00bb\u2026 L\u2019actrice oscaris\u00e9e Diane Keaton est morte \u00e0 79\u00a0ans"},"content":{"rendered":"<p class=\"paragraph text_align_left lp-f-body-02\">Hollywood est en deuil. \u00c2g\u00e9e de 79 ans, l\u2019actrice am\u00e9ricaine Diane Keaton est d\u00e9c\u00e9d\u00e9e, a annonc\u00e9 ce samedi un porte-parole de la famille au magazine <a href=\"https:\/\/people.com\/diane-keaton-dead-oscar-winning-actress-dies-at-79-exclusive-8603118\" target=\"_self\" rel=\"nofollow noopener\">People<\/a>.<\/p>\n<p class=\"paragraph text_align_left lp-f-body-02\">Aucune autre pr\u00e9cision sur les circonstances de sa mort n\u2019ont \u00e9t\u00e9 r\u00e9v\u00e9l\u00e9es dans l\u2019imm\u00e9diat, a expliqu\u00e9 le magazine.<\/p>\n<p class=\"paragraph text_align_left lp-f-body-02\">Celle qui a d\u00e9but\u00e9 dans le film culte \u00ab Le Parrain \u00bb en 1972 avait ensuite \u00e9t\u00e9 oscaris\u00e9e en 1978 pour son r\u00f4le dans \u00ab Annie Hall \u00bb.<\/p>\n<p class=\"paragraph text_align_left lp-f-body-02\"><b>&gt; Plus d\u2019informations \u00e0 suivre<\/b><\/p>\n","protected":false},"excerpt":{"rendered":"Hollywood est en deuil. \u00c2g\u00e9e de 79 ans, l\u2019actrice am\u00e9ricaine Diane Keaton est d\u00e9c\u00e9d\u00e9e, a annonc\u00e9 ce samedi&hellip;\n","protected":false},"author":2,"featured_media":455726,"comment_status":"","ping_status":"","sticky":false,"template":"","format":"standard","meta":{"footnotes":""},"categories":[1888],"tags":[1111,1928,11,1927,650,872,1777,674,1011,27,12,1926,626,1925,25],"class_list":{"0":"post-455725","1":"post","2":"type-post","3":"status-publish","4":"format-standard","5":"has-post-thumbnail","7":"category-paris","8":"tag-actu","9":"tag-actu-paris","10":"tag-actualites","11":"tag-actualites-paris","12":"tag-cinema","13":"tag-culture-et-loisirs","14":"tag-eu","15":"tag-europe","16":"tag-fr","17":"tag-france","18":"tag-news","19":"tag-news-paris","20":"tag-paris","21":"tag-paris-news","22":"tag-republique-francaise"},"share_on_mastodon":{"url":"https:\/\/pubeurope.com\/@fr\/115357180583545531","error":""},"_links":{"self":[{"href":"https:\/\/www.europesays.com\/fr\/wp-json\/wp\/v2\/posts\/455725","targetHints":{"allow":["GET"]}}],"collection":[{"href":"https:\/\/www.europesays.com\/fr\/wp-json\/wp\/v2\/posts"}],"about":[{"href":"https:\/\/www.europesays.com\/fr\/wp-json\/wp\/v2\/types\/post"}],"author":[{"embeddable":true,"href":"https:\/\/www.europesays.com\/fr\/wp-json\/wp\/v2\/users\/2"}],"replies":[{"embeddable":true,"href":"https:\/\/www.europesays.com\/fr\/wp-json\/wp\/v2\/comments?post=455725"}],"version-history":[{"count":0,"href":"https:\/\/www.europesays.com\/fr\/wp-json\/wp\/v2\/posts\/455725\/revisions"}],"wp:featuredmedia":[{"embeddable":true,"href":"https:\/\/www.europesays.com\/fr\/wp-json\/wp\/v2\/media\/455726"}],"wp:attachment":[{"href":"https:\/\/www.europesays.com\/fr\/wp-json\/wp\/v2\/media?parent=455725"}],"wp:term":[{"taxonomy":"category","embeddable":true,"href":"https:\/\/www.europesays.com\/fr\/wp-json\/wp\/v2\/categories?post=455725"},{"taxonomy":"post_tag","embeddable":true,"href":"https:\/\/www.europesays.com\/fr\/wp-json\/wp\/v2\/tags?post=455725"}],"curies":[{"name":"wp","href":"https:\/\/api.w.org\/{rel}","templated":true}]}}