{"id":455727,"date":"2025-10-11T19:27:12","date_gmt":"2025-10-11T19:27:12","guid":{"rendered":"https:\/\/www.europesays.com\/fr\/455727\/"},"modified":"2025-10-11T19:27:12","modified_gmt":"2025-10-11T19:27:12","slug":"a-paris-aux-halles-des-debordements-apres-un-concert-de-rap-gratuit-de-l2b-annule","status":"publish","type":"post","link":"https:\/\/www.europesays.com\/fr\/455727\/","title":{"rendered":"\u00c0 Paris, aux Halles, des d\u00e9bordements apr\u00e8s un concert de rap gratuit de L2B annul\u00e9"},"content":{"rendered":"<p class=\"mb-4 text-lg md:leading-8 break-words\">PARIS &#8211; Fin d\u2019apr\u00e8s-midi particuli\u00e8rement mouvement\u00e9e dans le quartier des Halles \u00e0 Paris. Ce samedi 11\u00a0octobre, sous la Canop\u00e9e, plusieurs concerts gratuits se d\u00e9roulaient lors de l\u2019\u00e9v\u00e9nement \u00ab\u00a0100\u00a0% rap francophone\u00a0\u00bb intitul\u00e9 Centrale Place, dont le principal en soir\u00e9e avec le groupe fran\u00e7ais L2B.<\/p>\n<p class=\"mb-4 text-lg md:leading-8 break-words\">Le site de cet \u00e9v\u00e9nement, mis en avant par la ville de Paris, \u00e9voquait \u00ab\u00a0une occasion rare pour leurs fans de vivre un show unique, avant leur concert complet\u00a0au Z\u00e9nith de Paris en novembre\u00a0!\u00a0\u00bb.<\/p>\n<p class=\"mb-4 text-lg md:leading-8 break-words\"><a href=\"https:\/\/fr.news.yahoo.com\/%C3%A0-paris-chute-d-septuag%C3%A9naire-100229923.html\" data-ylk=\"slk:\u00c0 Paris, la chute d\u2019un septuag\u00e9naire a provoqu\u00e9 une grosse pagaille au-dessus de l\u2019Arc de Triomphe;elm:context_link;itc:0;sec:content-canvas;outcm:mb_qualified_link;_E:mb_qualified_link;ct:story;\" class=\"link  yahoo-link\" target=\"_blank\" rel=\"noopener\"> \u00c0 Paris, la chute d\u2019un septuag\u00e9naire a provoqu\u00e9 une grosse pagaille au-dessus de l\u2019Arc de Triomphe <\/a><\/p>\n<p class=\"mb-4 text-lg md:leading-8 break-words\">Mais la f\u00eate a \u00e9t\u00e9 g\u00e2ch\u00e9e par des mouvements de foule, comme le rapporte Le Parisien et comme on peut le voir sur des vid\u00e9os publi\u00e9es sur les r\u00e9seaux sociaux. Des d\u00e9bordements et des affrontements entre groupes de jeunes et forces de l\u2019ordre ont \u00e9t\u00e9 constat\u00e9s.<\/p>\n<p class=\"mb-4 text-lg md:leading-8 break-words\">La tension \u00e9tait telle que les CRS ont d\u00fb \u00e9vacuer une partie du public qui attendait pour le concert de L2B. Dans de telles conditions, celui-ci a finalement \u00e9t\u00e9 annul\u00e9 au dernier moment.<\/p>\n<p class=\"mb-4 text-lg md:leading-8 break-words\">La pr\u00e9fecture de police de Paris s\u2019\u00e9tait pr\u00e9par\u00e9e \u00e0 l\u2019\u00e9ventualit\u00e9 de d\u00e9bordements. Dans un arr\u00eat\u00e9 pris cette semaine afin de pouvoir filmer les abords du concert, elle rappelait que \u00ab\u00a0des d\u00e9bordements ont \u00e9t\u00e9 constat\u00e9s \u00e0 l\u2019occasion d\u2019\u00e9v\u00e8nements similaires\u00a0\u00bb.<\/p>\n<p class=\"mb-4 text-lg md:leading-8 break-words\"><a href=\"https:\/\/fr.news.yahoo.com\/dame-paris-pass%C3%A9e-au-crible-135250505.html\" data-ylk=\"slk:Notre-Dame de Paris pass\u00e9e au crible apr\u00e8s la d\u00e9couverte d\u2019une myst\u00e9rieuse lettre;elm:context_link;itc:0;sec:content-canvas;outcm:mb_qualified_link;_E:mb_qualified_link;ct:story;\" class=\"link  yahoo-link\" target=\"_blank\" rel=\"noopener\"> Notre-Dame de Paris pass\u00e9e au crible apr\u00e8s la d\u00e9couverte d\u2019une myst\u00e9rieuse lettre <\/a><\/p>\n<p class=\"mb-4 text-lg md:leading-8 break-words\"><a href=\"https:\/\/fr.news.yahoo.com\/%C3%A0-paris-harry-styles-s-142121796.html\" data-ylk=\"slk:\u00c0 Paris, comment Harry Styles s\u2019est retrouv\u00e9 sur une photo de l\u2019\u00e9quipe de campagne de Rachida Dati;elm:context_link;itc:0;sec:content-canvas;outcm:mb_qualified_link;_E:mb_qualified_link;ct:story;\" class=\"link  yahoo-link\" target=\"_blank\" rel=\"noopener\"> \u00c0 Paris, comment Harry Styles s\u2019est retrouv\u00e9 sur une photo de l\u2019\u00e9quipe de campagne de Rachida Dati <\/a><\/p>\n<p class=\"mb-4 text-lg md:leading-8 break-words\"><a href=\"https:\/\/fr.news.yahoo.com\/nawell-madani-accus%C3%A9e-d-avoir-102037550.html\" data-ylk=\"slk:Nawell Madani accus\u00e9e d\u2019avoir frapp\u00e9 un enfant en pleine rue, une enqu\u00eate ouverte pour \u00ab\u00a0violence\u00a0\u00bb;elm:context_link;itc:0;sec:content-canvas;outcm:mb_qualified_link;_E:mb_qualified_link;ct:story;\" class=\"link  yahoo-link\" target=\"_blank\" rel=\"noopener\"> Nawell Madani accus\u00e9e d\u2019avoir frapp\u00e9 un enfant en pleine rue, une enqu\u00eate ouverte pour \u00ab\u00a0violence\u00a0\u00bb <\/a><\/p>\n","protected":false},"excerpt":{"rendered":"PARIS &#8211; Fin d\u2019apr\u00e8s-midi particuli\u00e8rement mouvement\u00e9e dans le quartier des Halles \u00e0 Paris. Ce samedi 11\u00a0octobre, sous la&hellip;\n","protected":false},"author":2,"featured_media":455728,"comment_status":"","ping_status":"","sticky":false,"template":"","format":"standard","meta":{"footnotes":""},"categories":[1888],"tags":[1111,1928,11,1927,4156,1777,674,3160,1011,27,58101,14820,40086,12,1926,626,1925,25],"class_list":{"0":"post-455727","1":"post","2":"type-post","3":"status-publish","4":"format-standard","5":"has-post-thumbnail","7":"category-paris","8":"tag-actu","9":"tag-actu-paris","10":"tag-actualites","11":"tag-actualites-paris","12":"tag-concerts","13":"tag-eu","14":"tag-europe","15":"tag-forces-de-lordre","16":"tag-fr","17":"tag-france","18":"tag-l2b","19":"tag-la-fete","20":"tag-mouvements-de-foule","21":"tag-news","22":"tag-news-paris","23":"tag-paris","24":"tag-paris-news","25":"tag-republique-francaise"},"share_on_mastodon":{"url":"https:\/\/pubeurope.com\/@fr\/115357184404376343","error":""},"_links":{"self":[{"href":"https:\/\/www.europesays.com\/fr\/wp-json\/wp\/v2\/posts\/455727","targetHints":{"allow":["GET"]}}],"collection":[{"href":"https:\/\/www.europesays.com\/fr\/wp-json\/wp\/v2\/posts"}],"about":[{"href":"https:\/\/www.europesays.com\/fr\/wp-json\/wp\/v2\/types\/post"}],"author":[{"embeddable":true,"href":"https:\/\/www.europesays.com\/fr\/wp-json\/wp\/v2\/users\/2"}],"replies":[{"embeddable":true,"href":"https:\/\/www.europesays.com\/fr\/wp-json\/wp\/v2\/comments?post=455727"}],"version-history":[{"count":0,"href":"https:\/\/www.europesays.com\/fr\/wp-json\/wp\/v2\/posts\/455727\/revisions"}],"wp:featuredmedia":[{"embeddable":true,"href":"https:\/\/www.europesays.com\/fr\/wp-json\/wp\/v2\/media\/455728"}],"wp:attachment":[{"href":"https:\/\/www.europesays.com\/fr\/wp-json\/wp\/v2\/media?parent=455727"}],"wp:term":[{"taxonomy":"category","embeddable":true,"href":"https:\/\/www.europesays.com\/fr\/wp-json\/wp\/v2\/categories?post=455727"},{"taxonomy":"post_tag","embeddable":true,"href":"https:\/\/www.europesays.com\/fr\/wp-json\/wp\/v2\/tags?post=455727"}],"curies":[{"name":"wp","href":"https:\/\/api.w.org\/{rel}","templated":true}]}}