{"id":455731,"date":"2025-10-11T19:29:12","date_gmt":"2025-10-11T19:29:12","guid":{"rendered":"https:\/\/www.europesays.com\/fr\/455731\/"},"modified":"2025-10-11T19:29:12","modified_gmt":"2025-10-11T19:29:12","slug":"a-paris-aux-halles-des-debordements-apres-un-concert-de-rap-gratuit-de-l2b-annule-2","status":"publish","type":"post","link":"https:\/\/www.europesays.com\/fr\/455731\/","title":{"rendered":"\u00c0 Paris, aux Halles, des d\u00e9bordements apr\u00e8s un concert de rap gratuit de L2B annul\u00e9"},"content":{"rendered":"<p>        <img decoding=\"async\" loading=\"lazy\" src=\"https:\/\/www.europesays.com\/fr\/wp-content\/uploads\/2025\/10\/af944e7_upload-1-ttuypggnatfw-afp-20251011-78g39g4-v1-highres-franceculturemusicrap.jpg\"  width=\"728\" height=\"409\" alt=\"Lors de l\u2019\u00e9v\u00e9n\u00e9ment \u00ab\u00a0Centrale Place\u00a0\u00bb organis\u00e9 sous la Canop\u00e9e des Halles \u00e0 Paris, le 11\u00a0octobre 2025.\"\/>  <\/p>\n<p>MARTIN LELIEVRE \/ AFP<\/p>\n<p>Lors de l\u2019\u00e9v\u00e9n\u00e9ment \u00ab\u00a0Centrale Place\u00a0\u00bb organis\u00e9 sous la Canop\u00e9e des Halles \u00e0 Paris, le 11\u00a0octobre 2025.<\/p>\n<p class=\"asset asset-text\">PARIS &#8211; Fin d\u2019apr\u00e8s-midi particuli\u00e8rement mouvement\u00e9e dans le quartier des Halles \u00e0 Paris. Ce samedi 11\u00a0octobre, sous la Canop\u00e9e, plusieurs concerts gratuits se d\u00e9roulaient lors de l\u2019\u00e9v\u00e9nement \u00ab\u00a0100\u00a0% rap francophone\u00a0\u00bb intitul\u00e9 Centrale Place, dont le principal en soir\u00e9e avec le groupe fran\u00e7ais L2B.<\/p>\n<p class=\"asset asset-text\">Le site de cet \u00e9v\u00e9nement, mis en avant par la ville de Paris, \u00e9voquait \u00ab\u00a0une occasion rare pour leurs fans de vivre un show unique, avant leur concert complet\u00a0au Z\u00e9nith de Paris en novembre\u00a0!\u00a0\u00bb.<\/p>\n<p class=\"asset asset-text\">Mais la f\u00eate a \u00e9t\u00e9 g\u00e2ch\u00e9e par des mouvements de foule, comme le rapporte Le Parisien et comme on peut le voir sur des vid\u00e9os publi\u00e9es sur les r\u00e9seaux sociaux. Des d\u00e9bordements et des affrontements entre groupes de jeunes et forces de l\u2019ordre ont \u00e9t\u00e9 constat\u00e9s.<\/p>\n<p> La lecture de ce contenu est susceptible d\u2019entra\u00eener un d\u00e9p\u00f4t de cookies de la part de l\u2019op\u00e9rateur tiers qui l\u2019h\u00e9berge. Compte-tenu des choix que vous avez exprim\u00e9s en mati\u00e8re de d\u00e9p\u00f4t de cookies, nous avons bloqu\u00e9 l\u2019affichage de ce contenu. Si vous souhaitez y acc\u00e9der, vous devez accepter la cat\u00e9gorie de cookies \u201cContenus tiers\u201d en cliquant sur le bouton ci-dessous. <\/p>\n<p> Lire la Vid\u00e9o        <\/p>\n<p class=\"asset asset-text\">La tension \u00e9tait telle que les CRS ont d\u00fb \u00e9vacuer une partie du public qui attendait pour le concert de L2B. Dans de telles conditions, celui-ci a finalement \u00e9t\u00e9 annul\u00e9 au dernier moment.<\/p>\n<p> La lecture de ce contenu est susceptible d\u2019entra\u00eener un d\u00e9p\u00f4t de cookies de la part de l\u2019op\u00e9rateur tiers qui l\u2019h\u00e9berge. Compte-tenu des choix que vous avez exprim\u00e9s en mati\u00e8re de d\u00e9p\u00f4t de cookies, nous avons bloqu\u00e9 l\u2019affichage de ce contenu. Si vous souhaitez y acc\u00e9der, vous devez accepter la cat\u00e9gorie de cookies \u201cContenus tiers\u201d en cliquant sur le bouton ci-dessous. <\/p>\n<p> Lire la Vid\u00e9o           <\/p>\n<p> La lecture de ce contenu est susceptible d\u2019entra\u00eener un d\u00e9p\u00f4t de cookies de la part de l\u2019op\u00e9rateur tiers qui l\u2019h\u00e9berge. Compte-tenu des choix que vous avez exprim\u00e9s en mati\u00e8re de d\u00e9p\u00f4t de cookies, nous avons bloqu\u00e9 l\u2019affichage de ce contenu. Si vous souhaitez y acc\u00e9der, vous devez accepter la cat\u00e9gorie de cookies \u201cContenus tiers\u201d en cliquant sur le bouton ci-dessous. <\/p>\n<p> Lire la Vid\u00e9o        <\/p>\n<p class=\"asset asset-text\">La pr\u00e9fecture de police de Paris s\u2019\u00e9tait pr\u00e9par\u00e9e \u00e0 l\u2019\u00e9ventualit\u00e9 de d\u00e9bordements. Dans un arr\u00eat\u00e9 pris cette semaine afin de pouvoir filmer les abords du concert, elle rappelait que \u00ab\u00a0des d\u00e9bordements ont \u00e9t\u00e9 constat\u00e9s \u00e0 l\u2019occasion d\u2019\u00e9v\u00e8nements similaires\u00a0\u00bb.<\/p>\n","protected":false},"excerpt":{"rendered":"MARTIN LELIEVRE \/ AFP Lors de l\u2019\u00e9v\u00e9n\u00e9ment \u00ab\u00a0Centrale Place\u00a0\u00bb organis\u00e9 sous la Canop\u00e9e des Halles \u00e0 Paris, le&hellip;\n","protected":false},"author":2,"featured_media":455732,"comment_status":"","ping_status":"","sticky":false,"template":"","format":"standard","meta":{"footnotes":""},"categories":[1888],"tags":[11,1697,1777,674,118,1011,27,12,626,3616,25],"class_list":{"0":"post-455731","1":"post","2":"type-post","3":"status-publish","4":"format-standard","5":"has-post-thumbnail","7":"category-paris","8":"tag-actualites","9":"tag-concert","10":"tag-eu","11":"tag-europe","12":"tag-faits-divers","13":"tag-fr","14":"tag-france","15":"tag-news","16":"tag-paris","17":"tag-rap","18":"tag-republique-francaise"},"share_on_mastodon":{"url":"https:\/\/pubeurope.com\/@fr\/115357192924805736","error":""},"_links":{"self":[{"href":"https:\/\/www.europesays.com\/fr\/wp-json\/wp\/v2\/posts\/455731","targetHints":{"allow":["GET"]}}],"collection":[{"href":"https:\/\/www.europesays.com\/fr\/wp-json\/wp\/v2\/posts"}],"about":[{"href":"https:\/\/www.europesays.com\/fr\/wp-json\/wp\/v2\/types\/post"}],"author":[{"embeddable":true,"href":"https:\/\/www.europesays.com\/fr\/wp-json\/wp\/v2\/users\/2"}],"replies":[{"embeddable":true,"href":"https:\/\/www.europesays.com\/fr\/wp-json\/wp\/v2\/comments?post=455731"}],"version-history":[{"count":0,"href":"https:\/\/www.europesays.com\/fr\/wp-json\/wp\/v2\/posts\/455731\/revisions"}],"wp:featuredmedia":[{"embeddable":true,"href":"https:\/\/www.europesays.com\/fr\/wp-json\/wp\/v2\/media\/455732"}],"wp:attachment":[{"href":"https:\/\/www.europesays.com\/fr\/wp-json\/wp\/v2\/media?parent=455731"}],"wp:term":[{"taxonomy":"category","embeddable":true,"href":"https:\/\/www.europesays.com\/fr\/wp-json\/wp\/v2\/categories?post=455731"},{"taxonomy":"post_tag","embeddable":true,"href":"https:\/\/www.europesays.com\/fr\/wp-json\/wp\/v2\/tags?post=455731"}],"curies":[{"name":"wp","href":"https:\/\/api.w.org\/{rel}","templated":true}]}}