{"id":455741,"date":"2025-10-11T19:34:16","date_gmt":"2025-10-11T19:34:16","guid":{"rendered":"https:\/\/www.europesays.com\/fr\/455741\/"},"modified":"2025-10-11T19:34:16","modified_gmt":"2025-10-11T19:34:16","slug":"lallemagne-tire-la-sonnette-dalarme-apres-les-nouvelles-restrictions-chinoises-sur-les-metaux-critiques","status":"publish","type":"post","link":"https:\/\/www.europesays.com\/fr\/455741\/","title":{"rendered":"L\u2019Allemagne tire la sonnette d\u2019alarme apr\u00e8s les nouvelles restrictions chinoises sur les m\u00e9taux critiques"},"content":{"rendered":"<p>Facebook<br \/>\nTwitter<br \/>\nLinkedIn<br \/>\nWhatsApp<\/p>\n<p data-start=\"133\" data-end=\"609\">Alors que la <strong data-start=\"146\" data-end=\"201\">guerre commerciale entre les \u00c9tats-Unis et la Chine<\/strong> s\u2019intensifie, <strong data-start=\"216\" data-end=\"231\">l\u2019Allemagne<\/strong> s\u2019est jointe vendredi 10 octobre 2025 au concert d\u2019inqui\u00e9tudes croissantes exprim\u00e9es en Occident.<\/p>\n<p data-start=\"133\" data-end=\"609\">Berlin s\u2019est dite <strong data-start=\"348\" data-end=\"377\">\u201cprofond\u00e9ment pr\u00e9occup\u00e9e\u201d<\/strong> par la d\u00e9cision de P\u00e9kin d\u2019\u00e9largir ses <strong data-start=\"417\" data-end=\"494\">restrictions sur l\u2019exportation des m\u00e9taux rares et mat\u00e9riaux strat\u00e9giques<\/strong>, jug\u00e9e mena\u00e7ante pour la <strong data-start=\"520\" data-end=\"555\">stabilit\u00e9 industrielle mondiale<\/strong> et les <strong data-start=\"563\" data-end=\"606\">cha\u00eenes d\u2019approvisionnement europ\u00e9ennes<\/strong>.<\/p>\n<p><strong data-start=\"621\" data-end=\"668\">Une d\u00e9cision chinoise \u00e0 port\u00e9e g\u00e9opolitique<\/strong><\/p>\n<p data-start=\"670\" data-end=\"1103\">Selon <strong data-start=\"676\" data-end=\"689\">Bloomberg<\/strong>, la Chine a r\u00e9cemment \u00e9largi son contr\u00f4le sur les exportations de <strong data-start=\"756\" data-end=\"772\">m\u00e9taux rares<\/strong>, ajoutant <strong data-start=\"783\" data-end=\"812\">cinq nouvelles cat\u00e9gories<\/strong> \u00e0 sa liste de <strong data-start=\"827\" data-end=\"858\">17 \u00e9l\u00e9ments d\u00e9j\u00e0 restreints<\/strong>. Ces m\u00e9taux, essentiels \u00e0 la <strong data-start=\"888\" data-end=\"933\">fabrication des aimants haute performance<\/strong>, des <strong data-start=\"939\" data-end=\"959\">semi-conducteurs<\/strong> et des <strong data-start=\"967\" data-end=\"1003\">syst\u00e8mes militaires de pr\u00e9cision<\/strong>, sont d\u00e9sormais presque tous soumis \u00e0 licence, <strong data-start=\"1051\" data-end=\"1090\">\u00e0 l\u2019exception de cinq m\u00e9taux lourds<\/strong> seulement.<\/p>\n<p data-start=\"1105\" data-end=\"1510\">Les donn\u00e9es douani\u00e8res montrent que <strong data-start=\"1141\" data-end=\"1212\">la Cor\u00e9e du Sud, le Japon, l\u2019Allemagne, les \u00c9tats-Unis et le Canada<\/strong> figurent parmi les <strong data-start=\"1232\" data-end=\"1259\">principaux importateurs<\/strong> de ces mat\u00e9riaux critiques. Cette d\u00e9pendance croissante vis-\u00e0-vis de la Chine, qui contr\u00f4le <strong data-start=\"1352\" data-end=\"1394\">pr\u00e8s de 90 % de la production mondiale<\/strong> de terres rares, fait peser une menace directe sur <strong data-start=\"1446\" data-end=\"1507\">les industries \u00e9lectroniques, automobiles et \u00e9nerg\u00e9tiques<\/strong>.<\/p>\n<p><strong data-start=\"1522\" data-end=\"1589\">Berlin parle de \u201crisque syst\u00e9mique\u201d pour l\u2019industrie europ\u00e9enne<\/strong><\/p>\n<p data-start=\"1591\" data-end=\"2128\">Dans un communiqu\u00e9 relay\u00e9 par les agences allemandes, le minist\u00e8re f\u00e9d\u00e9ral de l\u2019\u00c9conomie a qualifi\u00e9 la mesure chinoise de <strong data-start=\"1713\" data-end=\"1746\">\u201csource majeure d\u2019inqui\u00e9tude\u201d<\/strong>, avertissant qu\u2019elle pourrait <strong data-start=\"1777\" data-end=\"1858\">perturber gravement les cha\u00eenes d\u2019approvisionnement industrielles europ\u00e9ennes<\/strong>.<br data-start=\"1859\" data-end=\"1862\"\/>\u00ab L\u2019emprise quasi totale de la Chine sur la production et le raffinage des m\u00e9taux lourds lui conf\u00e8re un <strong data-start=\"1966\" data-end=\"2011\">pouvoir excessif sur les march\u00e9s mondiaux<\/strong> \u00bb, a indiqu\u00e9 Berlin, redoutant \u00ab <strong data-start=\"2045\" data-end=\"2089\">de nouvelles vagues de chocs industriels<\/strong> \u00bb si les restrictions se prolongent.<\/p>\n<p data-start=\"2130\" data-end=\"2320\">L\u2019Allemagne, premi\u00e8re puissance industrielle europ\u00e9enne, d\u00e9pend largement des importations de terres rares pour sa <strong data-start=\"2245\" data-end=\"2271\">transition \u00e9nerg\u00e9tique<\/strong> et la <strong data-start=\"2278\" data-end=\"2317\">production de v\u00e9hicules \u00e9lectriques<\/strong>.<\/p>\n<p><strong data-start=\"2332\" data-end=\"2391\">Des calculs g\u00e9ostrat\u00e9giques avant la rencontre Trump\u2013Xi<\/strong><\/p>\n<p data-start=\"2393\" data-end=\"2826\">D\u2019apr\u00e8s <strong data-start=\"2401\" data-end=\"2427\">Julian Evans-Pritchard<\/strong>, chef \u00e9conomiste pour la Chine chez <strong data-start=\"2464\" data-end=\"2485\">Capital Economics<\/strong>, cette d\u00e9cision de P\u00e9kin \u00ab s\u2019inscrit dans une logique strat\u00e9gique \u00e0 moyen terme \u00bb, visant \u00e0 <strong data-start=\"2578\" data-end=\"2618\">pr\u00e9server son avantage technologique<\/strong> dans les secteurs sensibles.<br data-start=\"2647\" data-end=\"2650\"\/>\u00ab Le timing peut sembler opportuniste, mais il sert un objectif g\u00e9opolitique clair : <strong data-start=\"2735\" data-end=\"2804\">maintenir la sup\u00e9riorit\u00e9 chinoise sur les technologies de rupture<\/strong> \u00bb, a-t-il soulign\u00e9.<\/p>\n<p data-start=\"2828\" data-end=\"3236\">Cette initiative intervient \u00e0 quelques jours de la <strong data-start=\"2879\" data-end=\"2947\">rencontre pr\u00e9vue entre les pr\u00e9sidents Xi Jinping et Donald Trump<\/strong> lors du <strong data-start=\"2956\" data-end=\"3013\">Forum de coop\u00e9ration \u00e9conomique Asie-Pacifique (APEC)<\/strong> \u00e0 S\u00e9oul. Les deux puissances devraient y discuter du <strong data-start=\"3067\" data-end=\"3112\">renouvellement du cessez-le-feu tarifaire<\/strong>, qui expire le <strong data-start=\"3128\" data-end=\"3148\">10 novembre 2025<\/strong>, \u00e0 d\u00e9faut de quoi <strong data-start=\"3167\" data-end=\"3204\">de nouvelles sanctions douani\u00e8res<\/strong> pourraient entrer en vigueur.<\/p>\n<p><strong data-start=\"3248\" data-end=\"3304\">Des tensions qui menacent les secteurs cl\u00e9s mondiaux<\/strong><\/p>\n<p data-start=\"3306\" data-end=\"3604\">En r\u00e9action, <strong data-start=\"3319\" data-end=\"3333\">Washington<\/strong> a d\u00e9j\u00e0 laiss\u00e9 entendre qu\u2019il pourrait <strong data-start=\"3372\" data-end=\"3441\">restreindre les exportations de produits am\u00e9ricains vers la Chine<\/strong>, tandis que P\u00e9kin aurait <strong data-start=\"3467\" data-end=\"3508\">suspendu ses achats de soja am\u00e9ricain<\/strong>, une mesure qui fragilise la <strong data-start=\"3538\" data-end=\"3574\">base agricole du pr\u00e9sident Trump<\/strong> \u00e0 l\u2019approche des \u00e9lections.<\/p>\n<p data-start=\"3606\" data-end=\"4112\">Bloomberg souligne que des <strong data-start=\"3633\" data-end=\"3659\">retards administratifs<\/strong> dans la d\u00e9livrance de licences d\u2019exportation de m\u00e9taux rares ont d\u00e9j\u00e0 provoqu\u00e9 en 2025 <strong data-start=\"3747\" data-end=\"3808\">des interruptions majeures dans les cha\u00eenes de production<\/strong> europ\u00e9ennes et asiatiques, notamment dans les <strong data-start=\"3855\" data-end=\"3897\">industries \u00e9lectroniques et de d\u00e9fense<\/strong>.<br data-start=\"3898\" data-end=\"3901\"\/>L\u2019agence avertit que <strong data-start=\"3922\" data-end=\"4022\">le durcissement actuel pourrait provoquer un \u201cv\u00e9ritable tremblement de terre industriel mondial\u201d<\/strong>, compte tenu du r\u00f4le central de la Chine dans les <strong data-start=\"4073\" data-end=\"4109\">cha\u00eenes de valeur technologiques<\/strong>.<\/p>\n<p><strong data-start=\"4124\" data-end=\"4156\">Un risque d\u2019escalade globale<\/strong><\/p>\n<p data-start=\"4158\" data-end=\"4589\">Les experts redoutent d\u00e9sormais que <strong data-start=\"4194\" data-end=\"4241\">la confrontation \u00e9conomique sino-am\u00e9ricaine<\/strong> ne s\u2019\u00e9tende \u00e0 l\u2019ensemble des march\u00e9s mondiaux.<br data-start=\"4288\" data-end=\"4291\"\/>\u00ab Le chemin pour reculer du bord du gouffre devient de plus en plus \u00e9troit \u00bb, conclut Bloomberg, estimant que <strong data-start=\"4401\" data-end=\"4444\">la spirale de repr\u00e9sailles commerciales<\/strong> pourrait d\u00e9clencher <strong data-start=\"4465\" data-end=\"4510\">une nouvelle phase d\u2019instabilit\u00e9 mondiale<\/strong>, touchant les secteurs de <strong data-start=\"4537\" data-end=\"4586\">l\u2019\u00e9nergie, de la technologie et de la d\u00e9fense<\/strong>.<\/p>\n<p>Facebook<br \/>\nTwitter<br \/>\nLinkedIn<br \/>\nWhatsApp<\/p>\n<p>\n                                                <b>Que se passe-t-il en Tunisie?<\/b><br \/>Nous expliquons sur notre <a href=\"https:\/\/www.youtube.com\/channel\/UCRzypVq0B_yBad5eGrwBx0Q?sub_confirmation=1\" target=\"_blank\" rel=\"nofollow noopener\">cha\u00eene YouTube<\/a> . <a href=\"https:\/\/www.youtube.com\/channel\/UCRzypVq0B_yBad5eGrwBx0Q?sub_confirmation=1\" target=\"_blank\" rel=\"nofollow noopener\">Abonnez-vous!<\/a><\/p>\n<p>\t\t\t\t\t\t\t\t\t\t\t\t\t\t\t\t\t\t\t\t\t\t\t\t\t<img decoding=\"async\" src=\"https:\/\/www.europesays.com\/fr\/wp-content\/uploads\/2025\/10\/Logo-Tn1-1-3.png\"\/><\/p>\n","protected":false},"excerpt":{"rendered":"Facebook Twitter LinkedIn WhatsApp Alors que la guerre commerciale entre les \u00c9tats-Unis et la Chine s\u2019intensifie, l\u2019Allemagne s\u2019est&hellip;\n","protected":false},"author":2,"featured_media":455742,"comment_status":"","ping_status":"","sticky":false,"template":"","format":"standard","meta":{"footnotes":""},"categories":[1587],"tags":[11,672,2060,1804,309,1805,1803,893,73,1777,674,1801,1074,28140,12,1802,11869,467,7084],"class_list":{"0":"post-455741","1":"post","2":"type-post","3":"status-publish","4":"format-standard","5":"has-post-thumbnail","7":"category-allemagne","8":"tag-actualites","9":"tag-allemagne","10":"tag-apec","11":"tag-bundesrepublik-deutschland","12":"tag-chine","13":"tag-de","14":"tag-deutschland","15":"tag-energie","16":"tag-etats-unis","17":"tag-eu","18":"tag-europe","19":"tag-germany","20":"tag-guerre-commerciale","21":"tag-metaux-rares","22":"tag-news","23":"tag-republique-federale-dallemagne","24":"tag-semi-conducteurs","25":"tag-trump","26":"tag-xi-jinping"},"share_on_mastodon":{"url":"https:\/\/pubeurope.com\/@fr\/115357212545463013","error":""},"_links":{"self":[{"href":"https:\/\/www.europesays.com\/fr\/wp-json\/wp\/v2\/posts\/455741","targetHints":{"allow":["GET"]}}],"collection":[{"href":"https:\/\/www.europesays.com\/fr\/wp-json\/wp\/v2\/posts"}],"about":[{"href":"https:\/\/www.europesays.com\/fr\/wp-json\/wp\/v2\/types\/post"}],"author":[{"embeddable":true,"href":"https:\/\/www.europesays.com\/fr\/wp-json\/wp\/v2\/users\/2"}],"replies":[{"embeddable":true,"href":"https:\/\/www.europesays.com\/fr\/wp-json\/wp\/v2\/comments?post=455741"}],"version-history":[{"count":0,"href":"https:\/\/www.europesays.com\/fr\/wp-json\/wp\/v2\/posts\/455741\/revisions"}],"wp:featuredmedia":[{"embeddable":true,"href":"https:\/\/www.europesays.com\/fr\/wp-json\/wp\/v2\/media\/455742"}],"wp:attachment":[{"href":"https:\/\/www.europesays.com\/fr\/wp-json\/wp\/v2\/media?parent=455741"}],"wp:term":[{"taxonomy":"category","embeddable":true,"href":"https:\/\/www.europesays.com\/fr\/wp-json\/wp\/v2\/categories?post=455741"},{"taxonomy":"post_tag","embeddable":true,"href":"https:\/\/www.europesays.com\/fr\/wp-json\/wp\/v2\/tags?post=455741"}],"curies":[{"name":"wp","href":"https:\/\/api.w.org\/{rel}","templated":true}]}}