{"id":455749,"date":"2025-10-11T19:38:13","date_gmt":"2025-10-11T19:38:13","guid":{"rendered":"https:\/\/www.europesays.com\/fr\/455749\/"},"modified":"2025-10-11T19:38:13","modified_gmt":"2025-10-11T19:38:13","slug":"gouvernement-lecornu-ii-nunez-a-linterieur-revel-a-la-sante-darmanin-ecarte-les-dernieres-informations-de-rtl-rtl-fr","status":"publish","type":"post","link":"https:\/\/www.europesays.com\/fr\/455749\/","title":{"rendered":"Gouvernement Lecornu II : Nu\u00f1ez \u00e0 l&#039;Int\u00e9rieur, Revel \u00e0 la Sant\u00e9, Darmanin \u00e9cart\u00e9&#8230; Les derni\u00e8res informations de RTL &#8211; RTL.fr"},"content":{"rendered":"<ol>\n<li><a href=\"https:\/\/news.google.com\/rss\/articles\/CBMi6wFBVV95cUxQcEgxSHdOVUM4UFJqQnVhQjRKYTRUVEFnVUtxSG8wQ3FISG9fQWJVWHExNlV2cWdZT3pBRWYyTmRBalRNS1dFRjNNaTBwZzVfSGlJcy1paE5wenROWGg4Znh4dERrSGFseUc1QzZCUWFVWV9oZHZWS3V3b3VIYTctTVRkVU94MlBuOHNFRmRSMGRSNlBnS1QwcTRybzFyX29UM1B1b194WmpCVDB4U3hUNnZ3YzBzQlRjYUp4eG1DSUR6U3o1MlVPRVBLQWNiVDE4eS0xanJMSWZSTjZXcjdlQ0YwOWpFVXkwLVAw?oc=5\" target=\"_blank\" rel=\"noopener\">Gouvernement Lecornu II : Nu\u00f1ez \u00e0 l&rsquo;Int\u00e9rieur, Revel \u00e0 la Sant\u00e9, Darmanin \u00e9cart\u00e9&#8230; Les derni\u00e8res informations de RTL<\/a>&nbsp;&nbsp;RTL.fr<\/li>\n<li><a href=\"https:\/\/news.google.com\/rss\/articles\/CBMi5wFBVV95cUxNcEtKN3o1YXJqN1R0Z09wd3BYRHlMSDN2eFVLWmRtMUxPOThJQzdvd0tzUG9QZ29qYzNuX1RnU25FUUF1RnlYeEF2V3RwckVVUTZUTEgxR2hEUGhIOF9PcFJSQndmQkZuRUY0OTNJNlBUYWxleWlramlUaHJDcklVNTRka0lxYlhiYS1tNXVHUHVCZ0ltM1BDRFFOSy0ycVZINWR5Zmp4aHFmNW1rRTNjWk5fLUk2dXZrUHg3RHlhcVphU1RfVjZPZThuM2czaDNGM3JicVV6VWZSalhENHE2ZENGX19VNUU?oc=5\" target=\"_blank\" rel=\"noopener\">Laurent Nunez, Anne Levade&#8230; Quels sont les noms qui circulent pour le futur gouvernement?<\/a>&nbsp;&nbsp;BFMTV<\/li>\n<li><a href=\"https:\/\/news.google.com\/rss\/articles\/CBMiswJBVV95cUxNMnVlNWIzMnhSTXVJbGd0RzZDbEFFdTBDNHd6UXFkeURtbmxaLTdCN2dHRWR5NWRWckxWLTlRam9Bb1BkbG1PQlZaTFc2aFVyeGo3bG0wNUFiMVAyQ0dKWUprMklaanRKYUJkU2pTN1llUG1WczNYX3hxMHF3NlJ0LVpJdk5FVllQZE1HQ1FaZk5abWdoRnRyMk1teTdFRVBxZWt1dHB0T1UtZC00S0xMazg3R2R5NGNfem9KemtjY29QX00tdzlkYTkxVFR6ZHJuMEJ0eTZCdnRsYWljbnNyb05PaHp6aHc4VFd5TThQTVNKckkxektHcHZ2UWI4VE1BNU92cXZMNWJsQktlZ2ZEZTRpMEFaOGF1MjlieHZYMDhoZy1sRUJrLUtGUHhKWEl1c2lN?oc=5\" target=\"_blank\" rel=\"noopener\">S\u00e9bastien Lecornu Premier ministre : le PS censurera Lecornu en l&rsquo;absence de<\/a>&nbsp;&nbsp;La Provence<\/li>\n<li><a href=\"https:\/\/news.google.com\/rss\/articles\/CBMi2AFBVV95cUxNTUc5MzRXNVh4cHppUzFYbkFRdHkxeGNXSVRFQks3OTFUVjVzeVJDNmxfRnV6d1FCYmFMRllHSG1URHR1bV9Qak5rZHZaRG1rc2tXY0ozUnNVZ2w3dVpQdTNvZXlGNGVJTVFDMnV5eC1ObWJoT2xyek1XUVduYmNWbDVtbnFXeS1zT3RzalFUa0pCM3d0bklvejg3QVprdVJWNVF2OXhFSDBybHljQ1NKTERYRGxOdzBva2lpVWtTMnNEeGp5RndVaEtYUW8wZHJGc3RteTAtbVg?oc=5\" target=\"_blank\" rel=\"noopener\">EN DIRECT Lecornu Premier ministre : Sans doute pas de compo ce soir, Ville\u2026<\/a>&nbsp;&nbsp;20 Minutes<\/li>\n<li><a href=\"https:\/\/news.google.com\/rss\/articles\/CBMi8AFBVV95cUxQenlYdjVnWGxsTlFlOGx1b3lFT2ZJUEFaRFlNLTRyWG1CRnhYR09ZdlFGMGgxcEFMY195cXg5Qk9ZQ29aUVZyN2xjUHl4cnF4X0NBYU5rTnRlaVB0eHAwUTRNV0w5RXZvN0VmODZoM2NqTXhacnQzS2Q5V1NTOU45V0hXM0ZuU09BUWZRQzdpWUo4TGJfVnpqRGtUNExzaG53eDVjMVg4WE9tWHQybDh0SVZ0OWRnX0VLU0dZcXhxMnJzX25qeFZhMWtEUnFiazV1dV9zRzlUcjdRNEZQNG9jbngzbU9iNEpZZVhxcGJwcGE?oc=5\" target=\"_blank\" rel=\"noopener\">Gouvernement Lecornu II : sans Darmanin, Nunez \u00e0 l\u2019Int\u00e9rieur\u2026 Quelles sont les derni\u00e8res pistes \u00e9voqu\u00e9es ?<\/a>&nbsp;&nbsp;Portail Orange<\/li>\n<\/ol>\n","protected":false},"excerpt":{"rendered":"Gouvernement Lecornu II : Nu\u00f1ez \u00e0 l&rsquo;Int\u00e9rieur, Revel \u00e0 la Sant\u00e9, Darmanin \u00e9cart\u00e9&#8230; Les derni\u00e8res informations de RTL&nbsp;&nbsp;RTL.fr&hellip;\n","protected":false},"author":2,"featured_media":455750,"comment_status":"","ping_status":"","sticky":false,"template":"","format":"standard","meta":{"footnotes":""},"categories":[2],"tags":[11,107,1011,27,418,49272,12,362,25,11067],"class_list":{"0":"post-455749","1":"post","2":"type-post","3":"status-publish","4":"format-standard","5":"has-post-thumbnail","7":"category-actualites","8":"tag-actualites","9":"tag-fil-info","10":"tag-fr","11":"tag-france","12":"tag-gouvernement","13":"tag-matignon","14":"tag-news","15":"tag-replay","16":"tag-republique-francaise","17":"tag-sebastien-lecornu"},"share_on_mastodon":{"url":"https:\/\/pubeurope.com\/@fr\/115357227761050752","error":""},"_links":{"self":[{"href":"https:\/\/www.europesays.com\/fr\/wp-json\/wp\/v2\/posts\/455749","targetHints":{"allow":["GET"]}}],"collection":[{"href":"https:\/\/www.europesays.com\/fr\/wp-json\/wp\/v2\/posts"}],"about":[{"href":"https:\/\/www.europesays.com\/fr\/wp-json\/wp\/v2\/types\/post"}],"author":[{"embeddable":true,"href":"https:\/\/www.europesays.com\/fr\/wp-json\/wp\/v2\/users\/2"}],"replies":[{"embeddable":true,"href":"https:\/\/www.europesays.com\/fr\/wp-json\/wp\/v2\/comments?post=455749"}],"version-history":[{"count":0,"href":"https:\/\/www.europesays.com\/fr\/wp-json\/wp\/v2\/posts\/455749\/revisions"}],"wp:featuredmedia":[{"embeddable":true,"href":"https:\/\/www.europesays.com\/fr\/wp-json\/wp\/v2\/media\/455750"}],"wp:attachment":[{"href":"https:\/\/www.europesays.com\/fr\/wp-json\/wp\/v2\/media?parent=455749"}],"wp:term":[{"taxonomy":"category","embeddable":true,"href":"https:\/\/www.europesays.com\/fr\/wp-json\/wp\/v2\/categories?post=455749"},{"taxonomy":"post_tag","embeddable":true,"href":"https:\/\/www.europesays.com\/fr\/wp-json\/wp\/v2\/tags?post=455749"}],"curies":[{"name":"wp","href":"https:\/\/api.w.org\/{rel}","templated":true}]}}