{"id":455759,"date":"2025-10-11T19:43:17","date_gmt":"2025-10-11T19:43:17","guid":{"rendered":"https:\/\/www.europesays.com\/fr\/455759\/"},"modified":"2025-10-11T19:43:17","modified_gmt":"2025-10-11T19:43:17","slug":"le-fleau-des-paris-sportifs-sinvite-aussi-a-lopen-de-roanne","status":"publish","type":"post","link":"https:\/\/www.europesays.com\/fr\/455759\/","title":{"rendered":"le fl\u00e9au des paris sportifs s&rsquo;invite aussi \u00e0 l\u2019Open de Roanne"},"content":{"rendered":"<p>Pour beaucoup, tout part d\u2019un simple amusement pour pimenter ses rencontres ou pouvoir frimer devant ses potes, histoire de dire \u00ab je le savais, j\u2019avais tout vu\u00a0\u00bb. D\u2019autres, en revanche, perdent le contr\u00f4le et d\u00e9rapent. Et passent leurs nerfs sur les sportifs, pour la plupart m\u00e9connus du grand public, pour \u00e9vacuer leur frustration.<\/p>\n<p>\u00ab\u00a0On se fait insulter tous les jours, qu\u2019on gagne ou qu\u2019on perde, se d\u00e9sole un joueur fran\u00e7ais pr\u00e9sent cette semaine \u00e0 Roanne. Nos copines, nos familles\u2026 Tout le monde en prend pour son grade.\u00a0\u00bb<\/p>\n<p>\u00c0 l\u2019Open de Roanne, comme pour tous les Challengers sur le sol national, l\u2019Arjel,&#8230;<\/p>\n","protected":false},"excerpt":{"rendered":"Pour beaucoup, tout part d\u2019un simple amusement pour pimenter ses rencontres ou pouvoir frimer devant ses potes, histoire&hellip;\n","protected":false},"author":2,"featured_media":455760,"comment_status":"","ping_status":"","sticky":false,"template":"","format":"standard","meta":{"footnotes":""},"categories":[1415],"tags":[16734,107,1011,27,3367,9838,20195,517,60,1467],"class_list":{"0":"post-455759","1":"post","2":"type-post","3":"status-publish","4":"format-standard","5":"has-post-thumbnail","7":"category-tennis","8":"tag-edition-loire-nord","9":"tag-fil-info","10":"tag-fr","11":"tag-france","12":"tag-loire","13":"tag-roanne","14":"tag-roanne-ville","15":"tag-sport","16":"tag-sports","17":"tag-tennis"},"share_on_mastodon":{"url":"https:\/\/pubeurope.com\/@fr\/115357247271786373","error":""},"_links":{"self":[{"href":"https:\/\/www.europesays.com\/fr\/wp-json\/wp\/v2\/posts\/455759","targetHints":{"allow":["GET"]}}],"collection":[{"href":"https:\/\/www.europesays.com\/fr\/wp-json\/wp\/v2\/posts"}],"about":[{"href":"https:\/\/www.europesays.com\/fr\/wp-json\/wp\/v2\/types\/post"}],"author":[{"embeddable":true,"href":"https:\/\/www.europesays.com\/fr\/wp-json\/wp\/v2\/users\/2"}],"replies":[{"embeddable":true,"href":"https:\/\/www.europesays.com\/fr\/wp-json\/wp\/v2\/comments?post=455759"}],"version-history":[{"count":0,"href":"https:\/\/www.europesays.com\/fr\/wp-json\/wp\/v2\/posts\/455759\/revisions"}],"wp:featuredmedia":[{"embeddable":true,"href":"https:\/\/www.europesays.com\/fr\/wp-json\/wp\/v2\/media\/455760"}],"wp:attachment":[{"href":"https:\/\/www.europesays.com\/fr\/wp-json\/wp\/v2\/media?parent=455759"}],"wp:term":[{"taxonomy":"category","embeddable":true,"href":"https:\/\/www.europesays.com\/fr\/wp-json\/wp\/v2\/categories?post=455759"},{"taxonomy":"post_tag","embeddable":true,"href":"https:\/\/www.europesays.com\/fr\/wp-json\/wp\/v2\/tags?post=455759"}],"curies":[{"name":"wp","href":"https:\/\/api.w.org\/{rel}","templated":true}]}}