{"id":455761,"date":"2025-10-11T19:45:18","date_gmt":"2025-10-11T19:45:18","guid":{"rendered":"https:\/\/www.europesays.com\/fr\/455761\/"},"modified":"2025-10-11T19:45:18","modified_gmt":"2025-10-11T19:45:18","slug":"motogp-ktm-declare-la-guerre-a-honda-sur-la-question-du-plafond-de-couts-les-dindes-ne-votent-pas-pour-noel-2","status":"publish","type":"post","link":"https:\/\/www.europesays.com\/fr\/455761\/","title":{"rendered":"MotoGP, KTM d\u00e9clare la guerre \u00e0 Honda sur la question du plafond de co\u00fbts : \u00ab\u00a0les dindes ne votent pas pour No\u00ebl\u00a0\u00bb"},"content":{"rendered":"<p><strong>Depuis le rachat du MotoGP par Liberty Media, les lignes<br \/>\nbougent\u2026 parfois violemment. Si certains s\u2019inqui\u00e8tent de voir la<br \/>\ncat\u00e9gorie reine perdre son ADN, d\u2019autres y voient une opportunit\u00e9<br \/>\nhistorique d\u2019\u00e9volution. Et parmi les plus fervents partisans du<br \/>\nchangement figure KTM, bien d\u00e9cid\u00e9 \u00e0 importer une r\u00e8gle phare de la<br \/>\nFormule 1 : le plafond budg\u00e9taire. Une id\u00e9e simple sur le papier,<br \/>\nmais explosive dans le paddock.<\/strong><\/p>\n<p>C\u2019est <a href=\"https:\/\/www.paddock-gp.com\/motogp-officiel-tech3-change-de-mains-guenther-steiner-debarque-en-motogp-pour-ecrire-une-nouvelle-ere\/\" rel=\"nofollow noopener\" target=\"_blank\"><br \/>\n<strong>Richard Coleman<\/strong><\/a>, futur directeur de l\u2019\u00e9quipe<br \/>\n<strong>Tech3<\/strong> d\u00e8s 2026, qui l\u2019a confirm\u00e9 dans le podcast<br \/>\n<a href=\"https:\/\/www.instagram.com\/reel\/DPmO6wnjTdV\/?utm_source=ig_web_copy_link\" rel=\"nofollow noopener\" target=\"_blank\"><br \/>\nBusiness of Sport<\/a> : \u00ab certains constructeurs, <strong>dont<br \/>\nle propre, KTM<\/strong>, font d\u00e9j\u00e0 pression pour que nous ayons un<br \/>\nplafond de co\u00fbts. \u00bb<\/p>\n<p>La r\u00e9f\u00e9rence est claire : il s\u2019agit du mod\u00e8le introduit en F1 en<br \/>\n2021 par <strong>Liberty Media<\/strong>, limitant les d\u00e9penses pour<br \/>\nniveler la comp\u00e9tition et \u00e9viter la d\u00e9mesure financi\u00e8re. Mais en<br \/>\nMotoGP, le d\u00e9s\u00e9quilibre est encore palpable.<\/p>\n<p>Coleman r\u00e9sume avec une formule grin\u00e7ante : \u00ab Bien s\u00fbr, les<br \/>\ndindes ne votent pas pour No\u00ebl. Les Japonais ont enregistr\u00e9 de tr\u00e8s<br \/>\nmauvais r\u00e9sultats ces derni\u00e8res ann\u00e9es, et <strong>Honda vend plus<br \/>\nde 20 millions de motos par an. Ils peuvent faire ce qu\u2019ils<br \/>\nveulent<\/strong>. \u00bb<\/p>\n<p>Sous-entendu : <strong>Honda<\/strong> a les moyens de d\u00e9penser<br \/>\nsans compter\u2026 et ne voudra pas limiter son avantage industriel.<\/p>\n<p><img decoding=\"async\" class=\"aligncenter\" src=\"https:\/\/www.europesays.com\/fr\/wp-content\/uploads\/2025\/10\/guenther-steiner-herve-ponchar-2.jpg\" alt=\"Steiner reveals why he invested in Tech3 MotoGP outfit\"\/><\/p>\n<p><strong>Le plafond<br \/>\nbudg\u00e9taire\u00a0: Honda, le g\u00e9ant qui bloque ?<\/strong><\/p>\n<p>Le bras de fer semble engag\u00e9. <strong>KTM<\/strong> est<br \/>\nouvertement favorable \u00e0 une r\u00e9forme \u00e9conomique profonde du MotoGP.<br \/>\n<strong>Honda<\/strong>, en revanche, fait bloc. Car un plafond<br \/>\nsignifierait renoncer \u00e0 son avantage financier structurel dans un<br \/>\ncontexte o\u00f9 ses r\u00e9sultats sportifs sont d\u00e9j\u00e0 en berne.<\/p>\n<p>Le nouveau PDG de KTM, <strong>Gottfried Neumeister<\/strong>,<br \/>\nl\u2019avait d\u00e9j\u00e0 laiss\u00e9 entendre d\u00e8s son arriv\u00e9e en septembre dernier :<br \/>\nla comp\u00e9titivit\u00e9 doit passer aussi par l\u2019\u00e9quit\u00e9 budg\u00e9taire. Et<br \/>\n<strong>KTM<\/strong> ne fait pas que parler : elle agit, en<br \/>\npoussant <strong>Liberty Media<\/strong> \u00e0 acc\u00e9l\u00e9rer sur ce<br \/>\nterrain.<\/p>\n<p>Mais rien ne garantit une adoption rapide. Coleman pr\u00e9vient : \u00ab<br \/>\n<strong>ces choses ne se font pas du jour au<br \/>\nlendemain<\/strong>. \u00bb<\/p>\n<p>Autre r\u00e9v\u00e9lation surprenante de Richard Coleman : \u00ab Si l\u2019on<br \/>\nconsid\u00e8re les six \u00e9quipes ind\u00e9pendantes, elles sont toutes<br \/>\nrentables. <strong>Elles gagnent toutes de l\u2019argent<\/strong>.<br \/>\n\u00bb<\/p>\n<p>Une situation aux antipodes de la Formule 1, o\u00f9 seuls quelques<br \/>\nteams survivent sans endettement. Cela n\u2019a pas \u00e9chapp\u00e9 aux<br \/>\ninvestisseurs potentiels : <strong>Lewis Hamilton<\/strong> et<br \/>\n<strong>Max Verstappen<\/strong> auraient d\u00e9j\u00e0 \u00e9t\u00e9 approch\u00e9s pour<br \/>\nacheter une \u00e9quipe MotoGP. Coleman y voit une opportunit\u00e9 :<\/p>\n<p>\u00ab Dans les \u00e9quipes des constructeurs, on parle surtout de<br \/>\nbudget R&amp;D. Mais du c\u00f4t\u00e9 des ind\u00e9pendants, c\u2019est un mod\u00e8le plus<br \/>\nsain, <strong>plus viable \u00e9conomiquement<\/strong>. \u00bb<\/p>\n<p>Un argument choc pour attirer les champions de F1 dans le<br \/>\npaddock MotoGP\u2026 et pour justifier des r\u00e8gles similaires \u00e0 celles<br \/>\nqu\u2019ils connaissent d\u00e9j\u00e0.<\/p>\n<p><strong>Pit Beirer<\/strong> (KTM) a d\u00e9j\u00e0 propos\u00e9 des week-ends<br \/>\ncommuns F1\u2013MotoGP. Une id\u00e9e encore taboue pour de nombreux<br \/>\npuristes, mais que <strong>Liberty Media<\/strong> regarde avec<br \/>\napp\u00e9tit. L\u2019arriv\u00e9e d\u2019un plafond budg\u00e9taire irait dans le m\u00eame sens,<br \/>\nen professionnalisant davantage la structure et en facilitant la<br \/>\nvenue de sponsors globaux.<\/p>\n<p>Mais tant que <strong>Honda<\/strong> et <strong>Yamaha<\/strong><br \/>\nr\u00e9sistent, la transition ne sera pas pacifique. La grille est<br \/>\nd\u00e9sormais fractur\u00e9e entre pro-r\u00e9formes (KTM, Aprilia, Ducati) et<br \/>\nconservateurs (Honda, potentiellement Yamaha). Et la guerre<br \/>\nd\u2019influence ne fait que commencer.<\/p>\n<p>Le MotoGP version <strong>Liberty Media<\/strong> sera-t-il plus<br \/>\n\u00e9galitaire, plus rentable\u2026 mais aussi plus lisse ? Ou est-ce le<br \/>\nd\u00e9but d\u2019un clash id\u00e9ologique entre l\u2019Europe de la comp\u00e9tition<br \/>\nrationnelle et le Japon de la tradition technique absolue ?<\/p>\n<p>Une chose est s\u00fbre : <a href=\"https:\/\/www.paddock-gp.com\/motogp-ktm-demarre-son-moteur-850cc-la-revolution-2027-est-en-marche\/\" rel=\"nofollow noopener\" target=\"_blank\"><br \/>\n<strong>KTM<\/strong><\/a> ne compte plus jouer les seconds r\u00f4les. Et<br \/>\navec <a href=\"https:\/\/www.paddock-gp.com\/motogp-muscle-sa-vitrine-sous-liberty-media-mais-a-quel-prix-pour-moto2-et-moto3\/\" rel=\"nofollow noopener\" target=\"_blank\"><br \/>\n<strong>Liberty<\/strong><\/a> \u00e0 ses c\u00f4t\u00e9s, c\u2019est peut-\u00eatre tout le<br \/>\nmod\u00e8le <a href=\"https:\/\/www.motogp.com\/en\" rel=\"nofollow noopener\" target=\"_blank\">MotoGP<\/a> qui s\u2019appr\u00eate<br \/>\n\u00e0 changer de braquet.<\/p>\n<p><img loading=\"lazy\" decoding=\"async\" class=\"aligncenter wp-image-1337561\" src=\"https:\/\/www.europesays.com\/fr\/wp-content\/uploads\/2025\/10\/Coleman.jpg\" alt=\"Plafond\" width=\"836\" height=\"472\"  \/><\/p>\n<p><script async src=\"\/\/www.instagram.com\/embed.js\"><\/script><\/p>\n","protected":false},"excerpt":{"rendered":"Depuis le rachat du MotoGP par Liberty Media, les lignes bougent\u2026 parfois violemment. Si certains s\u2019inqui\u00e8tent de voir&hellip;\n","protected":false},"author":2,"featured_media":455522,"comment_status":"","ping_status":"","sticky":false,"template":"","format":"standard","meta":{"footnotes":""},"categories":[1413],"tags":[1011,27,1457,1456,60],"class_list":{"0":"post-455761","1":"post","2":"type-post","3":"status-publish","4":"format-standard","5":"has-post-thumbnail","7":"category-moto","8":"tag-fr","9":"tag-france","10":"tag-moto","11":"tag-motocycle","12":"tag-sports"},"share_on_mastodon":{"url":"https:\/\/pubeurope.com\/@fr\/115357255965529331","error":""},"_links":{"self":[{"href":"https:\/\/www.europesays.com\/fr\/wp-json\/wp\/v2\/posts\/455761","targetHints":{"allow":["GET"]}}],"collection":[{"href":"https:\/\/www.europesays.com\/fr\/wp-json\/wp\/v2\/posts"}],"about":[{"href":"https:\/\/www.europesays.com\/fr\/wp-json\/wp\/v2\/types\/post"}],"author":[{"embeddable":true,"href":"https:\/\/www.europesays.com\/fr\/wp-json\/wp\/v2\/users\/2"}],"replies":[{"embeddable":true,"href":"https:\/\/www.europesays.com\/fr\/wp-json\/wp\/v2\/comments?post=455761"}],"version-history":[{"count":0,"href":"https:\/\/www.europesays.com\/fr\/wp-json\/wp\/v2\/posts\/455761\/revisions"}],"wp:featuredmedia":[{"embeddable":true,"href":"https:\/\/www.europesays.com\/fr\/wp-json\/wp\/v2\/media\/455522"}],"wp:attachment":[{"href":"https:\/\/www.europesays.com\/fr\/wp-json\/wp\/v2\/media?parent=455761"}],"wp:term":[{"taxonomy":"category","embeddable":true,"href":"https:\/\/www.europesays.com\/fr\/wp-json\/wp\/v2\/categories?post=455761"},{"taxonomy":"post_tag","embeddable":true,"href":"https:\/\/www.europesays.com\/fr\/wp-json\/wp\/v2\/tags?post=455761"}],"curies":[{"name":"wp","href":"https:\/\/api.w.org\/{rel}","templated":true}]}}