{"id":455762,"date":"2025-10-11T19:46:13","date_gmt":"2025-10-11T19:46:13","guid":{"rendered":"https:\/\/www.europesays.com\/fr\/455762\/"},"modified":"2025-10-11T19:46:13","modified_gmt":"2025-10-11T19:46:13","slug":"lobjectif-de-lawson-pour-la-fin-de-saison","status":"publish","type":"post","link":"https:\/\/www.europesays.com\/fr\/455762\/","title":{"rendered":"l&rsquo;objectif de Lawson pour la fin de saison"},"content":{"rendered":"<p>N\u2019ayant toujours pas de contrat pour 2026 chez Racing Bulls, Liam Lawson se retrouve dans une position difficile. Alors que son co\u00e9quipier Isack Hadjar, est pr\u00e9dispos\u00e9 pour aller chez Red Bull, aux c\u00f4t\u00e9s de Max Verstappen, l\u2019australien se retrouve sans baquet pour l\u2019ann\u00e9e prochaine.\u00a0<\/p>\n<p><b>Son \u00e9quipe en priorit\u00e9<\/b><\/p>\n<p>Bien qu\u2019il n\u2019ait aucune confirmation pour l&rsquo;instant, Liam Lawson veut se concentrer sur l\u2019objectif de son \u00e9quipe et l\u2019aider au maximum. \u201cIl n\u2019y a rien de particulier, si ce n\u2019est marquer des points et faire de bonnes courses. L\u2019essentiel pour nous est de marquer des points, nous nous battons pour la sixi\u00e8me place au classement des constructeurs, et l\u2019\u00e9quipe est tr\u00e8s concentr\u00e9e sur cet objectif.\u201d, explique-t-il via des propos relay\u00e9s par <a href=\"https:\/\/motorsport.nextgen-auto.com\/fr\/formule-1\/aider-racing-bulls-en-2025-le-meilleur-espoir-d-etre-prolonge-pour-lawson,203170.html\" target=\"_blank\" rel=\"noopener\">motorsport.nextgen<\/a><\/p>\n<p>En cette fin de saison, il va rouler sur des circuits qu\u2019il conna\u00eet tr\u00e8s bien depuis 2023, une partie rassurante pour lui. \u201cPour moi aussi, apr\u00e8s avoir fait un cycle complet de circuits, retourner sur des circuits o\u00f9 j\u2019ai d\u00e9j\u00e0 couru est tr\u00e8s excitant. C\u2019est la partie que je pr\u00e9f\u00e8re dans la saison. Je dirais donc que je me concentre davantage l\u00e0-dessus qu\u2019autre chose.\u201d, conclut-il.<\/p>\n<p>    Partagez cette info avec vos amis et vos proches en cliquant ici  <\/p>\n<p> Podcasts \u00e0 la une MEN LIFE <\/p>\n<p>    Pour r\u00e9sumer<\/p>\n<p>La fin de saison approche et Liam Lawson n&rsquo;a toujours pas de baquet chez Racing Bulls pour 2026. Son objectif en fin de saison est d&rsquo;aider au maximum l&rsquo;\u00e9quipe pour esp\u00e9rer en d\u00e9crocher un. Son co\u00e9quipier Isack Hadjar est pr\u00e9dispos\u00e9 \u00e0 se retrouver aux c\u00f4t\u00e9s de Max Verstappen l&rsquo;ann\u00e9e prochaine.<\/p>\n<p>R\u00e9dacteur<\/p>\n<p><img decoding=\"async\" width=\"76\" height=\"76\" loading=\"lazy\" src=\"https:\/\/www.europesays.com\/fr\/wp-content\/uploads\/2025\/04\/avatar-sport-am.png\" alt=\"Cylia Espiau\"\/><\/p>\n","protected":false},"excerpt":{"rendered":"N\u2019ayant toujours pas de contrat pour 2026 chez Racing Bulls, Liam Lawson se retrouve dans une position difficile.&hellip;\n","protected":false},"author":2,"featured_media":455763,"comment_status":"","ping_status":"","sticky":false,"template":"","format":"standard","meta":{"footnotes":""},"categories":[1412],"tags":[1451,1452,1453,1454,1455,1011,27,60],"class_list":{"0":"post-455762","1":"post","2":"type-post","3":"status-publish","4":"format-standard","5":"has-post-thumbnail","7":"category-f1","8":"tag-f1","9":"tag-formula-1","10":"tag-formula1","11":"tag-formule-1","12":"tag-formule1","13":"tag-fr","14":"tag-france","15":"tag-sports"},"share_on_mastodon":{"url":"https:\/\/pubeurope.com\/@fr\/115357259253768751","error":""},"_links":{"self":[{"href":"https:\/\/www.europesays.com\/fr\/wp-json\/wp\/v2\/posts\/455762","targetHints":{"allow":["GET"]}}],"collection":[{"href":"https:\/\/www.europesays.com\/fr\/wp-json\/wp\/v2\/posts"}],"about":[{"href":"https:\/\/www.europesays.com\/fr\/wp-json\/wp\/v2\/types\/post"}],"author":[{"embeddable":true,"href":"https:\/\/www.europesays.com\/fr\/wp-json\/wp\/v2\/users\/2"}],"replies":[{"embeddable":true,"href":"https:\/\/www.europesays.com\/fr\/wp-json\/wp\/v2\/comments?post=455762"}],"version-history":[{"count":0,"href":"https:\/\/www.europesays.com\/fr\/wp-json\/wp\/v2\/posts\/455762\/revisions"}],"wp:featuredmedia":[{"embeddable":true,"href":"https:\/\/www.europesays.com\/fr\/wp-json\/wp\/v2\/media\/455763"}],"wp:attachment":[{"href":"https:\/\/www.europesays.com\/fr\/wp-json\/wp\/v2\/media?parent=455762"}],"wp:term":[{"taxonomy":"category","embeddable":true,"href":"https:\/\/www.europesays.com\/fr\/wp-json\/wp\/v2\/categories?post=455762"},{"taxonomy":"post_tag","embeddable":true,"href":"https:\/\/www.europesays.com\/fr\/wp-json\/wp\/v2\/tags?post=455762"}],"curies":[{"name":"wp","href":"https:\/\/api.w.org\/{rel}","templated":true}]}}