{"id":455765,"date":"2025-10-11T19:48:17","date_gmt":"2025-10-11T19:48:17","guid":{"rendered":"https:\/\/www.europesays.com\/fr\/455765\/"},"modified":"2025-10-11T19:48:17","modified_gmt":"2025-10-11T19:48:17","slug":"greenwood-change-davis-son-avenir-chamboule","status":"publish","type":"post","link":"https:\/\/www.europesays.com\/fr\/455765\/","title":{"rendered":"Greenwood change d\u2019avis, son avenir chamboul\u00e9"},"content":{"rendered":"<p><b>Mason Greenwood a officiellement obtenu la s\u00e9lection jama\u00efcaine mais alors que tout est en r\u00e8gle, l\u2019attaquant de l\u2019OM, qui compte une cap avec l\u2019Angleterre, h\u00e9site \u00e0 repr\u00e9senter les Reggae Boyz.<\/b><\/p>\n<p>Banni par la f\u00e9d\u00e9ration anglaise en raison des probl\u00e8mes extra-sportifs qui remontent \u00e0 l\u2019\u00e9poque o\u00f9 <a href=\"https:\/\/www.foot01.com\/marseille\/il-arrive-a-lom-il-a-greenwood-dans-le-viseur\" target=\"_self\" rel=\"nofollow noopener\">Mason Greenwood<\/a> jouait encore \u00e0 Manchester United, l\u2019attaquant de l\u2019Olympique de Marseille est \u00e0 un tournant de sa carri\u00e8re internationale. L\u2019ancien ailier des Red Devils a officiellement obtenu la nationalit\u00e9 jama\u00efcaine, une id\u00e9e soumise par l\u2019OM afin de lib\u00e9rer une place d\u2019extracommunautaire au sein de son effectif. \u00ab\u00a0Sa demande de citoyennet\u00e9 a \u00e9t\u00e9 approuv\u00e9e, son passeport lui a \u00e9t\u00e9 envoy\u00e9 et tous les documents sont en r\u00e8gle\u00a0\u00bb expliquait \u00e0 ce sujet Michael Ricketts, le pr\u00e9sident de la F\u00e9d\u00e9ration jama\u00efcaine au mois d\u2019ao\u00fbt. La Jama\u00efque r\u00eave de voir Mason Greenwood sous ses couleurs alors que la s\u00e9lection des Reggae Boyz lutte pour sa qualification \u00e0 la prochaine Coupe du monde.<\/p>\n<p> Mais d\u2019apr\u00e8s les informations de L\u2019Equipe, l\u2019attaquant de l\u2019OM n\u2019a pris aucune d\u00e9cision \u00e0 ce sujet. \u00ab\u00a0Il lui reste \u00e0 faire la demande de changement de F\u00e9d\u00e9ration\u00a0(aupr\u00e8s de la FIFA)\u00a0et ce n&rsquo;est pas encore fait\u00a0\u00bb regrette la f\u00e9d\u00e9ration jama\u00efcaine, interrog\u00e9e par nos confr\u00e8res et qui \u00e9voque avec Mason Greenwood un joueur \u00ab\u00a0pas pr\u00eat pour jouer pour la Jama\u00efque\u00a0\u00bb. Un gros revirement de situation alors que l\u2019on pensait le num\u00e9ro 10 de l\u2019Olympique de Marseille plut\u00f4t d\u00e9termin\u00e9 \u00e0 cette id\u00e9e. Interrog\u00e9 sur le cas Greenwood par le quotidien national, la f\u00e9d\u00e9ration anglaise refuse de son c\u00f4t\u00e9 de r\u00e9agir et de s\u2019exprimer sur \u00ab\u00a0des cas individuels\u00a0\u00bb. Une chose est en tout cas certaine, l\u2019Angleterre a toujours un oeil sur Greenwood.<\/p>\n<p> Au moins de fa\u00e7on indirecte puisque des \u00e9missaires de la f\u00e9d\u00e9ration anglaise ont \u00e9t\u00e9 aper\u00e7us au V\u00e9lodrome en ce d\u00e9but de saison, officiellement pour suivre les performances d\u2019Angel Gomes. \u00ab\u00a0Je ne lui ai pas parl\u00e9, ni \u00e0 son entourage. Il essaie de jouer pour la Jama\u00efque, donc on n&rsquo;y a pas r\u00e9fl\u00e9chi davantage et on ne l&rsquo;envisage pas pour notre \u00e9quipe\u00a0\u00bb d\u00e9clarait de son c\u00f4t\u00e9 le s\u00e9lectionneur anglais Thomas Tuchel il y a un mois. La porte de l\u2019\u00e9quipe britannique semble donc toujours ferm\u00e9e pour Mason Greenwood et pourtant, l\u2019attaquant de 24 ans ne semble plus du tout certain de vouloir repr\u00e9senter la Jama\u00efque \u00e0 l\u2019avenir. Une situation que l\u2019OM regarde avec s\u00e9r\u00e9nit\u00e9 puisque l\u2019acquisition du passeport jama\u00efcain de Greenwood a lib\u00e9r\u00e9 une place d\u2019extracommunautaire, qu\u2019il repr\u00e9sente cette s\u00e9lection ou non.<\/p>\n","protected":false},"excerpt":{"rendered":"Mason Greenwood a officiellement obtenu la s\u00e9lection jama\u00efcaine mais alors que tout est en r\u00e8gle, l\u2019attaquant de l\u2019OM,&hellip;\n","protected":false},"author":2,"featured_media":455766,"comment_status":"","ping_status":"","sticky":false,"template":"","format":"standard","meta":{"footnotes":""},"categories":[1410],"tags":[63,1011,27,60],"class_list":{"0":"post-455765","1":"post","2":"type-post","3":"status-publish","4":"format-standard","5":"has-post-thumbnail","7":"category-football","8":"tag-football","9":"tag-fr","10":"tag-france","11":"tag-sports"},"share_on_mastodon":{"url":"https:\/\/pubeurope.com\/@fr\/115357267095259910","error":""},"_links":{"self":[{"href":"https:\/\/www.europesays.com\/fr\/wp-json\/wp\/v2\/posts\/455765","targetHints":{"allow":["GET"]}}],"collection":[{"href":"https:\/\/www.europesays.com\/fr\/wp-json\/wp\/v2\/posts"}],"about":[{"href":"https:\/\/www.europesays.com\/fr\/wp-json\/wp\/v2\/types\/post"}],"author":[{"embeddable":true,"href":"https:\/\/www.europesays.com\/fr\/wp-json\/wp\/v2\/users\/2"}],"replies":[{"embeddable":true,"href":"https:\/\/www.europesays.com\/fr\/wp-json\/wp\/v2\/comments?post=455765"}],"version-history":[{"count":0,"href":"https:\/\/www.europesays.com\/fr\/wp-json\/wp\/v2\/posts\/455765\/revisions"}],"wp:featuredmedia":[{"embeddable":true,"href":"https:\/\/www.europesays.com\/fr\/wp-json\/wp\/v2\/media\/455766"}],"wp:attachment":[{"href":"https:\/\/www.europesays.com\/fr\/wp-json\/wp\/v2\/media?parent=455765"}],"wp:term":[{"taxonomy":"category","embeddable":true,"href":"https:\/\/www.europesays.com\/fr\/wp-json\/wp\/v2\/categories?post=455765"},{"taxonomy":"post_tag","embeddable":true,"href":"https:\/\/www.europesays.com\/fr\/wp-json\/wp\/v2\/tags?post=455765"}],"curies":[{"name":"wp","href":"https:\/\/api.w.org\/{rel}","templated":true}]}}