{"id":455767,"date":"2025-10-11T19:49:11","date_gmt":"2025-10-11T19:49:11","guid":{"rendered":"https:\/\/www.europesays.com\/fr\/455767\/"},"modified":"2025-10-11T19:49:11","modified_gmt":"2025-10-11T19:49:11","slug":"philippe-caveriviere-qui-est-sa-femme-sarah","status":"publish","type":"post","link":"https:\/\/www.europesays.com\/fr\/455767\/","title":{"rendered":"Philippe Caverivi\u00e8re : qui est sa femme Sarah ?"},"content":{"rendered":"<p>Apr\u00e8s avoir \u00e9t\u00e9 l&rsquo;un des auteurs de l&rsquo;imitateur <a href=\"https:\/\/www.telestar.fr\/actu_tv\/nicolas-canteloup-quatre-ans-apres-son-eviction-deurope-1-il-rejoint-lune-des-matinales-les-plus-suivies-1736439\" target=\"_blank\" rel=\"noopener\"><br \/>\nNicolas Canteloup<\/a> durant de nombreuses ann\u00e9es sur Europe 1 et<br \/>\nTF1. <a href=\"https:\/\/www.closermag.fr\/people\/cest-raphael-qui-philippe-caveriviere-se-paye-le-couple-salame-glucksmann-en-plein-direct-le-depute-rentre-dans-son-jeu-3578794\" target=\"_blank\" rel=\"noopener\"><br \/>\nPhilippe Caverivi\u00e8re<\/a> est finalement sorti de l&rsquo;ombre. Officiant<br \/>\nd\u00e9sormais quotidiennement au sein de <a href=\"https:\/\/www.closermag.fr\/people\/le-kendji-que-je-connais-philippe-caveriviere-devoile-une-facette-meconnue-du-chanteur-3431407\" target=\"_blank\" rel=\"noopener\"><br \/>\nla matinale de RTL<\/a>. <strong>L&rsquo;humoriste est parvenu \u00e0 se faire<br \/>\nun nom<\/strong> au sein du paysage audiovisuel ces derni\u00e8res<br \/>\nann\u00e9es. En parall\u00e8le, il intervient \u00e9galement dans l&rsquo;\u00e9mission<br \/>\n<a href=\"https:\/\/www.closermag.fr\/tv_tele_realite\/vous-etes-enceinte-lea-salame-fait-part-dune-heureuse-nouvelle-annonce-surprise-dans-quelle-epoque-3581245\" target=\"_blank\" rel=\"noopener\"><br \/>\nQuelle \u00e9poque !<\/a> chaque semaine sur France 2.<\/p>\n<p><strong>C\u00f4t\u00e9 vie priv\u00e9e, Philippe Caverivi\u00e8re est un homme<br \/>\ncombl\u00e9<\/strong>. En effet, le comique partage la vie de <a href=\"https:\/\/www.closermag.fr\/people\/l-autre-con-de-chez-ruquier-la-rencontre-malaisante-de-philippe-caveriviere-1564633\" target=\"_blank\" rel=\"noopener\"><br \/>\nson \u00e9pouse Sarah<\/a> depuis 2006. \u00c2g\u00e9e de 38 ans, cette derni\u00e8re<br \/>\nexerce la profession d&rsquo;architecte d&rsquo;int\u00e9rieur. Le couple avait<br \/>\naccept\u00e9 de poser ensemble pour le magazine Gala en 2022.<br \/>\nIls avaient alors longuement \u00e9voqu\u00e9 leur relation dans une<br \/>\ninterview crois\u00e9e.<\/p>\n<p>Philippe Caverivi\u00e8re sur sa femme : \u00ab\u00a0Elle travaillait dans<br \/>\nl\u2019agence immobili\u00e8re de mon grand fr\u00e8re, Patrick\u00a0\u00bb<\/p>\n<p>Respectivement originaires de Saint-Rapha\u00ebl et de Fr\u00e9jus.<br \/>\nPhilippe Caverivi\u00e8re et son \u00e9pouse se sont rencontr\u00e9s pour la<br \/>\npremi\u00e8re fois dans le d\u00e9partement du Var. \u00ab\u00a0Elle travaillait<br \/>\ndans l\u2019agence immobili\u00e8re de mon grand fr\u00e8re, Patrick\u00a0\u00bb, a<br \/>\npremi\u00e8rement r\u00e9v\u00e9l\u00e9 l&rsquo;humoriste. \u00ab\u00a0Il \u00e9tait d\u00e9j\u00e0 \u00e0 Paris et<br \/>\nredescendait r\u00e9guli\u00e8rement voir sa famille, les week-ends ou l\u2019\u00e9t\u00e9.<br \/>\n<strong>Son humour a jou\u00e9 un r\u00f4le dans notre rapprochement, bien<br \/>\ns\u00fbr !<\/strong>\u00ab\u00a0, a ensuite ajout\u00e9 son \u00e9pouse.<\/p>\n<p>\u00ab\u00a0On a d\u2019abord \u00e9t\u00e9 copains pendant cinq ans avant de nous<br \/>\nmettre ensemble. <strong>C\u2019est le coup de foudre le plus lent de<br \/>\nl\u2019histoire !<\/strong>\u00ab\u00a0, a \u00e9galement soulign\u00e9 Philippe<br \/>\nCaverivi\u00e8re. \u00ab\u00a0C\u2019est quelqu\u2019un de tr\u00e8s simple. De tr\u00e8s sinc\u00e8re<br \/>\ndans tout ce qu\u2019il entreprend. Sa d\u00e9marche n\u2019est jamais calcul\u00e9e.<br \/>\nAujourd\u2019hui, il a du succ\u00e8s mais ce n\u2019\u00e9tait pas son objectif de<br \/>\ncarri\u00e8re. Sa qualit\u00e9 principale, c\u2019est son c\u00f4t\u00e9 enfant. Il<br \/>\ns\u2019\u00e9merveille de tout\u00a0\u00bb, a par ailleurs pr\u00e9cis\u00e9 Sarah<br \/>\nCaverivi\u00e8re.<\/p>\n<p>Sarah Caverivi\u00e8re sur son mari : \u00ab\u00a0Il a<br \/>\nbesoin de ce d\u00e9sordre pour \u00eatre cr\u00e9atif. Moi, je suis beaucoup plus<br \/>\norganis\u00e9e\u00a0\u00bb<\/p>\n<p>\u00ab\u00a0Il est beaucoup plus l\u00e9ger que moi. <strong>Il m\u2019apprend \u00e0<br \/>\naccepter. Et \u00e0 affronter les \u00e9preuves de la vie.<\/strong> (&#8230;) Il<br \/>\nest d\u00e9sordonn\u00e9. Mais c\u2019est un artiste. Il a besoin de ce d\u00e9sordre<br \/>\npour \u00eatre cr\u00e9atif. Moi, je suis beaucoup plus organis\u00e9e. On est<br \/>\ntr\u00e8s compl\u00e9mentaires\u00a0\u00bb, a aussi r\u00e9v\u00e9l\u00e9 l&rsquo;\u00e9pouse de Philippe<br \/>\nCaverivi\u00e8re. Qui s&rsquo;est mari\u00e9e avec l&rsquo;humoriste en 2012.<\/p>\n<p>\u00ab\u00a0<strong>Elle a connu ma maman avant que je la<br \/>\nperde.<\/strong> C\u2019\u00e9tait le pilier de ma famille. Elle a \u00e9t\u00e9<br \/>\nessentielle dans ma construction. J\u2019ai le syndrome de Peter Pan (le<br \/>\nrefus de grandir, ndlr). Et ce lien avec mon pass\u00e9 m\u2019aide \u00e0 avoir<br \/>\nl\u2019impression de ne pas vieillir&#8230;\u00a0\u00bb, a finalement conclu<br \/>\nPhilippe Caverivi\u00e8re.<\/p>\n","protected":false},"excerpt":{"rendered":"Apr\u00e8s avoir \u00e9t\u00e9 l&rsquo;un des auteurs de l&rsquo;imitateur Nicolas Canteloup durant de nombreuses ann\u00e9es sur Europe 1 et&hellip;\n","protected":false},"author":2,"featured_media":455768,"comment_status":"","ping_status":"","sticky":false,"template":"","format":"standard","meta":{"footnotes":""},"categories":[1359],"tags":[548,1193,58,59,1011,27,973],"class_list":{"0":"post-455767","1":"post","2":"type-post","3":"status-publish","4":"format-standard","5":"has-post-thumbnail","7":"category-people","8":"tag-article-simple","9":"tag-couple","10":"tag-divertissement","11":"tag-entertainment","12":"tag-fr","13":"tag-france","14":"tag-people"},"share_on_mastodon":{"url":"https:\/\/pubeurope.com\/@fr\/115357270964308627","error":""},"_links":{"self":[{"href":"https:\/\/www.europesays.com\/fr\/wp-json\/wp\/v2\/posts\/455767","targetHints":{"allow":["GET"]}}],"collection":[{"href":"https:\/\/www.europesays.com\/fr\/wp-json\/wp\/v2\/posts"}],"about":[{"href":"https:\/\/www.europesays.com\/fr\/wp-json\/wp\/v2\/types\/post"}],"author":[{"embeddable":true,"href":"https:\/\/www.europesays.com\/fr\/wp-json\/wp\/v2\/users\/2"}],"replies":[{"embeddable":true,"href":"https:\/\/www.europesays.com\/fr\/wp-json\/wp\/v2\/comments?post=455767"}],"version-history":[{"count":0,"href":"https:\/\/www.europesays.com\/fr\/wp-json\/wp\/v2\/posts\/455767\/revisions"}],"wp:featuredmedia":[{"embeddable":true,"href":"https:\/\/www.europesays.com\/fr\/wp-json\/wp\/v2\/media\/455768"}],"wp:attachment":[{"href":"https:\/\/www.europesays.com\/fr\/wp-json\/wp\/v2\/media?parent=455767"}],"wp:term":[{"taxonomy":"category","embeddable":true,"href":"https:\/\/www.europesays.com\/fr\/wp-json\/wp\/v2\/categories?post=455767"},{"taxonomy":"post_tag","embeddable":true,"href":"https:\/\/www.europesays.com\/fr\/wp-json\/wp\/v2\/tags?post=455767"}],"curies":[{"name":"wp","href":"https:\/\/api.w.org\/{rel}","templated":true}]}}