{"id":455769,"date":"2025-10-11T19:50:23","date_gmt":"2025-10-11T19:50:23","guid":{"rendered":"https:\/\/www.europesays.com\/fr\/455769\/"},"modified":"2025-10-11T19:50:23","modified_gmt":"2025-10-11T19:50:23","slug":"dun-reel-vers-une-abstraction-christian-fridelance-sexpose-a-la-loge-tattoo-a-besancon-macommune-info","status":"publish","type":"post","link":"https:\/\/www.europesays.com\/fr\/455769\/","title":{"rendered":"\u201cD\u2019un R\u00e9el vers une Abstraction\u201d \u2013 Christian Fridelance s\u2019expose \u00e0 la Loge Tattoo \u00e0 Besan\u00e7on \u2022 macommune.info"},"content":{"rendered":"<p>    \u201cD\u2019un R\u00e9el vers une Abstraction\u201d \u2013 Christian Fridelance s\u2019expose \u00e0 la Loge Tattoo \u00e0 Besan\u00e7on \u2022 macommune.info<\/p>\n<p>    <a class=\"cd-back\" href=\"https:\/\/www.macommune.info\/dun-reel-vers-une-abstraction-christian-fridelance-sexpose-a-la-loge-tattoo-a-besancon\/javascript:history.back();\" rel=\"nofollow noopener\" target=\"_blank\">\u00a0<\/a><\/p>\n","protected":false},"excerpt":{"rendered":"\u201cD\u2019un R\u00e9el vers une Abstraction\u201d \u2013 Christian Fridelance s\u2019expose \u00e0 la Loge Tattoo \u00e0 Besan\u00e7on \u2022 macommune.info \u00a0\n","protected":false},"author":2,"featured_media":455770,"comment_status":"","ping_status":"","sticky":false,"template":"","format":"standard","meta":{"footnotes":""},"categories":[1358],"tags":[1348,1384,1385,1386,58,59,1011,27],"class_list":{"0":"post-455769","1":"post","2":"type-post","3":"status-publish","4":"format-standard","5":"has-post-thumbnail","7":"category-arts-et-design","8":"tag-arts","9":"tag-arts-and-design","10":"tag-arts-et-design","11":"tag-design","12":"tag-divertissement","13":"tag-entertainment","14":"tag-fr","15":"tag-france"},"share_on_mastodon":{"url":"https:\/\/pubeurope.com\/@fr\/115357274891310817","error":""},"_links":{"self":[{"href":"https:\/\/www.europesays.com\/fr\/wp-json\/wp\/v2\/posts\/455769","targetHints":{"allow":["GET"]}}],"collection":[{"href":"https:\/\/www.europesays.com\/fr\/wp-json\/wp\/v2\/posts"}],"about":[{"href":"https:\/\/www.europesays.com\/fr\/wp-json\/wp\/v2\/types\/post"}],"author":[{"embeddable":true,"href":"https:\/\/www.europesays.com\/fr\/wp-json\/wp\/v2\/users\/2"}],"replies":[{"embeddable":true,"href":"https:\/\/www.europesays.com\/fr\/wp-json\/wp\/v2\/comments?post=455769"}],"version-history":[{"count":0,"href":"https:\/\/www.europesays.com\/fr\/wp-json\/wp\/v2\/posts\/455769\/revisions"}],"wp:featuredmedia":[{"embeddable":true,"href":"https:\/\/www.europesays.com\/fr\/wp-json\/wp\/v2\/media\/455770"}],"wp:attachment":[{"href":"https:\/\/www.europesays.com\/fr\/wp-json\/wp\/v2\/media?parent=455769"}],"wp:term":[{"taxonomy":"category","embeddable":true,"href":"https:\/\/www.europesays.com\/fr\/wp-json\/wp\/v2\/categories?post=455769"},{"taxonomy":"post_tag","embeddable":true,"href":"https:\/\/www.europesays.com\/fr\/wp-json\/wp\/v2\/tags?post=455769"}],"curies":[{"name":"wp","href":"https:\/\/api.w.org\/{rel}","templated":true}]}}