{"id":455771,"date":"2025-10-11T19:51:14","date_gmt":"2025-10-11T19:51:14","guid":{"rendered":"https:\/\/www.europesays.com\/fr\/455771\/"},"modified":"2025-10-11T19:51:14","modified_gmt":"2025-10-11T19:51:14","slug":"pourquoi-tout-le-bleu-du-ciel-de-melissa-da-costa-captive-les-lecteurs-et-ladaptation","status":"publish","type":"post","link":"https:\/\/www.europesays.com\/fr\/455771\/","title":{"rendered":"Pourquoi tout le bleu du ciel de M\u00e9lissa Da Costa captive les lecteurs et l&rsquo;adaptation"},"content":{"rendered":"<p>Je ne peux que constater l\u2019ampleur du ph\u00e9nom\u00e8ne litt\u00e9raire que repr\u00e9sente Tout le bleu du ciel de M\u00e9lissa Da Costa. Avec plus de <strong>1,5 million de lecteurs<\/strong> conquis, ce premier roman a propuls\u00e9 son auteure au rang d\u2019\u00e9crivaine la plus lue en France en 2024. Cette \u0153uvre bouleversante, initialement auto\u00e9dit\u00e9e avant d\u2019\u00eatre reprise par une maison d\u2019\u00e9dition, s\u2019est impos\u00e9e comme un v\u00e9ritable bestseller. Son adaptation t\u00e9l\u00e9visuelle diffus\u00e9e en janvier 2025 sur TF1 et Netflix confirme cette r\u00e9ussite exceptionnelle. Qu\u2019est-ce qui explique un tel engouement ? Analysons les \u00e9l\u00e9ments qui font de cette histoire un succ\u00e8s aussi retentissant.<\/p>\n<p>Une histoire bouleversante qui touche au c\u0153ur de l\u2019humanit\u00e9<\/p>\n<p>L\u2019intrigue de ce roman frappe d\u2019embl\u00e9e par sa force \u00e9motionnelle brute. \u00c9mile, jeune homme de 26 ans confront\u00e9 \u00e0 un <strong>Alzheimer pr\u00e9coce<\/strong>, refuse la compassion et l\u2019h\u00f4pital pour entreprendre un ultime voyage. Sa petite annonce touchante \u2013 \u00ab\u00a0Jeune homme condamn\u00e9 \u00e0 une esp\u00e9rance de vie de deux ans, recherche compagnon pour un dernier p\u00e9riple\u00a0\u00bb \u2013 r\u00e9sonne comme un appel d\u00e9sesp\u00e9r\u00e9 \u00e0 la vie. Cette pr\u00e9misse tragique accroche imm\u00e9diatement car elle interpelle notre humanit\u00e9 profonde.<\/p>\n<p>Joanne, myst\u00e9rieuse femme de 29 ans coiff\u00e9e d\u2019un grand chapeau noir, r\u00e9pond \u00e0 cet appel. Elle aussi fuit une existence devenue insupportable. Leur rencontre dans ce <strong>road trip en camping-car<\/strong> vers les Pyr\u00e9n\u00e9es devient le catalyseur d\u2019une transformation mutuelle extraordinaire. L\u2019auteure aborde ainsi des th\u00e8mes universels qui r\u00e9sonnent particuli\u00e8rement aujourd\u2019hui : l\u2019acceptation de la maladie, la qu\u00eate de sens face \u00e0 la mort imminente, et cette soif de libert\u00e9 qui nous habite tous. Ces pr\u00e9occupations existentielles trouvent un \u00e9cho puissant chez les lecteurs contemporains en qu\u00eate d\u2019authenticit\u00e9.<\/p>\n<p>Des personnages profond\u00e9ment attachants et authentiques<\/p>\n<p>La construction psychologique d\u2019\u00c9mile passionne par sa complexit\u00e9. Face \u00e0 sa maladie, il d\u00e9veloppe un courage remarquable, refusant de devenir un fardeau pour sa famille. Son humour noir devient un m\u00e9canisme de d\u00e9fense touchant : \u00ab\u00a0Il faut qu\u2019il parte. Et vite. Pendant que tout est presque intact.\u00a0\u00bb Cette lucidit\u00e9 d\u00e9sarmante cr\u00e9e une empathie imm\u00e9diate.<\/p>\n<p>L\u2019\u00e9volution de Joanne s\u2019av\u00e8re tout aussi captivante. Initialement \u00ab\u00a0femme en noir\u00a0\u00bb symbolisant ses blessures, elle progresse vers une renaissance repr\u00e9sent\u00e9e par le blanc. Au contact d\u2019\u00c9mile, ses silences se muent en partages authentiques. Leur relation permet une <strong>transformation mutuelle<\/strong> profonde, chacun aidant l\u2019autre \u00e0 se reconstruire.<\/p>\n<ul>\n<li>L\u2019authenticit\u00e9 des dialogues qui \u00e9vitent tout artifice litt\u00e9raire<\/li>\n<li>La sinc\u00e9rit\u00e9 des \u00e9motions exprim\u00e9es sans pathos excessif<\/li>\n<li>L\u2019imperfection assum\u00e9e des protagonistes loin des h\u00e9ros traditionnels<\/li>\n<li>La justesse psychologique des r\u00e9actions face \u00e0 l\u2019\u00e9preuve<\/li>\n<\/ul>\n<p>Ces personnages imparfaits mais sinc\u00e8res cr\u00e9ent un <strong>lien empathique fort<\/strong> avec le public. Loin des h\u00e9ros lisses, ils incarnent nos propres fragilit\u00e9s et aspirations, rendant leur parcours irr\u00e9sistible.<\/p>\n<p>L\u2019art de faire voyager \u00e0 travers les paysages occitans<\/p>\n<p>Le p\u00e9riple traverse des lieux magiques d\u2019Occitanie qui deviennent de v\u00e9ritables personnages du r\u00e9cit. D\u2019Artigues avec sa cascade d\u2019Arizes au Pic du Midi de Bigorre, de Beaud\u00e9an \u00e0 Eus, chaque \u00e9tape marque l\u2019\u00e2me des protagonistes. Ces <strong>paysages pyr\u00e9n\u00e9ens<\/strong> acqui\u00e8rent une dimension spirituelle particuli\u00e8re sous la plume de M\u00e9lissa Da Costa.<\/p>\n<p>L\u2019auteure excelle dans l\u2019art des descriptions sensorielles qui immergent totalement le lecteur. Peyriac-de-Mer, Gruissan, Lescun\u2026 Ces noms r\u00e9sonnent comme autant d\u2019invitations au voyage. Le r\u00e9cit se transforme en v\u00e9ritable <strong>guide touristique romanc\u00e9<\/strong>, donnant envie de parcourir ces routes occitanes \u00e0 son tour.<\/p>\n<p>Le voyage devient m\u00e9taphore puissante de lib\u00e9ration et de qu\u00eate existentielle. Ces montagnes majestueuses et ces paysages marins contrastent avec la gravit\u00e9 du sujet, apportant une dimension po\u00e9tique essentielle. La nature occitane, avec son authenticit\u00e9 pr\u00e9serv\u00e9e, offre le cadre id\u00e9al pour cette introspection profonde et cette d\u00e9couverte mutuelle des personnages.<\/p>\n<p>Une adaptation t\u00e9l\u00e9visuelle respectueuse de l\u2019\u0153uvre originale<\/p>\n<p>L\u2019adaptation t\u00e9l\u00e9visuelle cor\u00e9alis\u00e9e par TF1 et Netflix repr\u00e9sente un d\u00e9fi consid\u00e9rable. Transposer plus de 800 pages en t\u00e9l\u00e9film de 1h30 exigeait des choix drastiques. Maurice Barth\u00e9l\u00e9my, r\u00e9alisateur chevronn\u00e9, s\u2019entoure d\u2019un casting pertinent avec Hugo Becker incarnant \u00c9mile et Camille Lou donnant vie \u00e0 Joanne.<\/p>\n<p>Le sc\u00e9nario de Claire Lemar\u00e9chal pr\u00e9serve l\u2019essence du livre malgr\u00e9 les libert\u00e9s n\u00e9cessaires. L\u2019empathie pour les protagonistes, c\u0153ur battant de l\u2019\u0153uvre originale, traverse parfaitement l\u2019\u00e9cran. Cette fid\u00e9lit\u00e9 \u00e9motionnelle explique pourquoi l\u2019adaptation enrichit le succ\u00e8s global plut\u00f4t que de le desservir.<\/p>\n<p>La strat\u00e9gie de diffusion simultan\u00e9e t\u00e9l\u00e9vision et streaming maximise l\u2019audience. Diffus\u00e9 le 27 janvier 2025 \u00e0 21h10 sur TF1 et disponible d\u00e8s 9h sur Netflix, le t\u00e9l\u00e9film touche tous les publics. Cette <strong>adaptation respectueuse<\/strong> permet de faire d\u00e9couvrir l\u2019univers de M\u00e9lissa Da Costa \u00e0 ceux qui n\u2019auraient pas franchi le cap de la lecture.<\/p>\n<p>Un style d\u2019\u00e9criture direct qui marque les esprits<\/p>\n<p>Le style de M\u00e9lissa Da Costa s\u00e9duit par sa simplicit\u00e9 apparente qui cache une ma\u00eetrise litt\u00e9raire certaine. Ses phrases courtes et tranchantes cr\u00e9ent un rythme soutenu qui maintient l\u2019attention. L\u2019\u00e9criture directe et immersive \u00e9vite tout artifice inutile pour aller droit au c\u0153ur des \u00e9motions.<\/p>\n<p>Le m\u00e9lange subtil entre m\u00e9lancolie, humour noir et d\u00e9termination donne une couleur unique au r\u00e9cit. Les d\u00e9tails sensoriels \u2013 \u00ab\u00a0Il ne savait pas que \u00e7a pouvait \u00eatre aussi doux de changer une ampoule, de voir sa s\u0153ur sourire\u00a0\u00bb \u2013 conf\u00e8rent une <strong>profondeur \u00e9motionnelle<\/strong> saisissante \u00e0 chaque sc\u00e8ne.<\/p>\n<p>Cette apparente simplicit\u00e9 touche un large public sans sacrifier la profondeur psychologique. L\u2019auteure s\u2019inscrit parfaitement dans la tendance litt\u00e9raire contemporaine du retour \u00e0 l\u2019essentiel. Ses citations marquantes restent grav\u00e9es dans la m\u00e9moire, alimentant un <strong>bouche-\u00e0-oreille positif<\/strong> qui contribue largement au succ\u00e8s ph\u00e9nom\u00e9nal de cette \u0153uvre bouleversante.<\/p>\n<p><img loading=\"lazy\" decoding=\"async\" width=\"150\" height=\"150\" src=\"data:image\/svg+xml,%3Csvg%20xmlns=\" http:=\"\" class=\"attachment-150x150 size-150x150\" alt=\"\" itemprop=\"image\" data-lazy- data-lazy- data-lazy-src=\"https:\/\/www.europesays.com\/fr\/wp-content\/uploads\/2025\/04\/img2-150x150.png\"\/><\/p>\n<p>Je suis Adrien, r\u00e9dacteur virtuel depuis quelques ann\u00e9es. J&rsquo;aime pouvoir partager avec vous les tendances Lifestyle sur le blog News Of Marseille. J&rsquo;esp\u00e8re que vous prendrez plaisir \u00e0 lire mes articles !<\/p>\n<p>Partagez l&rsquo;article ou suivez nous !<\/p>\n<p>\n\tNos images sont \u00e0 but illustratif et peuvent ne pas repr\u00e9senter la r\u00e9alit\u00e9<\/p>\n","protected":false},"excerpt":{"rendered":"Je ne peux que constater l\u2019ampleur du ph\u00e9nom\u00e8ne litt\u00e9raire que repr\u00e9sente Tout le bleu du ciel de M\u00e9lissa&hellip;\n","protected":false},"author":2,"featured_media":455772,"comment_status":"","ping_status":"","sticky":false,"template":"","format":"standard","meta":{"footnotes":""},"categories":[1357],"tags":[58103,58104,58105,1379,58,59,1011,27,1380],"class_list":{"0":"post-455771","1":"post","2":"type-post","3":"status-publish","4":"format-standard","5":"has-post-thumbnail","7":"category-livres","8":"tag-acces-a-lactualite-litteraire","9":"tag-acces-a-ladaptation-televisuelle","10":"tag-acces-a-lanalyse-des-adaptations-televisuelles","11":"tag-books","12":"tag-divertissement","13":"tag-entertainment","14":"tag-fr","15":"tag-france","16":"tag-livres"},"share_on_mastodon":{"url":"https:\/\/pubeurope.com\/@fr\/115357278902337730","error":""},"_links":{"self":[{"href":"https:\/\/www.europesays.com\/fr\/wp-json\/wp\/v2\/posts\/455771","targetHints":{"allow":["GET"]}}],"collection":[{"href":"https:\/\/www.europesays.com\/fr\/wp-json\/wp\/v2\/posts"}],"about":[{"href":"https:\/\/www.europesays.com\/fr\/wp-json\/wp\/v2\/types\/post"}],"author":[{"embeddable":true,"href":"https:\/\/www.europesays.com\/fr\/wp-json\/wp\/v2\/users\/2"}],"replies":[{"embeddable":true,"href":"https:\/\/www.europesays.com\/fr\/wp-json\/wp\/v2\/comments?post=455771"}],"version-history":[{"count":0,"href":"https:\/\/www.europesays.com\/fr\/wp-json\/wp\/v2\/posts\/455771\/revisions"}],"wp:featuredmedia":[{"embeddable":true,"href":"https:\/\/www.europesays.com\/fr\/wp-json\/wp\/v2\/media\/455772"}],"wp:attachment":[{"href":"https:\/\/www.europesays.com\/fr\/wp-json\/wp\/v2\/media?parent=455771"}],"wp:term":[{"taxonomy":"category","embeddable":true,"href":"https:\/\/www.europesays.com\/fr\/wp-json\/wp\/v2\/categories?post=455771"},{"taxonomy":"post_tag","embeddable":true,"href":"https:\/\/www.europesays.com\/fr\/wp-json\/wp\/v2\/tags?post=455771"}],"curies":[{"name":"wp","href":"https:\/\/api.w.org\/{rel}","templated":true}]}}