{"id":455773,"date":"2025-10-11T19:52:14","date_gmt":"2025-10-11T19:52:14","guid":{"rendered":"https:\/\/www.europesays.com\/fr\/455773\/"},"modified":"2025-10-11T19:52:14","modified_gmt":"2025-10-11T19:52:14","slug":"deux-enqueteurs-de-mask-singer-ont-quitte-le-plateau-apres-quune-star-a-ete-demasquee-ils-etaient-contre-la-presence-de-cette-personnalite","status":"publish","type":"post","link":"https:\/\/www.europesays.com\/fr\/455773\/","title":{"rendered":"Deux enqu\u00eateurs de Mask Singer ont quitt\u00e9 le plateau apr\u00e8s qu&rsquo;une star a \u00e9t\u00e9 d\u00e9masqu\u00e9e : ils \u00e9taient contre la pr\u00e9sence de cette personnalit\u00e9"},"content":{"rendered":"<p>            <img loading=\"lazy\" decoding=\"async\" src=\"https:\/\/www.europesays.com\/fr\/wp-content\/uploads\/2025\/04\/49-60dc2c1e154d9-35x35-1.jpg\" class=\"author-article-picture\" width=\"35\" height=\"35\"\/><\/p>\n<p>                Par<br \/>\n                                    <a class=\"author-article-bio-link\" href=\"https:\/\/www.purepeople.com\/auteur\/anouchka-volkov_a49\" rel=\"nofollow noopener\" target=\"_blank\">Anouchka Volkov<\/a><br \/>\n                                                    | R\u00e9dactrice<\/p>\n<p>\n                Anouchka m\u00e8ne l\u2019enqu\u00eate pour d\u00e9nicher et trouver tous les scoops li\u00e9s aux stars.\n            <\/p>\n<p>\n    Un moment de tension in\u00e9dit dans \u00ab\u00a0Mask Singer\u00a0\u00bb, alors que TF1 diffuse ce samedi soir le quart de finale de la saison 8. Aux Etats-Unis, une c\u00e9l\u00e9brit\u00e9 inattendue a \u00e9t\u00e9 d\u00e9masqu\u00e9e, provoquant le d\u00e9part de deux enqu\u00eateurs phares de l\u2019\u00e9mission pour manifester leur d\u00e9saccord face \u00e0 cette personnalit\u00e9 controvers\u00e9e.\n<\/p>\n<p>                            <img loading=\"lazy\" decoding=\"async\" class=\"player-thumbnail\" src=\"https:\/\/www.europesays.com\/fr\/wp-content\/uploads\/2025\/10\/fde9e9f41fd800ad-580x326-1.jpg\" width=\"580\" height=\"326\"\/><\/p>\n<p>                    Deux enqu\u00eateurs de Mask Singer ont quitt\u00e9 le plateau apr\u00e8s qu&rsquo;une star a \u00e9t\u00e9 d\u00e9masqu\u00e9e : ils \u00e9taient contre la pr\u00e9sence de cette personnalit\u00e9<\/p>\n<p>La suite apr\u00e8s la publicit\u00e9<\/p>\n<p>En 2022, deux jur\u00e9s de <a href=\"https:\/\/www.purepeople.com\/article\/mask-singer-deja-de-retour-avec-une-8e-saison-enqueteurs-nouveaux-costumes-stars-internationales-tout-ce-qu-il-faut-savoir_a541616\/1\" rel=\"nofollow noopener\" target=\"_blank\">Mask Singer<\/a> avaient d\u00e9cid\u00e9 de quitter le plateau apr\u00e8s qu&rsquo;un candidat a r\u00e9v\u00e9l\u00e9 son identit\u00e9.<strong> Il s&rsquo;agissait de Rudy Giuliani, ancien maire de New York et avocat du pr\u00e9sident am\u00e9ricain, connu pour avoir affirm\u00e9 que l&rsquo;\u00e9lection pr\u00e9sidentielle de 2020 avait \u00e9t\u00e9 vol\u00e9e \u00e0 Donald Trump. <\/strong>Un personnage qui ne plaisait visiblement pas aux juges Ken Jeong et <a href=\"https:\/\/www.purepeople.com\/people\/robin-thicke_p2729\" rel=\"nofollow noopener\" target=\"_blank\">Robin Thicke<\/a> qui ont rapidement quitt\u00e9 le plateau en signe de protestation.\u00a0<\/p>\n<p>De leur c\u00f4t\u00e9, les autres juges Jenny McCarthy et <a href=\"https:\/\/www.purepeople.com\/people\/nicole-scherzinger_p1159\" rel=\"nofollow noopener\" target=\"_blank\">Nicole Scherzinger <\/a>\u00e9taient rest\u00e9es \u00e0 leurs places. \u00ab\u00a0Avec toute la controverse qui vous entoure, je pense que \u00e7a nous surprend tous que vous soyez ici, dans Mask Singer\u00a0\u00bb, s&rsquo;\u00e9tait aussi \u00e9tonn\u00e9 le pr\u00e9sentateur de l\u2019\u00e9mission. Rudy Giuliani avait ensuite expliqu\u00e9 avoir particip\u00e9 en l&rsquo;honneur de sa petite fille Grace. Il avait repris le titre Bad To The Bone sur le plateau. La chaine Fox n&rsquo;avait \u00e0 l&rsquo;\u00e9poque pas fait de commentaires. Vous pouvez revoir cette sc\u00e8ne ci-dessous.<\/p>\n<p>Rudy Giuiliani d\u00e9cor\u00e9 par Donald Trump<\/p>\n<p>Pour rappel, Rudy Giuiliani avait d\u00e9nonc\u00e9 un \u00ab\u00a0appareil d\u00e9mocrate d\u00e9cr\u00e9pi et corrompu\u00a0\u00bb suite \u00e0 la pr\u00e9sidentielle am\u00e9ricaine de 2020 lorsque <a href=\"https:\/\/www.purepeople.com\/people\/joe-biden_p544360\" rel=\"nofollow noopener\" target=\"_blank\">Joe Biden<\/a> avait \u00e9t\u00e9 \u00e9lu. Il y a un mois, Donald Trump lui a remis la m\u00e9daille pr\u00e9sidentielle de la Libert\u00e9. Il le consid\u00e8re d&rsquo;ailleurs comme le \u00ab\u00a0plus grand maire de l\u2019histoire de New\u00a0York et un tout aussi grand patriote am\u00e9ricain\u00a0\u00bb.\u00a0<\/p>\n<p>Une r\u00e9compense qui \u00e9tait d\u00e9cern\u00e9e juste apr\u00e8s que Rudy Giuliani ait \u00e9t\u00e9 victime d&rsquo;un accident de la route dans le New\u00a0Hampshire qui lui a valu une fracture vert\u00e9brale et d\u2019autres blessures. Par le pass\u00e9, il avait \u00e9galement fait la couverture de <a href=\"https:\/\/www.purepeople.com\/article\/les-meilleurs-et-les-pires-films-de-2012-selon-time-magazine_a111468\/1\" rel=\"nofollow noopener\" target=\"_blank\">Time Magazine <\/a>car il \u00e9tait maire de New York au moment des <a href=\"https:\/\/www.purepeople.com\/article\/keira-knightley-richard-gere-et-eric-bana-tourmentes-par-les-attentats-du-11-septembre_a52774\/1\" rel=\"nofollow noopener\" target=\"_blank\">attentats du 11 septembre<\/a>.<\/p>\n<p>Selon le m\u00e9dia Deadline, ce n&rsquo;est pas la premi\u00e8re fois que l&rsquo;\u00e9mission Mask Singer version USA cr\u00e9ait la pol\u00e9mique puisque le programme avait suscit\u00e9 beaucoup de critiques lorsqu&rsquo;une autre politicienne r\u00e9publicaine controvers\u00e9e, <a href=\"https:\/\/www.purepeople.com\/article\/masked-singer-sarah-palin-se-lance-dans-un-rap-endiable_a379046\/1\" rel=\"nofollow noopener\" target=\"_blank\">Sarah Palin<\/a>, avait \u00e9t\u00e9 d\u00e9voil\u00e9e comme \u00e9tant l&rsquo;Ours mais aussi l&rsquo;ancien secr\u00e9taire de presse de la Maison Blanche de Donald Trump, Sean Spicer, avait suscit\u00e9 la controverse lors de son apparition dans Danse avec les stars sur ABC en 2019.<\/p>\n","protected":false},"excerpt":{"rendered":"Par Anouchka Volkov | R\u00e9dactrice Anouchka m\u00e8ne l\u2019enqu\u00eate pour d\u00e9nicher et trouver tous les scoops li\u00e9s aux stars.&hellip;\n","protected":false},"author":2,"featured_media":455774,"comment_status":"","ping_status":"","sticky":false,"template":"","format":"standard","meta":{"footnotes":""},"categories":[1356],"tags":[58,59,1011,27,252,1364],"class_list":{"0":"post-455773","1":"post","2":"type-post","3":"status-publish","4":"format-standard","5":"has-post-thumbnail","7":"category-television","8":"tag-divertissement","9":"tag-entertainment","10":"tag-fr","11":"tag-france","12":"tag-television","13":"tag-tv"},"share_on_mastodon":{"url":"https:\/\/pubeurope.com\/@fr\/115357283435184671","error":""},"_links":{"self":[{"href":"https:\/\/www.europesays.com\/fr\/wp-json\/wp\/v2\/posts\/455773","targetHints":{"allow":["GET"]}}],"collection":[{"href":"https:\/\/www.europesays.com\/fr\/wp-json\/wp\/v2\/posts"}],"about":[{"href":"https:\/\/www.europesays.com\/fr\/wp-json\/wp\/v2\/types\/post"}],"author":[{"embeddable":true,"href":"https:\/\/www.europesays.com\/fr\/wp-json\/wp\/v2\/users\/2"}],"replies":[{"embeddable":true,"href":"https:\/\/www.europesays.com\/fr\/wp-json\/wp\/v2\/comments?post=455773"}],"version-history":[{"count":0,"href":"https:\/\/www.europesays.com\/fr\/wp-json\/wp\/v2\/posts\/455773\/revisions"}],"wp:featuredmedia":[{"embeddable":true,"href":"https:\/\/www.europesays.com\/fr\/wp-json\/wp\/v2\/media\/455774"}],"wp:attachment":[{"href":"https:\/\/www.europesays.com\/fr\/wp-json\/wp\/v2\/media?parent=455773"}],"wp:term":[{"taxonomy":"category","embeddable":true,"href":"https:\/\/www.europesays.com\/fr\/wp-json\/wp\/v2\/categories?post=455773"},{"taxonomy":"post_tag","embeddable":true,"href":"https:\/\/www.europesays.com\/fr\/wp-json\/wp\/v2\/tags?post=455773"}],"curies":[{"name":"wp","href":"https:\/\/api.w.org\/{rel}","templated":true}]}}