{"id":455775,"date":"2025-10-11T19:53:18","date_gmt":"2025-10-11T19:53:18","guid":{"rendered":"https:\/\/www.europesays.com\/fr\/455775\/"},"modified":"2025-10-11T19:53:18","modified_gmt":"2025-10-11T19:53:18","slug":"zakk-wylde-confie-quil-ne-sattendait-pas-a-la-mort-dozzy-osbourne","status":"publish","type":"post","link":"https:\/\/www.europesays.com\/fr\/455775\/","title":{"rendered":"Zakk Wylde confie qu\u2019il ne s\u2019attendait pas \u00e0 la mort d\u2019Ozzy Osbourne"},"content":{"rendered":"<p><strong>Zakk Wylde s\u2019est exprim\u00e9 pour la premi\u00e8re fois depuis la disparition d\u2019<a href=\"https:\/\/www.metalzone.fr\/ozzy-osbourne\/\" rel=\"nofollow noopener\" target=\"_blank\">Ozzy Osbourne<\/a>, son ami de toujours et mentor. Dans un hommage \u00e9mouvant, le guitariste salue la force int\u00e9rieure d\u2019Ozzy, \u00e9voque leur dernier \u00e9change et mesure l\u2019empreinte durable de leur lien, tandis que <a href=\"https:\/\/www.metalzone.fr\/black-label-society\/\" rel=\"nofollow noopener\" target=\"_blank\">Black Label Society<\/a> poursuit sa route.<\/strong><\/p>\n<p>\u201cIl n\u2019a jamais l\u00e2ch\u00e9\u201d : Zakk Wylde se confie sur Ozzy<\/p>\n<p>Pr\u00e8s de trois mois apr\u00e8s la mort d\u2019Ozzy Osbourne, Zakk Wylde a livr\u00e9 ses premiers mots publics sur son ancien acolyte dans une interview accord\u00e9e au <a href=\"https:\/\/www.latimes.com\/entertainment-arts\/music\/story\/2025-10-09\/zakk-wylde-remembers-ozzy-osbourne-he-had-the-biggest-heart\" target=\"_blank\" rel=\"noopener nofollow\">Los Angeles Times<\/a>. Le guitariste, qui a rejoint Ozzy en 1987, dit rester marqu\u00e9 par la r\u00e9silience hors du commun de l\u2019ic\u00f4ne <a href=\"https:\/\/www.metalzone.fr\/heavy-metal\/\" rel=\"nofollow noopener\" target=\"_blank\">metal<\/a> : \u201cCe qui m\u2019a toujours frapp\u00e9, c\u2019est sa fa\u00e7on d\u2019avancer quoi qu\u2019il arrive\u201d.<\/p>\n<p>Wylde revient sur les \u00e9preuves travers\u00e9es par le chanteur \u2014 son \u00e9viction de <a href=\"https:\/\/www.metalzone.fr\/black-sabbath\/\" rel=\"nofollow noopener\" target=\"_blank\">Black Sabbath<\/a>, la perte de Randy Rhoads, la maladie \u2014 et la mani\u00e8re dont Ozzy les a affront\u00e9es : \u201cM\u00eame quand sa voix \u00e9tait au plus mal sur sc\u00e8ne, il trouvait l\u2019\u00e9nergie pour tout donner. Jusqu\u2019au dernier show, il s\u2019est accroch\u00e9\u201d. Il ajoute : \u201cJe lui ai dit apr\u00e8s le concert : \u2018Tu n\u2019as jamais l\u00e2ch\u00e9, mec. Tu as \u00e9t\u00e9 g\u00e9nial&rsquo;\u201d.<\/p>\n<p>Un lien personnel fort, jusqu\u2019au bout<\/p>\n<p>Le 5 juillet dernier, Zakk Wylde participait au concert Back To The Beginning \u00e0 Birmingham, ultime performance d\u2019Ozzy devant 42\u00a0000 personnes. Deux semaines plus tard, le \u201cPrince des T\u00e9n\u00e8bres\u201d s\u2019\u00e9teignait \u00e0 76 ans. Zakk n\u2019imaginait pas que ce moment serait leur dernier : \u201cJe ne pensais pas que ce serait la fin. On jouait, on \u00e9tait dans l\u2019instant, et je me disais qu\u2019on se reverrait vite pour d\u2019autres shows, au coup par coup\u201d.<\/p>\n<p>Le dernier message qu\u2019il a re\u00e7u d\u2019Ozzy \u00e9tait empreint de tendresse et de gratitude : \u201cZakky, d\u00e9sol\u00e9, c\u2019\u00e9tait le chaos en loge. Je ne t\u2019ai pas vu. Merci pour tout. Je t\u2019aime, mon pote\u201d. Pour Zakk, Ozzy restera toujours plus qu\u2019un artiste : \u201cIl r\u00e9unissait le meilleur de l\u2019humain : un c\u0153ur en or, une g\u00e9n\u00e9rosit\u00e9 immense et une force incroyable\u201d.<\/p>\n<p>Black Label Society continue d\u2019avancer<\/p>\n<p>En parall\u00e8le, Zakk Wylde reste actif. Son groupe, Black Label Society, a d\u00e9voil\u00e9 cette semaine un nouveau single percutant, <a href=\"https:\/\/www.metalzone.fr\/news\/222019-black-label-society-broken-and-blind\/\" rel=\"nofollow noopener\" target=\"_blank\">Broken And Blind<\/a>, en amont d\u2019un album attendu d\u00e9but 2026. Le morceau, accompagn\u00e9 d\u2019un clip sign\u00e9 Justin Reich, marque un retour sonore puissant, avec l\u2019humour typique du guitariste : \u201c\u00c7a parle du d\u00e9sespoir que je ressens quand je n\u2019ai plus de beurre de cacahu\u00e8te ni de chocolat\u201d, plaisante-t-il dans un communiqu\u00e9 de presse.<\/p>\n<p>M\u00eame si les tourn\u00e9es sont en pause (en raison des engagements de Zakk avec <a href=\"https:\/\/www.metalzone.fr\/pantera\/\" rel=\"nofollow noopener\" target=\"_blank\">Pantera<\/a>), le groupe encha\u00eene en studio, avec une s\u00e9rie de titres appel\u00e9e \u00e0 sortir progressivement jusqu\u2019\u00e0 la reprise de la sc\u00e8ne pr\u00e9vue l\u2019ann\u00e9e prochaine.<\/p>\n<p>Broken And Blind de Black Label Society :<\/p>\n","protected":false},"excerpt":{"rendered":"Zakk Wylde s\u2019est exprim\u00e9 pour la premi\u00e8re fois depuis la disparition d\u2019Ozzy Osbourne, son ami de toujours et&hellip;\n","protected":false},"author":2,"featured_media":455776,"comment_status":"","ping_status":"","sticky":false,"template":"","format":"standard","meta":{"footnotes":""},"categories":[1355],"tags":[58,59,1011,27,1361,873],"class_list":{"0":"post-455775","1":"post","2":"type-post","3":"status-publish","4":"format-standard","5":"has-post-thumbnail","7":"category-musique","8":"tag-divertissement","9":"tag-entertainment","10":"tag-fr","11":"tag-france","12":"tag-music","13":"tag-musique"},"share_on_mastodon":{"url":"https:\/\/pubeurope.com\/@fr\/115357286738450952","error":""},"_links":{"self":[{"href":"https:\/\/www.europesays.com\/fr\/wp-json\/wp\/v2\/posts\/455775","targetHints":{"allow":["GET"]}}],"collection":[{"href":"https:\/\/www.europesays.com\/fr\/wp-json\/wp\/v2\/posts"}],"about":[{"href":"https:\/\/www.europesays.com\/fr\/wp-json\/wp\/v2\/types\/post"}],"author":[{"embeddable":true,"href":"https:\/\/www.europesays.com\/fr\/wp-json\/wp\/v2\/users\/2"}],"replies":[{"embeddable":true,"href":"https:\/\/www.europesays.com\/fr\/wp-json\/wp\/v2\/comments?post=455775"}],"version-history":[{"count":0,"href":"https:\/\/www.europesays.com\/fr\/wp-json\/wp\/v2\/posts\/455775\/revisions"}],"wp:featuredmedia":[{"embeddable":true,"href":"https:\/\/www.europesays.com\/fr\/wp-json\/wp\/v2\/media\/455776"}],"wp:attachment":[{"href":"https:\/\/www.europesays.com\/fr\/wp-json\/wp\/v2\/media?parent=455775"}],"wp:term":[{"taxonomy":"category","embeddable":true,"href":"https:\/\/www.europesays.com\/fr\/wp-json\/wp\/v2\/categories?post=455775"},{"taxonomy":"post_tag","embeddable":true,"href":"https:\/\/www.europesays.com\/fr\/wp-json\/wp\/v2\/tags?post=455775"}],"curies":[{"name":"wp","href":"https:\/\/api.w.org\/{rel}","templated":true}]}}