{"id":455777,"date":"2025-10-11T19:54:23","date_gmt":"2025-10-11T19:54:23","guid":{"rendered":"https:\/\/www.europesays.com\/fr\/455777\/"},"modified":"2025-10-11T19:54:23","modified_gmt":"2025-10-11T19:54:23","slug":"dracula-de-radu-jude-le-film-monstre-dun-mordu-de-cinema","status":"publish","type":"post","link":"https:\/\/www.europesays.com\/fr\/455777\/","title":{"rendered":"\u00ab\u00a0Dracula\u00a0\u00bb de Radu Jude, le film monstre d&rsquo;un mordu de cin\u00e9ma"},"content":{"rendered":"\n<p class=\"c-chapo \">\n  Le cin\u00e9aste roumain revisite le mythe de Dracula \u00e0 l\u2019heure de l&rsquo;IA, \u00e0 sa fa\u00e7on, outranci\u00e8re, corrosive et passionn\u00e9ment cin\u00e9phile.\n<\/p>\n<p>      lire plus tard<\/p>\n<p id=\"dialog__title\" class=\"dialog__title\">Pour sauvegarder cet article, connectez-vous ou cr\u00e9ez un compte franceinfo<\/p>\n<p class=\"dialog__description\">Sans paiement. Sans abonnement.<\/p>\n<p>        Fermer la fen\u00eatre d\u2019activation des notifications France Info<\/p>\n<p>      cr\u00e9er votre compte<\/p>\n<p>      se connecter<\/p>\n<p>        Fermer la fen\u00eatre de pr\u00e9sentation<\/p>\n<p>    <img decoding=\"async\" class=\"signature__image\" width=\"44\" height=\"44\"  alt=\"\" src=\"https:\/\/www.franceinfo.fr\/assets\/common\/images\/galaxie-icons\/avatar-e7320e16.svg\" fetchpriority=\"high\"\/><\/p>\n<p>          France T\u00e9l\u00e9visions &#8211; R\u00e9daction Culture<\/p>\n<p>    Publi\u00e9 le 11\/10\/2025 14:19<\/p>\n<p>        Temps de lecture : 6min<\/p>\n<p>    <img decoding=\"async\"  alt=\"Image du film &quot;Dracula&quot; de Radu Jude. (METEORE FILMS)\" width=\"432\" height=\"243\" src=\"https:\/\/www.europesays.com\/fr\/wp-content\/uploads\/2025\/10\/image-1-dracula-68e8e52219320124761558.jpg\" fetchpriority=\"high\"\/><\/p>\n<p>      Image du film \u00ab\u00a0Dracula\u00a0\u00bb de Radu Jude. (METEORE FILMS)<\/p>\n<p>\u00c0 48\u00a0ans, Radu Jude a d\u00e9j\u00e0 une filmographie bien remplie avec des documentaires, des courts-m\u00e9trages et d\u00e9sormais 14\u00a0longs-m\u00e9trages dont certains tr\u00e8s remarqu\u00e9s. <a href=\"https:\/\/www.franceinfo.fr\/culture\/cinema\/festival-de-berlin\/berlinale-2021-l-ours-d-or-au-roumain-radu-jude-pour-bad-luck-banging-or-loony-porn-tourne-avec-masques-en-plein-covid_4321241.html\" rel=\"nofollow noopener\" target=\"_blank\">Bad Luck Banging or Loony Porn<\/a> a re\u00e7u l&rsquo;Ours d&rsquo;or de la Berlinale en 2021. Deux ans plus tard, <a href=\"https:\/\/www.radiofrance.fr\/franceinter\/podcasts\/un-monde-nouveau\/un-monde-nouveau-du-lundi-07-aout-2023-9355957\" target=\"_blank\" rel=\"noopener nofollow\">N&rsquo;attendez pas trop de la fin du monde<\/a> \u00e9tait r\u00e9compens\u00e9 au Festival de Locarno. Dracula a \u00e9t\u00e9 tourn\u00e9 en m\u00eame temps, avec la m\u00eame \u00e9quipe et dans les m\u00eames conditions \u2013\u00a0au smartphone et en conditions naturelles\u00a0\u2013 que <a href=\"https:\/\/www.franceinfo.fr\/culture\/cinema\/sorties-de-films\/dans-kontinental-25-le-cineaste-roumain-radu-jude-entraine-le-spectateur-dans-le-labyrinthe-de-la-culpabilite_7506889.html\" rel=\"nofollow noopener\" target=\"_blank\">Kontinental&rsquo;25<\/a> (Ours d&rsquo;argent du meilleur sc\u00e9nario \u00e0 la Berlinale\u00a02025).<\/p>\n<p> Cette interpr\u00e9tation tr\u00e8s libre du mythe du c\u00e9l\u00e8bre vampire sera pr\u00e9sent\u00e9e en avant-premi\u00e8re samedi\u00a011\u00a0octobre en cl\u00f4ture de la r\u00e9trospective int\u00e9grale consacr\u00e9e \u00e0 Radu Jude par le Centre Pompidou (hors les murs) et le mk2\u00a0Biblioth\u00e8que. Ce film sera sur les \u00e9crans mercredi\u00a015\u00a0octobre.<\/p>\n<p>R\u00e9sumer l&rsquo;histoire de Dracula n&rsquo;est pas une mince affaire. On croit suivre les m\u00e9saventures d&rsquo;un acteur interpr\u00e9tant Dracula (Gabriel Spahiu) dans un cabaret assez minable de Transylvanie. \u00c0 la fin de chaque repr\u00e9sentation, les spectateurs empoignent de vrais pieux en bois et poursuivent l&rsquo;acteur dans les rues de la ville pour le tuer. En parall\u00e8le, on s&rsquo;int\u00e9resse \u00e0 un jeune cin\u00e9aste (Adonis Tanta), bien en peine d&rsquo;\u00e9crire un sc\u00e9nario sur le c\u00e9l\u00e8bre vampire\u00a0: il d\u00e9cide de recourir \u00e0 une fausse\u00a0IA, dont la cr\u00e9ativit\u00e9 d\u00e9brid\u00e9e embarque le film dans une multitude de directions.<\/p>\n<p>Personnage du roman de Bram Stoker publi\u00e9 \u00e0 la fin du XXe\u00a0si\u00e8cle, Dracula est une star de cin\u00e9ma, dont le passage au grand \u00e9cran a donn\u00e9 le pire (<a href=\"https:\/\/www.franceinfo.fr\/culture\/cinema\/sorties-de-films\/dracula-a-love-tale-luc-besson-s-empare-du-roman-de-bram-stoker-et-bascule-dans-le-cliche_7392076.html\" rel=\"nofollow noopener\" target=\"_blank\">Dracula: A Love Tale<\/a> de Luc Besson) comme le meilleur, on se souvient de la version de Tod Browning avec Bega Lugosi, celles produites par le studio Hammer avec Christopher Lee et l&rsquo;interpr\u00e9tation de Gary Oldman dans celle de Francis Ford Coppola. Personnage historique dont est tir\u00e9 le mythe, Vlad\u00a0III dit l&rsquo;Empaleur est originaire de Transylvanie, tout comme Radu Jude. Cela lui a donn\u00e9 l&rsquo;id\u00e9e d&rsquo;en livrer sa propre version. Comme dans chacun de ses films, il en profite pour d\u00e9crire la soci\u00e9t\u00e9 roumaine contemporaine, son rapport \u00e0 l&rsquo;histoire et son obsession pour l&rsquo;argent, en l&rsquo;esp\u00e8ce le tourisme autour de Dracula ou comment on peut tirer profit de tout ce qui touche au vampire.<\/p>\n<p>D\u00e8s le d\u00e9but du film, le personnage du cin\u00e9aste face \u00e0 sa page blanche r\u00e9sume les r\u00e8gles de tout film de vampire. Dans ce genre de film de genre, il faut des poursuites, des \u00e9motions, de l&rsquo;horreur, du sexe et de l&rsquo;humour. Force est de reconna\u00eetre que la promesse est tenue\u00a0!<\/p>\n<p>Pendant pr\u00e8s de 3\u00a0heures, Radu Jude tresse deux fils rouge sang, l&rsquo;histoire du com\u00e9dien poursuivi et celle du cin\u00e9aste en panne, avec toutes les digressions qui d\u00e9coulent des propositions de l&rsquo;IA. Pas de structure dramatique classique, ni d&rsquo;\u00e9volution des personnages dans cette fiction. Le cin\u00e9aste a eu pour objectif de \u00ab\u00a0raconter quelque chose, montrer quelque chose, \u00e0 fabriquer du plaisir \u00e0 travers des images, m\u00eame le plaisir de raconter des histoires stupides. L&rsquo;histoire du cin\u00e9ma est pleine d&rsquo;histoires stupides.\u00a0\u00bb<\/p>\n<p>Ainsi Radu Jude chahute-t-il la narration, juxtapose les images tourn\u00e9es au smartphone, animations ou g\u00e9n\u00e9r\u00e9es par IA, charcute son film en tous sens et s&rsquo;il y en a un peu plus, il le laisse. Il n&rsquo;a pas peur du grand guignol, le magasin de farces et attrapes a \u00e9t\u00e9 d\u00e9valis\u00e9 et les r\u00e9serves de faux sang largement \u00e9puis\u00e9es. Mais derri\u00e8re la mascarade et la gaudriole, la culture de cet \u00e9rudit est omnipr\u00e9sente. Explicites ou cach\u00e9es, les r\u00e9f\u00e9rences culturelles sont aussi nombreuses que les chauves-souris s&rsquo;envolant hors de leur grotte le soir venu. Murnau, Dreyer, Fritz Lang, Sergio Leone, Coppola et Godard dont il s&rsquo;inspire des collages visuels. Citons aussi Warhol pour sa fa\u00e7on de laisser la vie r\u00e9elle entrer dans le cadre, anachronismes compris.<\/p>\n<p>Face \u00e0 l&rsquo;av\u00e8nement de l&rsquo;IA, il y a deux camps, ceux qui y voient l&rsquo;avenir de l&rsquo;humanit\u00e9 et ceux qui pensent que cela signe sa fin. Radu Jude appartient \u00e0 la troisi\u00e8me\u00a0! Pour les sc\u00e8nes que le budget limit\u00e9 ne permettait pas de tourner, Radu Jude a eu recours \u00e0 des logiciels d&rsquo;intelligence artificielle bon march\u00e9.<\/p>\n<p>\u00ab\u00a0Le monde du cin\u00e9ma est contre l&rsquo;IA\u00a0\u2013 moi non. M\u00eame si je connais tous les probl\u00e8mes que cela pose. Mais je pense qu&rsquo;elle doit \u00eatre trait\u00e9e comme un outil de travail. Je l&rsquo;ai d\u00e9j\u00e0 fait, d&rsquo;ailleurs avec Vlaicu Golcea, pour Dracula, o\u00f9 on a choisi les pires images g\u00e9n\u00e9r\u00e9es par les logiciels d&rsquo;IA.\u00a0\u00bb (Extrait de Radu Jude. La fin du cin\u00e9ma peut attendre. Ouvrage collectif. \u00c9ditions de l&rsquo;\u0152il, 2025)<\/p>\n<p>Le choix des images les plus rat\u00e9es leur conf\u00e8re un puissant effet comique, sorte de revanche des humains sur les machines. Plus encore, le r\u00e9alisateur voit en Dracula une m\u00e9taphore de l&rsquo;IA\u00a0: comme lui, \u00ab\u00a0elle se nourrit des autres sans demander la permission. Elle est parasitaire par nature. Cela avait tout son sens\u00a0\u00bb. Avec ses morceaux rapi\u00e9c\u00e9s et ses gesticulations convulsives, Dracula ressemble plut\u00f4t \u00e0 une autre cr\u00e9ature mythique\u00a0: Frankenstein. Radu Jude aimerait d&rsquo;ailleurs en livrer un jour une version roumaine. Esp\u00e9rons que cela ne reste pas un v\u0153u pieux.<\/p>\n<p>    <img loading=\"lazy\" decoding=\"async\" class=\"cms-media-image lazyload\" alt=\"Affiche de \" dracula=\"\" de=\"\" radu=\"\" jude.=\"\" width=\"720\" height=\"1080\" data- src=\"https:\/\/www.europesays.com\/fr\/wp-content\/uploads\/2025\/10\/t0w8it3i-68e8e3b8503b2226945428.jpg\"\/><\/p>\n<p>      Affiche de \u00ab\u00a0Dracula\u00a0\u00bb de Radu Jude. (DR)<\/p>\n<p><strong>Genre\u00a0:<\/strong> Tragicom\u00e9die<br \/><strong>R\u00e9alisation\u00a0:<\/strong> Radu Jude<br \/><strong>Avec\u00a0:<\/strong> Adonis Tanta, Gabriel Spahiu, Oana Maria Zaharia<br \/><strong>Pays\u00a0:<\/strong> Roumanie<br \/><strong>Dur\u00e9e\u00a0:<\/strong> 2h50<br \/><strong>Sortie\u00a0:<\/strong> 15 octobre 2025<br \/><strong>Distributeur\u00a0: <\/strong>M\u00e9t\u00e9ore Films<br \/><strong>Synopsis\u00a0:<\/strong> Un acteur incarnant Dracula dans un restaurant de Transylvanie s&rsquo;enfuit de la repr\u00e9sentation, poursuivi par les clients et les propri\u00e9taires d\u00e9sireux de tuer le \u00ab\u00a0vampire\u00a0\u00bb. Parall\u00e8lement, un jeune cin\u00e9aste met sa cr\u00e9ativit\u00e9 \u00e0 l&rsquo;\u00e9preuve des possibilit\u00e9s illimit\u00e9es d&rsquo;une fausse\u00a0IA, cr\u00e9ant un m\u00e9lange surprenant d&rsquo;histoires diverses, d&rsquo;hier et d&rsquo;aujourd&rsquo;hui, sur le mythe originel de Dracula.<\/p>\n<p>Jusqu&rsquo;au 18\u00a0octobre\u00a02025, <a href=\"https:\/\/www.centrepompidou.fr\/fr\/lieu\/mk2-bibliotheque-x-centre-pompidou\" target=\"_blank\" rel=\"noopener nofollow\">une r\u00e9trospective Radu Jude<\/a> est pr\u00e9sent\u00e9e au mk2 Biblioth\u00e8que\u00a0x\u00a0Centre Pompidou.<\/p>\n","protected":false},"excerpt":{"rendered":"Le cin\u00e9aste roumain revisite le mythe de Dracula \u00e0 l\u2019heure de l&rsquo;IA, \u00e0 sa fa\u00e7on, outranci\u00e8re, corrosive et&hellip;\n","protected":false},"author":2,"featured_media":455778,"comment_status":"","ping_status":"","sticky":false,"template":"","format":"standard","meta":{"footnotes":""},"categories":[1354],"tags":[58,59,1346,1011,27,1360],"class_list":{"0":"post-455777","1":"post","2":"type-post","3":"status-publish","4":"format-standard","5":"has-post-thumbnail","7":"category-films","8":"tag-divertissement","9":"tag-entertainment","10":"tag-films","11":"tag-fr","12":"tag-france","13":"tag-movies"},"share_on_mastodon":{"url":"https:\/\/pubeurope.com\/@fr\/115357291357465733","error":""},"_links":{"self":[{"href":"https:\/\/www.europesays.com\/fr\/wp-json\/wp\/v2\/posts\/455777","targetHints":{"allow":["GET"]}}],"collection":[{"href":"https:\/\/www.europesays.com\/fr\/wp-json\/wp\/v2\/posts"}],"about":[{"href":"https:\/\/www.europesays.com\/fr\/wp-json\/wp\/v2\/types\/post"}],"author":[{"embeddable":true,"href":"https:\/\/www.europesays.com\/fr\/wp-json\/wp\/v2\/users\/2"}],"replies":[{"embeddable":true,"href":"https:\/\/www.europesays.com\/fr\/wp-json\/wp\/v2\/comments?post=455777"}],"version-history":[{"count":0,"href":"https:\/\/www.europesays.com\/fr\/wp-json\/wp\/v2\/posts\/455777\/revisions"}],"wp:featuredmedia":[{"embeddable":true,"href":"https:\/\/www.europesays.com\/fr\/wp-json\/wp\/v2\/media\/455778"}],"wp:attachment":[{"href":"https:\/\/www.europesays.com\/fr\/wp-json\/wp\/v2\/media?parent=455777"}],"wp:term":[{"taxonomy":"category","embeddable":true,"href":"https:\/\/www.europesays.com\/fr\/wp-json\/wp\/v2\/categories?post=455777"},{"taxonomy":"post_tag","embeddable":true,"href":"https:\/\/www.europesays.com\/fr\/wp-json\/wp\/v2\/tags?post=455777"}],"curies":[{"name":"wp","href":"https:\/\/api.w.org\/{rel}","templated":true}]}}