{"id":455783,"date":"2025-10-11T19:57:08","date_gmt":"2025-10-11T19:57:08","guid":{"rendered":"https:\/\/www.europesays.com\/fr\/455783\/"},"modified":"2025-10-11T19:57:08","modified_gmt":"2025-10-11T19:57:08","slug":"lactrice-americaine-oscarisee-diane-keaton-est-morte-a-79-ans","status":"publish","type":"post","link":"https:\/\/www.europesays.com\/fr\/455783\/","title":{"rendered":"L&rsquo;actrice am\u00e9ricaine oscaris\u00e9e Diane Keaton est morte \u00e0 79 ans"},"content":{"rendered":"<p>Diane Keaton, l&rsquo;actrice et r\u00e9alisatrice am\u00e9ricaine, est morte ce samedi 11 octobre \u00e0 l&rsquo;\u00e2ge de 79 ans. Elle avait re\u00e7u l&rsquo;Oscar de la meilleure actrice en 1978 pour son r\u00f4le dans \u00ab\u00a0Annie Hall\u00a0\u00bb.<\/p>\n<p>L&rsquo;actrice, r\u00e9alisatrice et productrice am\u00e9ricaine <a href=\"https:\/\/www.bfmtv.com\/people\/musique\/diane-keaton-invitee-du-prochain-clip-de-justin-bieber-ghost_AN-202110070246.html\" title=\"Diane Keaton invit\u00e9e du prochain clip de Justin Bieber, &quot;Ghost&quot;\" class=\"internal_link\" rel=\"nofollow noopener\" target=\"_blank\">Diane Keaton<\/a> est morte \u00e0 l&rsquo;\u00e2ge de 79 ans, a annonc\u00e9, ce samedi 11 octobre, un porte-parole de la famille au magazine People.<\/p>\n<p>En 1978, elle avait obtenu l&rsquo;Oscar de la meilleure actrice pour son r\u00f4le dans la com\u00e9die romantique Annie Hall. Trois autres nominations suivront, pour Reds, film sorti en 1981, Simples Secrets (1996), et Tout peut arriver (2003).<\/p>\n<p>Aucune autre pr\u00e9cision sur les circonstances de sa mort n&rsquo;ont \u00e9t\u00e9 r\u00e9v\u00e9l\u00e9es dans l&rsquo;imm\u00e9diat, a expliqu\u00e9 le magazine.<\/p>\n<p>Une longue carri\u00e8re<\/p>\n<p>Diane Keaton avait fait ses d\u00e9buts \u00e0 Hollywood dans Lune de miel aux orties, en 1970. Sa longue filmographie inclut un r\u00f4le dans Le Parrain, o\u00f9 elle joue la femme <a href=\"https:\/\/www.bfmtv.com\/people\/al-pacino-est-la-premiere-star-du-cinema-a-rencontrer-le-pape-leon-xiv_AN-202506160561.html\" title=\"Al Pacino est la premi\u00e8re star du cin\u00e9ma \u00e0 rencontrer le pape L\u00e9on XIV\" class=\"internal_link\" rel=\"nofollow noopener\" target=\"_blank\">d&rsquo;Al Pacino<\/a>, et de nombreux succ\u00e8s de <a href=\"https:\/\/www.bfmtv.com\/people\/cinema\/woody-allen-annonce-prendre-sa-retraite_AN-202209190154.html\" title=\"Woody Allen clarifie qu&#039;il &quot;n&#039;a aucune intention de prendre sa retraite&quot;\" class=\"internal_link\" rel=\"nofollow noopener\" target=\"_blank\">Woody Allen<\/a>, dont elle est rest\u00e9e l&rsquo;amie apr\u00e8s avoir longtemps \u00e9t\u00e9 la compagne, la muse et l&rsquo;actrice f\u00e9tiche.<\/p>\n<p>L&rsquo;actrice avait continu\u00e9 de jouer pass\u00e9 ses 70 ans, apparaissant notamment dans Le Book Club en 2018, o\u00f9 elle jouait un r\u00f4le de retrait\u00e9e, tout comme dans Poms en 2019.<\/p>\n<p>Dans un entretien \u00e0 l&rsquo;AFP \u00e0 l&rsquo;occasion de la sortie de ce dernier, Diane Keaton avait d\u00e9clar\u00e9 ne pas penser \u00e0 la vieillesse ou \u00e0 la retraite.<\/p>\n<blockquote class=\"embed embed_quote\"><p>\u00ab\u00a0Et si jamais plus personne ne m&rsquo;appelle (pour tourner), j&rsquo;ai plein de hobbies qui me passionnent pour occuper mon temps\u00a0\u00bb, avait-elle affirm\u00e9.<\/p><\/blockquote>\n<p>\u00ab\u00a0Je ne suis pas malheureuse\u00a0\u00bb<\/p>\n<p>Jamais mari\u00e9e, m\u00e8re de deux enfants adoptifs, elle avait dit \u00e9galement n&rsquo;avoir aucun regret, y compris dans sa vie personnelle.<\/p>\n<p>\u00ab\u00a0Je crois que je suis l&rsquo;une des rares femmes c\u00e9libataires de mon \u00e2ge \u00e0 avoir fait des films sans s&rsquo;\u00eatre mari\u00e9e, peut-\u00eatre que je suis une anomalie?\u00a0\u00bb, avait plaisant\u00e9 l&rsquo;actrice, qui a eu de longues histoires d&rsquo;amour avec des stars comme Warren Beatty et Al Pacino.<\/p>\n<p>\u00ab\u00a0Je ne suis pas malheureuse!\u00a0\u00bb, avait-elle conclu.<\/p>\n<p>Pour son dernier r\u00f4le au cin\u00e9ma, en 2024, Diane Keaton avait partag\u00e9 l&rsquo;affiche de \u00ab\u00a0Summer Camp\u00a0\u00bb avec Kathy Bates et Alfre Woodard.<\/p>\n","protected":false},"excerpt":{"rendered":"Diane Keaton, l&rsquo;actrice et r\u00e9alisatrice am\u00e9ricaine, est morte ce samedi 11 octobre \u00e0 l&rsquo;\u00e2ge de 79 ans. Elle&hellip;\n","protected":false},"author":2,"featured_media":455784,"comment_status":"","ping_status":"","sticky":false,"template":"","format":"standard","meta":{"footnotes":""},"categories":[8],"tags":[58,59,1011,27],"class_list":{"0":"post-455783","1":"post","2":"type-post","3":"status-publish","4":"format-standard","5":"has-post-thumbnail","7":"category-divertissement","8":"tag-divertissement","9":"tag-entertainment","10":"tag-fr","11":"tag-france"},"share_on_mastodon":{"url":"https:\/\/pubeurope.com\/@fr\/115357302515049315","error":""},"_links":{"self":[{"href":"https:\/\/www.europesays.com\/fr\/wp-json\/wp\/v2\/posts\/455783","targetHints":{"allow":["GET"]}}],"collection":[{"href":"https:\/\/www.europesays.com\/fr\/wp-json\/wp\/v2\/posts"}],"about":[{"href":"https:\/\/www.europesays.com\/fr\/wp-json\/wp\/v2\/types\/post"}],"author":[{"embeddable":true,"href":"https:\/\/www.europesays.com\/fr\/wp-json\/wp\/v2\/users\/2"}],"replies":[{"embeddable":true,"href":"https:\/\/www.europesays.com\/fr\/wp-json\/wp\/v2\/comments?post=455783"}],"version-history":[{"count":0,"href":"https:\/\/www.europesays.com\/fr\/wp-json\/wp\/v2\/posts\/455783\/revisions"}],"wp:featuredmedia":[{"embeddable":true,"href":"https:\/\/www.europesays.com\/fr\/wp-json\/wp\/v2\/media\/455784"}],"wp:attachment":[{"href":"https:\/\/www.europesays.com\/fr\/wp-json\/wp\/v2\/media?parent=455783"}],"wp:term":[{"taxonomy":"category","embeddable":true,"href":"https:\/\/www.europesays.com\/fr\/wp-json\/wp\/v2\/categories?post=455783"},{"taxonomy":"post_tag","embeddable":true,"href":"https:\/\/www.europesays.com\/fr\/wp-json\/wp\/v2\/tags?post=455783"}],"curies":[{"name":"wp","href":"https:\/\/api.w.org\/{rel}","templated":true}]}}